{"id":21044,"date":"2022-02-25T12:12:00","date_gmt":"2022-02-25T10:12:00","guid":{"rendered":"https:\/\/bisbalpenedes.com\/web\/?p=21044"},"modified":"2022-02-25T12:12:00","modified_gmt":"2022-02-25T10:12:00","slug":"lajuntament-de-la-bisbal-del-penedes-diu-no-a-la-guerra","status":"publish","type":"post","link":"https:\/\/bisbalpenedes.com\/web\/2022\/02\/25\/lajuntament-de-la-bisbal-del-penedes-diu-no-a-la-guerra\/","title":{"rendered":"L&#8217;Ajuntament de la Bisbal del Pened\u00e8s diu NO A LA GUERRA"},"content":{"rendered":"\n<p>L\u2019Ajuntament de la Bisbal del Pened\u00e8s se suma a la crida del municipalisme catal\u00e0 per reclamar l\u2019aturada de l\u2019atac rus sobre Ucra\u00efna i demanar una soluci\u00f3 pac\u00edfica al conflicte.<\/p>\n\n\n\n<p>Des d\u2019aqu\u00ed, volem traslladar tot el nostre suport i solidaritat als ve\u00efns ucra\u00efnesos del municipi davant d\u2019aquests moments de preocupaci\u00f3 i angoixa provocats pel conflicte.<\/p>\n\n\n\n<p>NO A LA GUERRA!<\/p>\n\n\n\n<hr class=\"wp-block-separator\"\/>\n\n\n\n<p>El Ayuntamiento de la Bisbal del Pened\u00e8s se suma al llamamiento para reclamar que cese el ataque ruso sobre Ucrania y pedir una soluci\u00f3n pac\u00edfica al conflicto.<\/p>\n\n\n\n<p>Desde aqu\u00ed, queremos trasladar todo nuestro apoyo y solidaridad a los vecinos ucranianos del municipio ante estos momentos de preocupaci\u00f3n y angustia provocados por el conflicto.<\/p>\n\n\n\n<p>\u00a1NO A LA GUERRA!<\/p>\n","protected":false},"excerpt":{"rendered":"<p>L\u2019Ajuntament de la Bisbal del Pened\u00e8s se suma a la crida del municipalisme catal\u00e0 per reclamar l\u2019aturada de l\u2019atac rus sobre Ucra\u00efna i demanar una soluci\u00f3 pac\u00edfica al conflicte. Des &hellip; <a href=\"https:\/\/bisbalpenedes.com\/web\/2022\/02\/25\/lajuntament-de-la-bisbal-del-penedes-diu-no-a-la-guerra\/\" class=\"more-link\">Read More<\/a><\/p>\n","protected":false},"author":4,"featured_media":21045,"comment_status":"closed","ping_status":"closed","sticky":false,"template":"","format":"standard","meta":[],"categories":[2402,8],"tags":[5108,393,5106,373,5107],"_links":{"self":[{"href":"https:\/\/bisbalpenedes.com\/web\/wp-json\/wp\/v2\/posts\/21044"}],"collection":[{"href":"https:\/\/bisbalpenedes.com\/web\/wp-json\/wp\/v2\/posts"}],"about":[{"href":"https:\/\/bisbalpenedes.com\/web\/wp-json\/wp\/v2\/types\/post"}],"author":[{"embeddable":true,"href":"https:\/\/bisbalpenedes.com\/web\/wp-json\/wp\/v2\/users\/4"}],"replies":[{"embeddable":true,"href":"https:\/\/bisbalpenedes.com\/web\/wp-json\/wp\/v2\/comments?post=21044"}],"version-history":[{"count":1,"href":"https:\/\/bisbalpenedes.com\/web\/wp-json\/wp\/v2\/posts\/21044\/revisions"}],"predecessor-version":[{"id":21046,"href":"https:\/\/bisbalpenedes.com\/web\/wp-json\/wp\/v2\/posts\/21044\/revisions\/21046"}],"wp:featuredmedia":[{"embeddable":true,"href":"https:\/\/bisbalpenedes.com\/web\/wp-json\/wp\/v2\/media\/21045"}],"wp:attachment":[{"href":"https:\/\/bisbalpenedes.com\/web\/wp-json\/wp\/v2\/media?parent=21044"}],"wp:term":[{"taxonomy":"category","embeddable":true,"href":"https:\/\/bisbalpenedes.com\/web\/wp-json\/wp\/v2\/categories?post=21044"},{"taxonomy":"post_tag","embeddable":true,"href":"https:\/\/bisbalpenedes.com\/web\/wp-json\/wp\/v2\/tags?post=21044"}],"curies":[{"name":"wp","href":"https:\/\/api.w.org\/{rel}","templated":true}]}}