{"id":21036,"date":"2022-02-25T11:51:12","date_gmt":"2022-02-25T09:51:12","guid":{"rendered":"https:\/\/bisbalpenedes.com\/web\/?p=21036"},"modified":"2022-02-25T11:51:12","modified_gmt":"2022-02-25T09:51:12","slug":"aquest-dijous-24-de-febrer-ha-tingut-lloc-un-ple-extraordinari-a-lajuntament-de-la-bisbal-del-penedes","status":"publish","type":"post","link":"https:\/\/bisbalpenedes.com\/web\/2022\/02\/25\/aquest-dijous-24-de-febrer-ha-tingut-lloc-un-ple-extraordinari-a-lajuntament-de-la-bisbal-del-penedes\/","title":{"rendered":"Aquest dijous 24 de febrer ha tingut lloc un Ple extraordinari a l\u2019Ajuntament de la Bisbal del Pened\u00e8s"},"content":{"rendered":"\n<p>Aquest dilluns 24 de febrer s\u2019ha celebrat un Ple extraordinari a l\u2019Ajuntament de la Bisbal del Pened\u00e8s. El Ple ha comptat amb l\u2019assist\u00e8ncia dels 6 regidors de Comprom\u00eds amb la Bisbal, 1 regidor del PSC, 1 regidor d\u2019Units-FIC, 1 regidora d\u2019Ara la Bisbal i 1 regidora d\u2019ERC-AM. S\u2019ha disculpat l\u2019assist\u00e8ncia del regidor del PSC Daniel Caballero.<\/p>\n\n\n\n<figure class=\"wp-block-embed is-type-video is-provider-youtube wp-block-embed-youtube wp-embed-aspect-16-9 wp-has-aspect-ratio\"><div class=\"wp-block-embed__wrapper\">\n<iframe loading=\"lazy\" title=\"Ajuntament de la Bisbal del Pened\u00e8s. Ple extraordinari de 24 de febrer de 2022\" width=\"1170\" height=\"658\" src=\"https:\/\/www.youtube.com\/embed\/SaIdTeiX5-I?feature=oembed\" frameborder=\"0\" allow=\"accelerometer; autoplay; clipboard-write; encrypted-media; gyroscope; picture-in-picture\" allowfullscreen><\/iframe>\n<\/div><\/figure>\n\n\n\n<p>S\u2019hi ha tractat el punt seg\u00fcent:<\/p>\n\n\n\n<p><strong>1.-Aprovaci\u00f3 inicial de la modificaci\u00f3 puntual de les Normes Subsidi\u00e0ries de planejament: modificar la parcel\u00b7la m\u00ednima de la subzona 28b, passant de 10.000m2 a 4.000m2.<\/strong><\/p>\n\n\n\n<p>S\u2019ha aprovat amb els vots a favor de Comprom\u00eds amb la Bisbal (6), els vots en contra del PSC (1), Units per la Bisbal-FIC (1) i ERC-AM (1) i l\u2019abstenci\u00f3 d\u2019Ara la Bisbal (1)<\/p>\n\n\n\n<p>L\u2019alcaldessa i responsable de l\u2019\u00e0rea d\u2019Urbanisme proposava aprovar aquest canvi perqu\u00e8 les NNSS contemplen la clau 28 amb dues zones: clau 28a i clau 28b. Els usos que es poden fer en la clau 28a s\u00f3n ind\u00fastria i log\u00edstica i els de la clau 28b s\u00f3n celler, hoteler i restauraci\u00f3. L\u2019alcaldessa ha explicat que <em>\u201chi ha dues parcel\u00b7les qualificades per la clau 28b amb superf\u00edcies de 11.981 i 10.000m2 i que, actualment, a la parecel\u00b7la de 10.000m2 no hi ha cap edificaci\u00f3 i a la parcel\u00b7la d\u201911.981m2 hi ha el restaurant Mas les Planes, amb una superf\u00edcie constru\u00efda de 1.096m2\u201d.<\/em><\/p>\n\n\n\n<p>Aquesta modificaci\u00f3 afecta l\u2019apartat 3 de l\u2019article 176.bis del Text ref\u00f3s de les NNSS que diu \u201cparcel\u00b7la m\u00ednima (subzona 28a i 28b) de 10.000m2 de s\u00f2l\u201d i passar\u00e0 a dir \u201cparcel\u00b7la m\u00ednima de 10.000m2 de s\u00f2l per a la subzona 28a i 4.000m2 de s\u00f2l per a la subzona 28b\u201d.<\/p>\n\n\n\n<p>La modificaci\u00f3 de la parcel\u00b7la m\u00ednima d\u2019aquestes dues parcel\u00b7les s\u2019ha justificat amb els seg\u00fcents motius:<\/p>\n\n\n\n<p>\u201cPRIMER: l\u2019\u00fas de celler i restauraci\u00f3 no requereixen els mateixos par\u00e0metres de parcel\u00b7la m\u00ednima que els usos industrial i log\u00edstic, i \u00e9s el que corregim en aquesta modificaci\u00f3. Disminuir la parcel\u00b7la m\u00ednima de l\u2019\u00fas de celler i restaurant a 4.000m2, que li permet incrementar de forma raonable el sostre de l\u2019actual \u00fas, mantenint la seva viabilitat futura.<\/p>\n\n\n\n<p>SEGON: actualment, hi ha una gran demanda de naus log\u00edstiques en superf\u00edcies grans de parcel\u00b7la, amb molt volum d\u2019emmagatzematge. Amb aquesta modificaci\u00f3 es pot fer un segon pas per ampliar una nau log\u00edstica que actualment est\u00e0 en construcci\u00f3\u201d.<\/p>\n\n\n\n<p>Ara, caldr\u00e0 sotmetre la modificaci\u00f3 puntual a informaci\u00f3 p\u00fablica durant el termini d\u2019un mes des de l\u2019anunci al BOPT, al tauler d\u2019edictes de l\u2019Ajuntament i en un dels diaris de premsa peri\u00f2dica de m\u00e9s divulgaci\u00f3 en l\u2019\u00e0mbit municipal, a efectes de presentaci\u00f3 de possibles al\u00b7legacions. D\u2019altra banda, tamb\u00e9 s\u2019hauran de sol\u00b7licitar diferents informes sectorials, tal com indica l\u2019article 85.5 del Text ref\u00f3s de la Llei d\u2019Urbanisme.<\/p>\n\n\n\n<p>Pr\u00e8viament a aquesta aprovaci\u00f3, el setembre de 2021 l\u2019Ajuntament de la Bisbal del Pened\u00e8s va sol\u00b7licitar informe a l\u2019Oficina Territorial d\u2019Acci\u00f3 i Avaluaci\u00f3 Ambiental de Tarragona (OTAATA) sobre el tr\u00e0mit ambiental i l\u2019exist\u00e8ncia d\u2019efectes significatius en el medi ambient de la Modificaci\u00f3 Puntual. El novembre de 2021 l\u2019Ajuntament va rebre l\u2019informe favorable d\u2019aquesta entitat, ja que \u201caquesta modificaci\u00f3 puntual afecta nom\u00e9s a s\u00f2l urb\u00e0 i no t\u00e9 efectes significatius sobre el medi ambient. Per tant, la modificaci\u00f3 no est\u00e0 subjecta al tr\u00e0mit d\u2019avaluaci\u00f3 ambiental estrat\u00e8gica, ni ordin\u00e0ria, ni simplificada\u201d.<\/p>\n\n\n\n<p>L\u2019alcaldessa ha explicat que aquesta proposta \u00e9s un pas previ per a l\u2019aprovaci\u00f3 de la proposta de la propera Junta de Govern -prevista per al dilluns 28 de febrer de 2022- de modificaci\u00f3 de reordenaci\u00f3 del PPU (Pla Parcial Urban\u00edstic) del pol\u00edgon Les Planes Baixes: <em>\u201cl\u2019objectiu d\u2019aquesta modificaci\u00f3 del PPU \u00e9s disposar de m\u00e9s superf\u00edcie de s\u00f2l urb\u00e0 en continu\u00eftat amb la nau log\u00edstica que actualment est\u00e0 en construcci\u00f3 i tamb\u00e9 de redistribuci\u00f3 del vial i la parcel\u00b7la, sense modificar el total de parcel\u00b7les industrials ni de vials. Amb la proposta d\u2019avui al Ple d\u2019iniciar la modificaci\u00f3 de parcel\u00b7la m\u00ednima a la clau 28b -on hi ha el restaurant- passant de 10.000m2 a 4.000m2 de parcel\u00b7la m\u00ednima, la parcel\u00b7la de clau 28b on hi ha el restaurant, passar\u00e0 a ser de 4.994,13m2. La parcel\u00b7la UZ-04 que ara t\u00e9 35.499,10m2, on s\u2019hi est\u00e0 construint una nova nau log\u00edstica, passar\u00e0 a tenir una superf\u00edcie de 52.536,21m2 amb la modificaci\u00f3 que s\u2019aprovar\u00e0 en la Junta de Govern. Aix\u00f2 suposa que inclogui part del carrer i, per compensar-ho i que continu\u00ef havent-hi els mateixos m2 de vial, es faran 4.459,51m2 de vial sobre la parcel\u00b7la del restaurant. D\u2019aquesta manera, quedar\u00e0 espai viari per aparcar i maniobrar\u201d.<\/em><\/p>\n\n\n\n<figure class=\"wp-block-image size-large\"><img loading=\"lazy\" width=\"1024\" height=\"819\" src=\"https:\/\/bisbalpenedes.com\/web\/wp-content\/uploads\/2022\/02\/IMATGE-PA\u0300GINA-6-1024x819.png\" alt=\"\" class=\"wp-image-21037\" srcset=\"https:\/\/bisbalpenedes.com\/web\/wp-content\/uploads\/2022\/02\/IMATGE-PA\u0300GINA-6-1024x819.png 1024w, https:\/\/bisbalpenedes.com\/web\/wp-content\/uploads\/2022\/02\/IMATGE-PA\u0300GINA-6-600x480.png 600w, https:\/\/bisbalpenedes.com\/web\/wp-content\/uploads\/2022\/02\/IMATGE-PA\u0300GINA-6-300x240.png 300w, https:\/\/bisbalpenedes.com\/web\/wp-content\/uploads\/2022\/02\/IMATGE-PA\u0300GINA-6-768x615.png 768w, https:\/\/bisbalpenedes.com\/web\/wp-content\/uploads\/2022\/02\/IMATGE-PA\u0300GINA-6-1536x1229.png 1536w, https:\/\/bisbalpenedes.com\/web\/wp-content\/uploads\/2022\/02\/IMATGE-PA\u0300GINA-6.png 1812w\" sizes=\"(max-width: 1024px) 100vw, 1024px\" \/><\/figure>\n\n\n\n<figure class=\"wp-block-image size-large\"><img loading=\"lazy\" width=\"1024\" height=\"876\" src=\"https:\/\/bisbalpenedes.com\/web\/wp-content\/uploads\/2022\/02\/IMATGE-PA\u0300G-7-ORDENACIO\u0301-VIGENT-1024x876.png\" alt=\"\" class=\"wp-image-21038\" srcset=\"https:\/\/bisbalpenedes.com\/web\/wp-content\/uploads\/2022\/02\/IMATGE-PA\u0300G-7-ORDENACIO\u0301-VIGENT-1024x876.png 1024w, https:\/\/bisbalpenedes.com\/web\/wp-content\/uploads\/2022\/02\/IMATGE-PA\u0300G-7-ORDENACIO\u0301-VIGENT-600x513.png 600w, https:\/\/bisbalpenedes.com\/web\/wp-content\/uploads\/2022\/02\/IMATGE-PA\u0300G-7-ORDENACIO\u0301-VIGENT-300x257.png 300w, https:\/\/bisbalpenedes.com\/web\/wp-content\/uploads\/2022\/02\/IMATGE-PA\u0300G-7-ORDENACIO\u0301-VIGENT-768x657.png 768w, https:\/\/bisbalpenedes.com\/web\/wp-content\/uploads\/2022\/02\/IMATGE-PA\u0300G-7-ORDENACIO\u0301-VIGENT-1536x1314.png 1536w, https:\/\/bisbalpenedes.com\/web\/wp-content\/uploads\/2022\/02\/IMATGE-PA\u0300G-7-ORDENACIO\u0301-VIGENT.png 1574w\" sizes=\"(max-width: 1024px) 100vw, 1024px\" \/><\/figure>\n\n\n\n<figure class=\"wp-block-image size-large\"><img loading=\"lazy\" width=\"1024\" height=\"790\" src=\"https:\/\/bisbalpenedes.com\/web\/wp-content\/uploads\/2022\/02\/IMATGE-PA\u0300G-7-MODIFICACIO\u0301-PUNTUAL-1024x790.png\" alt=\"\" class=\"wp-image-21039\" srcset=\"https:\/\/bisbalpenedes.com\/web\/wp-content\/uploads\/2022\/02\/IMATGE-PA\u0300G-7-MODIFICACIO\u0301-PUNTUAL-1024x790.png 1024w, https:\/\/bisbalpenedes.com\/web\/wp-content\/uploads\/2022\/02\/IMATGE-PA\u0300G-7-MODIFICACIO\u0301-PUNTUAL-600x463.png 600w, https:\/\/bisbalpenedes.com\/web\/wp-content\/uploads\/2022\/02\/IMATGE-PA\u0300G-7-MODIFICACIO\u0301-PUNTUAL-300x231.png 300w, https:\/\/bisbalpenedes.com\/web\/wp-content\/uploads\/2022\/02\/IMATGE-PA\u0300G-7-MODIFICACIO\u0301-PUNTUAL-768x593.png 768w, https:\/\/bisbalpenedes.com\/web\/wp-content\/uploads\/2022\/02\/IMATGE-PA\u0300G-7-MODIFICACIO\u0301-PUNTUAL-1536x1185.png 1536w, https:\/\/bisbalpenedes.com\/web\/wp-content\/uploads\/2022\/02\/IMATGE-PA\u0300G-7-MODIFICACIO\u0301-PUNTUAL.png 1576w\" sizes=\"(max-width: 1024px) 100vw, 1024px\" \/><\/figure>\n\n\n\n<hr class=\"wp-block-separator\"\/>\n\n\n\n<p><strong>CASTELLANO |<\/strong> Este lunes 24 de febrero se ha celebrado un Pleno extraordinario en el Ayuntamiento de la Bisbal del Pened\u00e8s. El Pleno ha contado con la asistencia de los 6 concejales de Comprom\u00eds amb la Bisbal, 1 concejal del PSC, 1 concejal de Units-FIC, 1 concejala de Ara la Bisbal y 1 concejala de ERC-AM. Se ha disculpado la asistencia del concejal del PSC Daniel Caballero.<\/p>\n\n\n\n<figure class=\"wp-block-embed is-type-video is-provider-youtube wp-block-embed-youtube wp-embed-aspect-16-9 wp-has-aspect-ratio\"><div class=\"wp-block-embed__wrapper\">\n<iframe loading=\"lazy\" title=\"Ajuntament de la Bisbal del Pened\u00e8s. Ple extraordinari de 24 de febrer de 2022\" width=\"1170\" height=\"658\" src=\"https:\/\/www.youtube.com\/embed\/SaIdTeiX5-I?feature=oembed\" frameborder=\"0\" allow=\"accelerometer; autoplay; clipboard-write; encrypted-media; gyroscope; picture-in-picture\" allowfullscreen><\/iframe>\n<\/div><\/figure>\n\n\n\n<p>Se ha tratado el punto siguiente:<\/p>\n\n\n\n<p><strong>1.-Aprobaci\u00f3n inicial de la modificaci\u00f3n puntual de las Normas Subsidiarias de planeamiento: modificar la parcela m\u00ednima de la subzona 28b, pasando de 10.000m2 a 4.000m2.<\/strong><\/p>\n\n\n\n<p>Se ha aprobado con los votos a favor de Comprom\u00eds amb la Bisbal (6), los votos en contra del PSC (1), Units per la Bisbal-FIC (1) y ERC-AM (1) y la abstenci\u00f3n de Ara la Bisbal (1).<\/p>\n\n\n\n<p>La alcaldesa y responsable del \u00e1rea de Urbanismo propon\u00eda aprobar este cambio porque las NNSS contemplan la clave 28 con dos zonas: clave 28a y clave 28b. Los usos que se pueden hacer en la clave 28a son industria y log\u00edstica y los de la clave 28b son bodega, hotelero y restauraci\u00f3n. La alcaldesa ha explicado que <em>\u201chay dos parcelas cualificadas por la clave 28b con superficies de 11.981 y 10.000m2 y que, actualmente, en la parcela de 10.000m2 no hay ninguna edificaci\u00f3n y en la parcela de 11.981m2 est\u00e1 el restaurante Mas de les Planes, con una superficie construida de 1.096m2\u201d.<\/em><\/p>\n\n\n\n<p>Esta modificaci\u00f3n afecta al apartado 3 del art\u00edculo 176.bis del Texto refundido de las NNSS que dice \u201cparcela m\u00ednima (subzona 28a y 28b) de 10.000m2 de sol\u201d y pasar\u00e1 a decir \u201cparcela m\u00ednima de 10.000m2 de sol para la subzona 28a y 4.000m2 de sol para la subzona 28b\u201d.<\/p>\n\n\n\n<p>La modificaci\u00f3n de la parcela m\u00ednima de estas dos parcelas se ha justificado con los siguientes motivos:<\/p>\n\n\n\n<p>\u201cPRIMERO: el uso de bodega y restauraci\u00f3n no requieren los mismos par\u00e1metros de parcela m\u00ednima que los usos industrial y log\u00edstico, y es lo que corregimos en esta modificaci\u00f3n. Disminuir la parcela m\u00ednima del uso de bodega y restaurante a 4.000m2, que le permite incrementar de forma razonable el techo del actual uso, manteniendo su viabilidad futura\u201d.<\/p>\n\n\n\n<p>SEGUNDO: actualmente, hay una gran demanda de naves log\u00edsticas en superficies grandes de parcela, con mucho volumen de almacenaje. Con esta modificaci\u00f3n se puede hacer un segundo paso para ampliar una nave log\u00edstica que actualmente est\u00e1 en construcci\u00f3n\u201d.<\/p>\n\n\n\n<p>Ahora, habr\u00e1 que someter la modificaci\u00f3n puntual a informaci\u00f3n p\u00fablica durante el plazo de un mes desde el anuncio en el BOPT, en el tabl\u00f3n de edictos del Ayuntamiento y en uno de los diarios de prensa peri\u00f3dica de m\u00e1s divulgaci\u00f3n en el \u00e1mbito municipal, a efectos de presentaci\u00f3n de posibles alegaciones. Por otro lado, tambi\u00e9n se tendr\u00e1n que solicitar distintos informes sectoriales, tal como indica el art\u00edculo 85.5 del Texto refundido de la Ley de Urbanismo.<\/p>\n\n\n\n<p>Previamente a esta modificaci\u00f3n, en septiembre del 2021 el Ayuntamiento de la Bisbal del Pened\u00e8s solicit\u00f3 informe a la Oficina Territorial de Acci\u00f3n y Evaluaci\u00f3n Ambiental de Tarragona (OTAATA) sobre el tr\u00e1mite ambiental y la existencia de efectos significativos en el medio ambiente por la Modificaci\u00f3n Puntual. En noviembre de 2021 el Ayuntamiento recibi\u00f3 el informe favorable de esta entidad, ya que \u201cesta modificaci\u00f3n puntual afecta solamente a suelo urbano y no tiene efectos significativos sobre el medio ambiente. Por tanto, la modificaci\u00f3n no est\u00e1 sujeta al tr\u00e1mite de evaluaci\u00f3n ambiental estrat\u00e9gica, ni ordinaria, ni simplificada\u201d.<\/p>\n\n\n\n<p>La alcaldesa ha explicado que esta propuesta es un paso previo para la aprobaci\u00f3n de la propuesta de la pr\u00f3xima Junta de Gobierno -prevista para el lunes 28 de febrero de 2022- de modificaci\u00f3n de reordenaci\u00f3n del PPU (Plan Parcial Urban\u00edstico) del pol\u00edgono Les Planes Baixes: <em>\u201cel objetivo de esta modificaci\u00f3n del PPU es disponer de m\u00e1s superficie de suelo urbano en continuidad con la nave log\u00edstica que actualmente est\u00e1 en construcci\u00f3n y tambi\u00e9n de redistribuci\u00f3n del vial y la parcela, sin modificar el total de parcelas industriales ni de viales. Con la propuesta de hoy en el Pleno de iniciar la modificaci\u00f3n de parcela m\u00ednima en la clave 28b -donde est\u00e1 el restaurante- pasando de 10.000m2 a 4.000m2 de parcela m\u00ednima, la parcela de clave 28b donde est\u00e1 el restaurante, pasar\u00e1 a ser de 4.994,13m2. La parcela UZ-04 que ahora tiene 35.499,10m2, donde se est\u00e1 construyendo una nueva nave log\u00edstica, pasar\u00e1 a tener una superficie de 52.536,21m2 con la modificaci\u00f3n que se aprobar\u00e1 en la Junta de Gobierno. Esto supone que incluya parte de la calle y, para compensarlo y que siga habiendo los mismos m2 de vial, se har\u00e1n 4.459,51m2 de vial sobre la parcela del restaurante. De esta manera, quedar\u00e1 espacio viario para aparcar y maniobrar\u201d.<\/em><\/p>\n","protected":false},"excerpt":{"rendered":"<p>Aquest dilluns 24 de febrer s\u2019ha celebrat un Ple extraordinari a l\u2019Ajuntament de la Bisbal del Pened\u00e8s. El Ple ha comptat amb l\u2019assist\u00e8ncia dels 6 regidors de Comprom\u00eds amb la &hellip; <a href=\"https:\/\/bisbalpenedes.com\/web\/2022\/02\/25\/aquest-dijous-24-de-febrer-ha-tingut-lloc-un-ple-extraordinari-a-lajuntament-de-la-bisbal-del-penedes\/\" class=\"more-link\">Read More<\/a><\/p>\n","protected":false},"author":4,"featured_media":21040,"comment_status":"closed","ping_status":"closed","sticky":false,"template":"","format":"standard","meta":[],"categories":[8,2250,15],"tags":[393,5092,423,446],"_links":{"self":[{"href":"https:\/\/bisbalpenedes.com\/web\/wp-json\/wp\/v2\/posts\/21036"}],"collection":[{"href":"https:\/\/bisbalpenedes.com\/web\/wp-json\/wp\/v2\/posts"}],"about":[{"href":"https:\/\/bisbalpenedes.com\/web\/wp-json\/wp\/v2\/types\/post"}],"author":[{"embeddable":true,"href":"https:\/\/bisbalpenedes.com\/web\/wp-json\/wp\/v2\/users\/4"}],"replies":[{"embeddable":true,"href":"https:\/\/bisbalpenedes.com\/web\/wp-json\/wp\/v2\/comments?post=21036"}],"version-history":[{"count":2,"href":"https:\/\/bisbalpenedes.com\/web\/wp-json\/wp\/v2\/posts\/21036\/revisions"}],"predecessor-version":[{"id":21042,"href":"https:\/\/bisbalpenedes.com\/web\/wp-json\/wp\/v2\/posts\/21036\/revisions\/21042"}],"wp:featuredmedia":[{"embeddable":true,"href":"https:\/\/bisbalpenedes.com\/web\/wp-json\/wp\/v2\/media\/21040"}],"wp:attachment":[{"href":"https:\/\/bisbalpenedes.com\/web\/wp-json\/wp\/v2\/media?parent=21036"}],"wp:term":[{"taxonomy":"category","embeddable":true,"href":"https:\/\/bisbalpenedes.com\/web\/wp-json\/wp\/v2\/categories?post=21036"},{"taxonomy":"post_tag","embeddable":true,"href":"https:\/\/bisbalpenedes.com\/web\/wp-json\/wp\/v2\/tags?post=21036"}],"curies":[{"name":"wp","href":"https:\/\/api.w.org\/{rel}","templated":true}]}}