{"id":21031,"date":"2022-02-24T13:00:00","date_gmt":"2022-02-24T11:00:00","guid":{"rendered":"https:\/\/bisbalpenedes.com\/web\/?p=21031"},"modified":"2022-02-23T14:01:44","modified_gmt":"2022-02-23T12:01:44","slug":"jove-demana-hora-per-rebre-assessorament-academic-o-professional-el-dijous-3-de-marc-a-la-bisbal","status":"publish","type":"post","link":"https:\/\/bisbalpenedes.com\/web\/2022\/02\/24\/jove-demana-hora-per-rebre-assessorament-academic-o-professional-el-dijous-3-de-marc-a-la-bisbal\/","title":{"rendered":"Jove! Demana hora per rebre assessorament acad\u00e8mic o professional el dijous 3 de mar\u00e7 a la Bisbal"},"content":{"rendered":"\n<p>Jove! Si no saps cap a on va el teu futur acad\u00e8mic o professional o tens dubtes al respecte&#8230; demana cita per rebre assessorament acad\u00e8mic! El dijous 3 de mar\u00e7, de 16h a 19h, una t\u00e8cnica de l&#8217;Oficina Jove Baix Pened\u00e8s (OJBP) t&#8217;atendr\u00e0 al Centre Municipal de Cultura (CMC). Aix\u00ed, podr\u00e0s resoldre els teus dubtes acad\u00e8mics i professionals a la Bisbal.<\/p>\n\n\n\n<p>Pots demanar cita a trav\u00e9s del correu electr\u00f2nic: <a href=\"mailto:ocupacio@bisbalpenedes.com\" target=\"_blank\" rel=\"noreferrer noopener\">ocupacio@bisbalpenedes.com<\/a> o trucant al 977688438.<\/p>\n\n\n\n<p>&#8212;<\/p>\n\n\n\n<p>\u00a1Joven! Si no sabes hacia d\u00f3nde va tu futuro acad\u00e9mico o profesional o tienes dudas al respecto&#8230; \u00a1Pide cita para recibir asesoramiento acad\u00e9mico! El jueves 3 de marzo, de 16h a 19h, una t\u00e9cnica de la Oficina Jove Baix Pened\u00e8s (OJBP) te atender\u00e1 en el Centre Municipal de Cultura (CMC). As\u00ed, podr\u00e1s resolver todas tus dudas acad\u00e9micas y profesionales en la Bisbal.<\/p>\n\n\n\n<p>Puedes pedir hora a trav\u00e9s del correo electr\u00f3nico: <a href=\"mailto:ocupacio@bisbalpenedes.com\" target=\"_blank\" rel=\"noreferrer noopener\">ocupacio@bisbalpenedes.com<\/a> o llamando al 977688438.<\/p>\n","protected":false},"excerpt":{"rendered":"<p>Jove! Si no saps cap a on va el teu futur acad\u00e8mic o professional o tens dubtes al respecte&#8230; demana cita per rebre assessorament acad\u00e8mic! El dijous 3 de mar\u00e7, &hellip; <a href=\"https:\/\/bisbalpenedes.com\/web\/2022\/02\/24\/jove-demana-hora-per-rebre-assessorament-academic-o-professional-el-dijous-3-de-marc-a-la-bisbal\/\" class=\"more-link\">Read More<\/a><\/p>\n","protected":false},"author":4,"featured_media":21032,"comment_status":"closed","ping_status":"closed","sticky":false,"template":"","format":"standard","meta":[],"categories":[3456,4269,8],"tags":[5104,5103,12,5105,1057,271],"_links":{"self":[{"href":"https:\/\/bisbalpenedes.com\/web\/wp-json\/wp\/v2\/posts\/21031"}],"collection":[{"href":"https:\/\/bisbalpenedes.com\/web\/wp-json\/wp\/v2\/posts"}],"about":[{"href":"https:\/\/bisbalpenedes.com\/web\/wp-json\/wp\/v2\/types\/post"}],"author":[{"embeddable":true,"href":"https:\/\/bisbalpenedes.com\/web\/wp-json\/wp\/v2\/users\/4"}],"replies":[{"embeddable":true,"href":"https:\/\/bisbalpenedes.com\/web\/wp-json\/wp\/v2\/comments?post=21031"}],"version-history":[{"count":1,"href":"https:\/\/bisbalpenedes.com\/web\/wp-json\/wp\/v2\/posts\/21031\/revisions"}],"predecessor-version":[{"id":21033,"href":"https:\/\/bisbalpenedes.com\/web\/wp-json\/wp\/v2\/posts\/21031\/revisions\/21033"}],"wp:featuredmedia":[{"embeddable":true,"href":"https:\/\/bisbalpenedes.com\/web\/wp-json\/wp\/v2\/media\/21032"}],"wp:attachment":[{"href":"https:\/\/bisbalpenedes.com\/web\/wp-json\/wp\/v2\/media?parent=21031"}],"wp:term":[{"taxonomy":"category","embeddable":true,"href":"https:\/\/bisbalpenedes.com\/web\/wp-json\/wp\/v2\/categories?post=21031"},{"taxonomy":"post_tag","embeddable":true,"href":"https:\/\/bisbalpenedes.com\/web\/wp-json\/wp\/v2\/tags?post=21031"}],"curies":[{"name":"wp","href":"https:\/\/api.w.org\/{rel}","templated":true}]}}