{"id":21028,"date":"2022-02-25T13:00:00","date_gmt":"2022-02-25T11:00:00","guid":{"rendered":"https:\/\/bisbalpenedes.com\/web\/?p=21028"},"modified":"2022-02-23T13:59:53","modified_gmt":"2022-02-23T11:59:53","slug":"xerrada-dorientacio-academica-i-professional-i-despres-de-leso-que-dilluns-7-de-marc-a-les-18h-a-linstitut-coster-de-la-torre","status":"publish","type":"post","link":"https:\/\/bisbalpenedes.com\/web\/2022\/02\/25\/xerrada-dorientacio-academica-i-professional-i-despres-de-leso-que-dilluns-7-de-marc-a-les-18h-a-linstitut-coster-de-la-torre\/","title":{"rendered":"Xerrada d&#8217;orientaci\u00f3 acad\u00e8mica i professional &#8216;I despr\u00e9s de l&#8217;ESO, qu\u00e8? &#8211; Dilluns 7 de mar\u00e7 a les 18h a l&#8217;Institut Coster de la Torre"},"content":{"rendered":"\n<p>Jove! Ja saps qu\u00e8 far\u00e0s quan acabis l&#8217;ESO? Encara no? No pateixis!&nbsp;<\/p>\n\n\n\n<p>Vine a la xerrada d&#8217;orientaci\u00f3 acad\u00e8mica i professional que es far\u00e0 el dilluns 7 de mar\u00e7, a les 18h, a l&#8217;Institut Coster de la Torre. Est\u00e0 adre\u00e7ada a alumnes de 3r i 4t d&#8217;ESO i a pares, mares i tutors\/es d&#8217;alumnes.&nbsp;<\/p>\n\n\n\n<hr class=\"wp-block-separator\"\/>\n\n\n\n<p> \u00a1Joven! \u00bfYa sabes que har\u00e1s cuando termines la ESO? \u00bfTodav\u00eda no? \u00a1No te preocupes!\u00a0<\/p>\n\n\n\n<p>Ven a la charla de orientaci\u00f3n acad\u00e9mica y profesional que se har\u00e1 el lunes 7 de marzo, a las 18h, en el Institut Coster de la Torre. Est\u00e1 dirigida a alumnos de 3\u00ba y 4\u00ba de ESO y a padres, madres y tutores\/as de alumnos.<\/p>\n","protected":false},"excerpt":{"rendered":"<p>Jove! Ja saps qu\u00e8 far\u00e0s quan acabis l&#8217;ESO? Encara no? No pateixis!&nbsp; Vine a la xerrada d&#8217;orientaci\u00f3 acad\u00e8mica i professional que es far\u00e0 el dilluns 7 de mar\u00e7, a les &hellip; <a href=\"https:\/\/bisbalpenedes.com\/web\/2022\/02\/25\/xerrada-dorientacio-academica-i-professional-i-despres-de-leso-que-dilluns-7-de-marc-a-les-18h-a-linstitut-coster-de-la-torre\/\" class=\"more-link\">Read More<\/a><\/p>\n","protected":false},"author":4,"featured_media":21029,"comment_status":"closed","ping_status":"closed","sticky":false,"template":"","format":"standard","meta":[],"categories":[3456,4269,8],"tags":[2815,1475,1057,393,5101,5102,5100],"_links":{"self":[{"href":"https:\/\/bisbalpenedes.com\/web\/wp-json\/wp\/v2\/posts\/21028"}],"collection":[{"href":"https:\/\/bisbalpenedes.com\/web\/wp-json\/wp\/v2\/posts"}],"about":[{"href":"https:\/\/bisbalpenedes.com\/web\/wp-json\/wp\/v2\/types\/post"}],"author":[{"embeddable":true,"href":"https:\/\/bisbalpenedes.com\/web\/wp-json\/wp\/v2\/users\/4"}],"replies":[{"embeddable":true,"href":"https:\/\/bisbalpenedes.com\/web\/wp-json\/wp\/v2\/comments?post=21028"}],"version-history":[{"count":1,"href":"https:\/\/bisbalpenedes.com\/web\/wp-json\/wp\/v2\/posts\/21028\/revisions"}],"predecessor-version":[{"id":21030,"href":"https:\/\/bisbalpenedes.com\/web\/wp-json\/wp\/v2\/posts\/21028\/revisions\/21030"}],"wp:featuredmedia":[{"embeddable":true,"href":"https:\/\/bisbalpenedes.com\/web\/wp-json\/wp\/v2\/media\/21029"}],"wp:attachment":[{"href":"https:\/\/bisbalpenedes.com\/web\/wp-json\/wp\/v2\/media?parent=21028"}],"wp:term":[{"taxonomy":"category","embeddable":true,"href":"https:\/\/bisbalpenedes.com\/web\/wp-json\/wp\/v2\/categories?post=21028"},{"taxonomy":"post_tag","embeddable":true,"href":"https:\/\/bisbalpenedes.com\/web\/wp-json\/wp\/v2\/tags?post=21028"}],"curies":[{"name":"wp","href":"https:\/\/api.w.org\/{rel}","templated":true}]}}