{"id":21025,"date":"2022-02-24T11:00:00","date_gmt":"2022-02-24T09:00:00","guid":{"rendered":"https:\/\/bisbalpenedes.com\/web\/?p=21025"},"modified":"2022-02-23T13:36:24","modified_gmt":"2022-02-23T11:36:24","slug":"entrevista-a-lalcaldessa-agnes-ferre-sobre-temes-municipals-al-programa-de-televisio-ull-al-dia-detv","status":"publish","type":"post","link":"https:\/\/bisbalpenedes.com\/web\/2022\/02\/24\/entrevista-a-lalcaldessa-agnes-ferre-sobre-temes-municipals-al-programa-de-televisio-ull-al-dia-detv\/","title":{"rendered":"Entrevista a l&#8217;alcaldessa Agn\u00e8s Ferr\u00e9 -sobre temes municipals- al programa de televisi\u00f3 Ull al Dia d&#8217;ETV"},"content":{"rendered":"\n<p>El programa l&#8217;Ull al dia d&nbsp;<a href=\"https:\/\/www.facebook.com\/etv.llobregat\/?__cft__%5B0%5D=AZWFtyKfVwTRCSVmTUnfI1xL8mtUPPdsi17sLoiOGJeU3A1GzrizLMgjXu2-C9a_705VQw9HgIcxCz1JDMPVYr6jplUYI4ESIaHbi_BnkeAnLwJIA86ZQI8X2I5yqNIxvDE&amp;__tn__=kK-R\">Etv<\/a>&nbsp;ha entrevistat l&#8217;alcaldessa de La Bisbal del Pened\u00e8s, Agn\u00e8s Ferr\u00e9, aquest mes de febrer. L&#8217;entrevista s\u2019ha centrat en la COVID-19, ensenyament i l\u2019escola, el nou punt informatiu de feina presencial del SOM Bisbal, la formaci\u00f3 professional ocupacional dual, la licitaci\u00f3 de la neteja de les voreres de les urbanitzacions, el nou cami\u00f3 cistella municipal, els nous espais del local social de Can Gordei, els reductors de velocitat de la carretera d\u2019acc\u00e9s a Can Gordei i el Pressupost Participatiu.<\/p>\n\n\n\n<p>Enlla\u00e7 a l&#8217;entrevista:\u00a0https:\/\/etv.alacarta.cat\/l-ull-al-dia\/capitol\/agnes-ferre_160222<\/p>\n\n\n\n<hr class=\"wp-block-separator\"\/>\n\n\n\n<p>El programa l&#8217;Ull al dia de ETV ha entrevistado a la alcaldesa de La Bisbal Pened\u00e8s, Agn\u00e8s Ferr\u00e9, este mes de febrero. La entrevista se ha centrado en la COVID-19, educaci\u00f3n y la escuela, el nuevo punto informativo de trabajo presencial del SOM Bisbal, la formaci\u00f3n profesional ocupacional dual, la licitaci\u00f3n de la limpieza de las aceras de las urbanizaciones, el nuevo cami\u00f3n cesta municipal, los nuevos espacios del local social de Can Gordei, los reductores de velocidad de la carretera de acceso a Can Gordei y el Presupuesto Participativo.<\/p>\n\n\n\n<p>Enlace a la entrevista:&nbsp;https:\/\/etv.alacarta.cat\/l-ull-al-dia\/capitol\/agnes-ferre_160222<\/p>\n","protected":false},"excerpt":{"rendered":"<p>El programa l&#8217;Ull al dia d&nbsp;Etv&nbsp;ha entrevistat l&#8217;alcaldessa de La Bisbal del Pened\u00e8s, Agn\u00e8s Ferr\u00e9, aquest mes de febrer. L&#8217;entrevista s\u2019ha centrat en la COVID-19, ensenyament i l\u2019escola, el nou &hellip; <a href=\"https:\/\/bisbalpenedes.com\/web\/2022\/02\/24\/entrevista-a-lalcaldessa-agnes-ferre-sobre-temes-municipals-al-programa-de-televisio-ull-al-dia-detv\/\" class=\"more-link\">Read More<\/a><\/p>\n","protected":false},"author":4,"featured_media":21026,"comment_status":"closed","ping_status":"closed","sticky":false,"template":"","format":"standard","meta":[],"categories":[2057,8],"tags":[1252,5099,393],"_links":{"self":[{"href":"https:\/\/bisbalpenedes.com\/web\/wp-json\/wp\/v2\/posts\/21025"}],"collection":[{"href":"https:\/\/bisbalpenedes.com\/web\/wp-json\/wp\/v2\/posts"}],"about":[{"href":"https:\/\/bisbalpenedes.com\/web\/wp-json\/wp\/v2\/types\/post"}],"author":[{"embeddable":true,"href":"https:\/\/bisbalpenedes.com\/web\/wp-json\/wp\/v2\/users\/4"}],"replies":[{"embeddable":true,"href":"https:\/\/bisbalpenedes.com\/web\/wp-json\/wp\/v2\/comments?post=21025"}],"version-history":[{"count":1,"href":"https:\/\/bisbalpenedes.com\/web\/wp-json\/wp\/v2\/posts\/21025\/revisions"}],"predecessor-version":[{"id":21027,"href":"https:\/\/bisbalpenedes.com\/web\/wp-json\/wp\/v2\/posts\/21025\/revisions\/21027"}],"wp:featuredmedia":[{"embeddable":true,"href":"https:\/\/bisbalpenedes.com\/web\/wp-json\/wp\/v2\/media\/21026"}],"wp:attachment":[{"href":"https:\/\/bisbalpenedes.com\/web\/wp-json\/wp\/v2\/media?parent=21025"}],"wp:term":[{"taxonomy":"category","embeddable":true,"href":"https:\/\/bisbalpenedes.com\/web\/wp-json\/wp\/v2\/categories?post=21025"},{"taxonomy":"post_tag","embeddable":true,"href":"https:\/\/bisbalpenedes.com\/web\/wp-json\/wp\/v2\/tags?post=21025"}],"curies":[{"name":"wp","href":"https:\/\/api.w.org\/{rel}","templated":true}]}}