{"id":21022,"date":"2022-02-25T09:30:00","date_gmt":"2022-02-25T07:30:00","guid":{"rendered":"https:\/\/bisbalpenedes.com\/web\/?p=21022"},"modified":"2022-02-23T13:25:27","modified_gmt":"2022-02-23T11:25:27","slug":"el-passat-dilluns-es-va-reunir-la-mesa-de-negociacio-del-personal-per-debatre-les-bases-generals-dels-processos-selectius","status":"publish","type":"post","link":"https:\/\/bisbalpenedes.com\/web\/2022\/02\/25\/el-passat-dilluns-es-va-reunir-la-mesa-de-negociacio-del-personal-per-debatre-les-bases-generals-dels-processos-selectius\/","title":{"rendered":"El passat dilluns es va reunir la mesa de negociaci\u00f3 del personal per debatre les bases generals dels processos selectius"},"content":{"rendered":"\n<p>El passat dilluns 21 de febrer, a les 10h, es va reunir la mesa de negociaci\u00f3 del personal de l&#8217;Ajuntament de la Bisbal del Pened\u00e8s per debatre les bases generals dels processos selectius per a la cobertura de places, incloses en l&#8217;oferta p\u00fablica d&#8217;ocupaci\u00f3 per a l&#8217;estabilitzaci\u00f3 de l&#8217;ocupaci\u00f3 temporal. L&#8217;ordre del dia inclo\u00efa aquests punts:<\/p>\n\n\n\n<p>1.-Bases generals dels processos selectius, per la cobertura de les places incloses en l&#8217;oferta p\u00fablica d&#8217;ocupaci\u00f3 per a l&#8217;estabilitzaci\u00f3 de l&#8217;ocupaci\u00f3 temporal.<\/p>\n\n\n\n<p>2.-Bases espec\u00edfiques del proc\u00e9s selectiu, mitjan\u00e7ant concurs-oposici\u00f3 lliure, de dues places, d&#8217;auxiliar administratiu\/va (grup C2) en el r\u00e8gim funcionarial.<\/p>\n\n\n\n<p>3.-Bases espec\u00edfiques del proc\u00e9s selectiu, mitjan\u00e7ant concurs lliure, de dues places d&#8217;auxiliar administratiu\/va (grup C2) en r\u00e8gim funcionarial.<\/p>\n\n\n\n<p>Durant la reuni\u00f3 es van repassar les bases i es va prendre nota de les propostes plantejades des dels sindicats i per part dels representants dels treballadors. Es va acordar treballar-ho tot durant aquesta setmana i convocar una nova mesa per tancar acords de forma definitiva.<\/p>\n\n\n\n<p>Val a dir que, tenint en compte la import\u00e0ncia d&#8217;aquest proc\u00e9s, l&#8217;alcaldessa de la Bisbal del Pened\u00e8s, Agn\u00e8s Ferr\u00e9, va convocar els regidors i les regidores de l&#8217;oposici\u00f3 a una reuni\u00f3 telem\u00e0tica que es va celebrar el dimarts 22 de febrer amb l&#8217;objectiu de fer-los arribar la informaci\u00f3 sobre la reuni\u00f3 amb la mesa de negociaci\u00f3 i els temes tractats.<\/p>\n\n\n\n<hr class=\"wp-block-separator\"\/>\n\n\n\n<p><strong>CASTELLANO |<\/strong> El pasado lunes 21 de febrero, a las 10h, se reuni\u00f3 la mesa de negociaci\u00f3n del personal del Ayuntamiento de la Bisbal del Pened\u00e8s para debatir las bases generales de los procesos selectivos para la cobertura de plazas, incluidas en la oferta p\u00fablica de ocupaci\u00f3n para la estabilizaci\u00f3n de la ocupaci\u00f3n temporal. El orden del d\u00eda inclu\u00eda estos puntos:<\/p>\n\n\n\n<p>1.-Bases generales de los procesos selectivos, para la cobertura de las plazas incluidas en la oferta p\u00fablica de ocupaci\u00f3n para la estabilizaci\u00f3n de la ocupaci\u00f3n temporal.<\/p>\n\n\n\n<p>2.-Bases espec\u00edficas del proceso selectivo, mediante concurso-oposici\u00f3n libre, de dos plazas de auxiliar administrativo\/va (grupo C2) en el r\u00e9gimen funcionarial.<\/p>\n\n\n\n<p>3.Bases espec\u00edficas del proceso selectivo, mediante concurso libre, de dos plazas de auxiliar administrativo\/va (grupo C2) en r\u00e9gimen funcionarial.<\/p>\n\n\n\n<p>Durante la reuni\u00f3n se repasaron las bases y se tom\u00f3 nota de las propuestas planteadas desde los sindicatos y por parte de los representantes de los trabajadores. Se acord\u00f3 trabajarlo todo durante esta semana y convocar una nueva mesa para cerrar acuerdos de forma definitiva.<\/p>\n\n\n\n<p>Cabe decir que, dada la importancia de este proceso, la alcaldesa de la Bisbal del Pened\u00e8s, Agn\u00e8s Ferr\u00e9, convoc\u00f3 a los concejales y las concejalas de la oposici\u00f3n a una reuni\u00f3n telem\u00e1tica que se celebr\u00f3 el martes 22 de febrero con el objetivo de hacerles llegar la informaci\u00f3n sobre la reuni\u00f3n con la mesa de negociaci\u00f3n y los temas tratados.<\/p>\n","protected":false},"excerpt":{"rendered":"<p>El passat dilluns 21 de febrer, a les 10h, es va reunir la mesa de negociaci\u00f3 del personal de l&#8217;Ajuntament de la Bisbal del Pened\u00e8s per debatre les bases generals &hellip; <a href=\"https:\/\/bisbalpenedes.com\/web\/2022\/02\/25\/el-passat-dilluns-es-va-reunir-la-mesa-de-negociacio-del-personal-per-debatre-les-bases-generals-dels-processos-selectius\/\" class=\"more-link\">Read More<\/a><\/p>\n","protected":false},"author":4,"featured_media":21023,"comment_status":"closed","ping_status":"closed","sticky":false,"template":"","format":"standard","meta":[],"categories":[2402,8],"tags":[2866,2867,1137,749],"_links":{"self":[{"href":"https:\/\/bisbalpenedes.com\/web\/wp-json\/wp\/v2\/posts\/21022"}],"collection":[{"href":"https:\/\/bisbalpenedes.com\/web\/wp-json\/wp\/v2\/posts"}],"about":[{"href":"https:\/\/bisbalpenedes.com\/web\/wp-json\/wp\/v2\/types\/post"}],"author":[{"embeddable":true,"href":"https:\/\/bisbalpenedes.com\/web\/wp-json\/wp\/v2\/users\/4"}],"replies":[{"embeddable":true,"href":"https:\/\/bisbalpenedes.com\/web\/wp-json\/wp\/v2\/comments?post=21022"}],"version-history":[{"count":1,"href":"https:\/\/bisbalpenedes.com\/web\/wp-json\/wp\/v2\/posts\/21022\/revisions"}],"predecessor-version":[{"id":21024,"href":"https:\/\/bisbalpenedes.com\/web\/wp-json\/wp\/v2\/posts\/21022\/revisions\/21024"}],"wp:featuredmedia":[{"embeddable":true,"href":"https:\/\/bisbalpenedes.com\/web\/wp-json\/wp\/v2\/media\/21023"}],"wp:attachment":[{"href":"https:\/\/bisbalpenedes.com\/web\/wp-json\/wp\/v2\/media?parent=21022"}],"wp:term":[{"taxonomy":"category","embeddable":true,"href":"https:\/\/bisbalpenedes.com\/web\/wp-json\/wp\/v2\/categories?post=21022"},{"taxonomy":"post_tag","embeddable":true,"href":"https:\/\/bisbalpenedes.com\/web\/wp-json\/wp\/v2\/tags?post=21022"}],"curies":[{"name":"wp","href":"https:\/\/api.w.org\/{rel}","templated":true}]}}