{"id":20998,"date":"2022-02-22T14:26:31","date_gmt":"2022-02-22T12:26:31","guid":{"rendered":"https:\/\/bisbalpenedes.com\/web\/?p=20998"},"modified":"2022-02-22T14:26:31","modified_gmt":"2022-02-22T12:26:31","slug":"la-bisbal-del-penedes-ultima-els-preparatius-dels-tres-tombs-la-festa-es-fara-el-13-de-marc","status":"publish","type":"post","link":"https:\/\/bisbalpenedes.com\/web\/2022\/02\/22\/la-bisbal-del-penedes-ultima-els-preparatius-dels-tres-tombs-la-festa-es-fara-el-13-de-marc\/","title":{"rendered":"La Bisbal del Pened\u00e8s ultima els preparatius dels Tres Tombs &#8211; La festa es far\u00e0 el 13 de mar\u00e7"},"content":{"rendered":"\n<p>El passat dilluns 21 de febrer, l&#8217;alcaldessa Agn\u00e8s Ferr\u00e9 i la regidora de Cultura, Judith Vidal, es van reunir amb la Coordinadora dels Tres Tombs de Tarragona i amb membres de l&#8217;antiga associaci\u00f3 dels Tres Tombs de la Bisbal per abordar q\u00fcestions relacionades amb l&#8217;organitzaci\u00f3 de la festa a la Bisbal del Pened\u00e8s, prevista per al diumenge 13 de mar\u00e7. Des d&#8217;aqu\u00ed, els volem agrair la bona disposici\u00f3 i la il\u00b7lusi\u00f3 amb qu\u00e8 sempre ens ajuden a preparar aquesta festa.<\/p>\n\n\n\n<p>Com en edicions anteriors, la jornada comen\u00e7ar\u00e0 amb la concentraci\u00f3 de carros i cavalls i l&#8217;esmorzar i, tot seguit, es faran els Tres Tombs. En paral\u00b7lel, durant el mat\u00ed es vendran tortells de Sant Antoni en diversos punts del municipi. Ben aviat us detallarem tot el programa, estigueu atentes i atents!<\/p>\n\n\n\n<hr class=\"wp-block-separator\"\/>\n\n\n\n<p><strong>CASTELLANO |<\/strong> El pasado lunes 21 de febrero, la alcaldesa Agn\u00e8s Ferr\u00e9 y la concejala de Cultura, Judith Vidal, se reunieron con la Coordinadora de los Tres Tombs de Tarragona y con los miembros de la antigua asociaci\u00f3n de los Tres Tombs de la Bisbal para abordar cuestiones relacionadas con la organizaci\u00f3n de la fiesta en la Bisbal del Pened\u00e8s, prevista para el domingo 13 de marzo. Desde aqu\u00ed, les queremos agradecer la buena disposici\u00f3n y la ilusi\u00f3n con la que siempre nos ayudan a preparar esta fiesta.<\/p>\n\n\n\n<p>Como en ediciones anteriores, la jornada empezar\u00e1 con la concentraci\u00f3n de carros y caballos y el almuerzo y, a continuaci\u00f3n, se har\u00e1n los Tres Tombs. En paralelo, durante la ma\u00f1ana se vender\u00e1n roscones de Sant Antoni en varios puntos del municipio. Muy pronto&nbsp; os detallaremos todo el programa, \u00a1estad atentos y atentas!<\/p>\n","protected":false},"excerpt":{"rendered":"<p>El passat dilluns 21 de febrer, l&#8217;alcaldessa Agn\u00e8s Ferr\u00e9 i la regidora de Cultura, Judith Vidal, es van reunir amb la Coordinadora dels Tres Tombs de Tarragona i amb membres &hellip; <a href=\"https:\/\/bisbalpenedes.com\/web\/2022\/02\/22\/la-bisbal-del-penedes-ultima-els-preparatius-dels-tres-tombs-la-festa-es-fara-el-13-de-marc\/\" class=\"more-link\">Read More<\/a><\/p>\n","protected":false},"author":4,"featured_media":21000,"comment_status":"closed","ping_status":"closed","sticky":false,"template":"","format":"standard","meta":[],"categories":[13,8],"tags":[459,2863,393,1374,228,5096,1153,5097],"_links":{"self":[{"href":"https:\/\/bisbalpenedes.com\/web\/wp-json\/wp\/v2\/posts\/20998"}],"collection":[{"href":"https:\/\/bisbalpenedes.com\/web\/wp-json\/wp\/v2\/posts"}],"about":[{"href":"https:\/\/bisbalpenedes.com\/web\/wp-json\/wp\/v2\/types\/post"}],"author":[{"embeddable":true,"href":"https:\/\/bisbalpenedes.com\/web\/wp-json\/wp\/v2\/users\/4"}],"replies":[{"embeddable":true,"href":"https:\/\/bisbalpenedes.com\/web\/wp-json\/wp\/v2\/comments?post=20998"}],"version-history":[{"count":1,"href":"https:\/\/bisbalpenedes.com\/web\/wp-json\/wp\/v2\/posts\/20998\/revisions"}],"predecessor-version":[{"id":21001,"href":"https:\/\/bisbalpenedes.com\/web\/wp-json\/wp\/v2\/posts\/20998\/revisions\/21001"}],"wp:featuredmedia":[{"embeddable":true,"href":"https:\/\/bisbalpenedes.com\/web\/wp-json\/wp\/v2\/media\/21000"}],"wp:attachment":[{"href":"https:\/\/bisbalpenedes.com\/web\/wp-json\/wp\/v2\/media?parent=20998"}],"wp:term":[{"taxonomy":"category","embeddable":true,"href":"https:\/\/bisbalpenedes.com\/web\/wp-json\/wp\/v2\/categories?post=20998"},{"taxonomy":"post_tag","embeddable":true,"href":"https:\/\/bisbalpenedes.com\/web\/wp-json\/wp\/v2\/tags?post=20998"}],"curies":[{"name":"wp","href":"https:\/\/api.w.org\/{rel}","templated":true}]}}