{"id":20989,"date":"2022-02-21T18:01:41","date_gmt":"2022-02-21T16:01:41","guid":{"rendered":"https:\/\/bisbalpenedes.com\/web\/?p=20989"},"modified":"2022-02-21T18:01:41","modified_gmt":"2022-02-21T16:01:41","slug":"lalcaldessa-de-la-bisbal-del-penedes-ha-participat-en-la-ponencia-el-baix-penedes-i-la-metropoli-barcelonina-periferia-frontissa-o-baula-estrategica","status":"publish","type":"post","link":"https:\/\/bisbalpenedes.com\/web\/2022\/02\/21\/lalcaldessa-de-la-bisbal-del-penedes-ha-participat-en-la-ponencia-el-baix-penedes-i-la-metropoli-barcelonina-periferia-frontissa-o-baula-estrategica\/","title":{"rendered":"L\u2019alcaldessa de la Bisbal del Pened\u00e8s ha participat en la pon\u00e8ncia \u201cEl Baix Pened\u00e8s i la metr\u00f2poli barcelonina: perif\u00e8ria, frontissa o baula estrat\u00e8gica?\u201d"},"content":{"rendered":"\n<p>L\u2019alcaldessa de la Bisbal del Pened\u00e8s, Agn\u00e8s Ferr\u00e9, va participar en la pon\u00e8ncia \u201cEl Baix Pened\u00e8s i la metr\u00f2poli barcelonina: perif\u00e8ria, frontissa o baula estrat\u00e8gica?\u201d que va tenir lloc el passat dijous 24 de febrer, a l\u2019Escola de M\u00fasica Pau Casals del Vendrell, en el marc del \u201cCicle Metr\u00f2poli Oberta\u201d.<\/p>\n\n\n\n<p>La taula, moderada per la periodista d\u2019RTV El Vendrell S\u00edlvia Mart\u00ednez, va versar sobre el Baix Pened\u00e8s i va comptar amb la participaci\u00f3 de Josep Armengol, subdirector general d\u2019Actuacions Urban\u00edstiques de la Generalitat de Catalunya; Neus Lloveras, presidenta de la Federaci\u00f3 Empresarial del Gran Pened\u00e8s (FEGP), Aurora Carbonell, presidenta de l\u2019Associaci\u00f3 de Municipis per la Mobilitat i el Transport Urb\u00e0 (AMTU); el Dr. Jon Olano, soci\u00f2leg investigador postdoctoral al Centre for Climate Change de la URV; i Agn\u00e8s Ferr\u00e9, alcaldessa de la Bisbal del Pened\u00e8s.<\/p>\n\n\n\n<p>Quant a l\u2019alcaldessa bisbalenca, va demanar \u201csinergies amb l\u2019\u00e0rea metropolitana, que se\u2019ns consulti\u201d com a territori. Tamb\u00e9 va explicar que una de les coses bones del creixement demogr\u00e0fic del municipi dels darrers temps ha estat el fet que \u201ca la Bisbal no s\u2019ha constru\u00eft\u201d, \u00e9s a dir, s\u2019ha aprofitat l\u2019habitatge disponible. Quant a la vegueria del Pened\u00e8s, Ferr\u00e9 va afirmar que \u201cfunciona en molts aspectes, com ara l\u2019enoturisme o les rutes, i el fet que siguem vegueria no vol dir que estiguem tancats o que no puguem treballar amb altres territoris\u201d. Ferr\u00e9 considera que la vegueria permet m\u00e9s proximitat amb la poblaci\u00f3 \u201cla vegueria \u00e9s un nivell m\u00e9s proper de comunicaci\u00f3\u201d i detallava que \u201cels 14 alcaldes del Baix Pened\u00e8s fa molt de temps que treballem per demanar el que ens toca com a comarca\u201d. Ferr\u00e9 tamb\u00e9 va posar \u00e8mfasi en la pagesia, ja que considera que \u201c\u00e9s una assignatura que tenim pendent i \u00e9s preocupant\u201d i va voler diferenciar entre \u201cla part de la costa i la de l\u2019interior de la comarca\u201d, amb tarann\u00e0s diferents que \u201ccal que tinguem en compte\u201d.<\/p>\n\n\n\n<p>Podeu recuperar la pon\u00e8ncia aqu\u00ed:<\/p>\n\n\n\n<figure class=\"wp-block-embed is-type-video is-provider-youtube wp-block-embed-youtube wp-embed-aspect-16-9 wp-has-aspect-ratio\"><div class=\"wp-block-embed__wrapper\">\n<iframe loading=\"lazy\" title=\"Debat: Baix Pened\u00e8s: cru\u00eflla de futur\" width=\"1170\" height=\"658\" src=\"https:\/\/www.youtube.com\/embed\/QGGAJvGJZUY?feature=oembed\" frameborder=\"0\" allow=\"accelerometer; autoplay; clipboard-write; encrypted-media; gyroscope; picture-in-picture\" allowfullscreen><\/iframe>\n<\/div><\/figure>\n\n\n\n<p>El Cicle Metr\u00f2poli Oberta s\u2019organitza des de Barcelona Dem\u00e0, el Pla Estrat\u00e8gic Metropolit\u00e0 de Barcelona, la Universitat Rovira i Virgili, l\u2019AMB, la Diputaci\u00f3 de Barcelona i l\u2019Ajuntament de Barcelona. Durant la presentaci\u00f3 tamb\u00e9 en van prendre part l\u2019alcalde del Vendrell, Kenneth Mart\u00ednez; el Delegat del Govern al Pened\u00e8s, David Alqu\u00e9zar; i el coordinador general del Pla Estrat\u00e8gic Metropolit\u00e0 de Barcelona (PEMB), Oriol Estela.<\/p>\n\n\n\n<hr class=\"wp-block-separator\"\/>\n\n\n\n<p><strong>CASTELLANO\u00a0 |<\/strong>\u00a0La alcaldesa de la Bisbal del Pened\u00e8s, Agn\u00e8s Ferr\u00e9, particip\u00f3 en la ponencia &#8220;El Baix Pened\u00e8s i la metr\u00f2poli barcelonina: perif\u00e8ria, frontissa o\u00a0 baula estrat\u00e8gica?&#8221; que tuvo lugar el pasado jueves 24 de febrero, en la Escola de M\u00fasica Pau Casals del Vendrell, en el marco del &#8220;Cicle Metr\u00f2poli oberta&#8221;.<\/p>\n\n\n\n<p>La mesa, moderada por la periodista de RTV El Vendrell S\u00edlvia Mart\u00ednez, trat\u00f3 sobre el Baix Pened\u00e8s y cont\u00f3 con la participaci\u00f3n de Josep Armengol, subdirector general de Actuaciones Urban\u00edsticas de la Generalitat de Catalunya, Neus Lloveras, presidenta de la Federaci\u00f3 Empresarial del Gran Pened\u00e8s (FEGP), Aurora Carbonell, presidenta de l&#8217;Associaci\u00f3 de Municipis per la Mobilitat i el Transport Urb\u00e0 (AMTU), el Dr. Jon Olano, soci\u00f3logo investigador post doctoral en el Centre for Climate Change de la URV; y Agn\u00e8s Ferr\u00e9, alcaldesa de la Bisbal del Pened\u00e8s.<\/p>\n\n\n\n<p>En cuanto a la alcaldesa de la Bisbal, solicit\u00f3 &#8220;sinergias con el \u00e1rea metropolitana, que se nos consulte&#8221; como territorio. Tambi\u00e9n explic\u00f3 que na de las cosas buenas del crecimiento demogr\u00e1fico del municipio de los \u00faltimos tiempos ha sido el hecho de que &#8220;en la Bisbal no se ha construido&#8221;, es decir, se ha aprovechado la vivienda disponible. En cuanto a la veguer\u00eda del Pened\u00e8s, Ferr\u00e9 afirm\u00f3 que &#8220;funciona en muchos aspectos, como por ejemplo el enoturismo o las rutas, y el hecho de que sean veguer\u00eda no quiere decir que estemos cerrados o que no podamos trabajar con otros territorios&#8221;. Ferr\u00e9 considera que la veguer\u00eda permite m\u00e1s proximidad con la poblaci\u00f3n &#8220;la veguer\u00eda permite m\u00e1s proximidad con la poblaci\u00f3n &#8220;la veguer\u00eda es un nivel m\u00e1s pr\u00f3ximo de comunicaci\u00f3n&#8221; y detallaba que &#8220;los 14 alcaldes del Baix Pened\u00e8s hace mucho tiempo que trabajamos para pedir lo que nos toca como comarca&#8221;. Ferr\u00e9 tambi\u00e9n puso \u00e9nfasis en la payes\u00eda, ya que considera que &#8220;es una asignatura que tenemos pendiente y es preocupante&#8221; y quiso diferenciar entre &#8220;la parte de la costa y la del interior de la comarca&#8221;, con talantes distintos que &#8220;es necesario que tengamos en cuenta&#8221;.<\/p>\n\n\n\n<p>Pod\u00e9is recuperar la ponencia aqu\u00ed:<\/p>\n\n\n\n<figure class=\"wp-block-embed is-type-video is-provider-youtube wp-block-embed-youtube wp-embed-aspect-16-9 wp-has-aspect-ratio\"><div class=\"wp-block-embed__wrapper\">\n<iframe loading=\"lazy\" title=\"Debat: Baix Pened\u00e8s: cru\u00eflla de futur\" width=\"1170\" height=\"658\" src=\"https:\/\/www.youtube.com\/embed\/QGGAJvGJZUY?feature=oembed\" frameborder=\"0\" allow=\"accelerometer; autoplay; clipboard-write; encrypted-media; gyroscope; picture-in-picture\" allowfullscreen><\/iframe>\n<\/div><\/figure>\n\n\n\n<p>El Cicle Metr\u00f2poli Oberta se organiza desde Barcelona Dem\u00e0, el Plan Estrat\u00e9gico Metropolitano de Barcelona, la Universidad Rovira i Virgili, la AMB, la Diputaci\u00f3n de Barcelona y el Ayuntamiento de Barcelona. Durante la presentaci\u00f3n tambi\u00e9n tomaron parte el alcalde del Vendrell, Kenneth Mart\u00ednez; el Delegado del Gobierno en el Pened\u00e8s, David Alqu\u00e9zar; y el coordinador general del Plan Estrat\u00e9gico Metropolitano de Barcelona (PEMB), Oriol Estela.&nbsp;<\/p>\n","protected":false},"excerpt":{"rendered":"<p>L\u2019alcaldessa de la Bisbal del Pened\u00e8s, Agn\u00e8s Ferr\u00e9, va participar en la pon\u00e8ncia \u201cEl Baix Pened\u00e8s i la metr\u00f2poli barcelonina: perif\u00e8ria, frontissa o baula estrat\u00e8gica?\u201d que va tenir lloc el &hellip; <a href=\"https:\/\/bisbalpenedes.com\/web\/2022\/02\/21\/lalcaldessa-de-la-bisbal-del-penedes-ha-participat-en-la-ponencia-el-baix-penedes-i-la-metropoli-barcelonina-periferia-frontissa-o-baula-estrategica\/\" class=\"more-link\">Read More<\/a><\/p>\n","protected":false},"author":4,"featured_media":20990,"comment_status":"closed","ping_status":"closed","sticky":false,"template":"","format":"standard","meta":[],"categories":[2057,8],"tags":[1151,5094,459,393,5095],"_links":{"self":[{"href":"https:\/\/bisbalpenedes.com\/web\/wp-json\/wp\/v2\/posts\/20989"}],"collection":[{"href":"https:\/\/bisbalpenedes.com\/web\/wp-json\/wp\/v2\/posts"}],"about":[{"href":"https:\/\/bisbalpenedes.com\/web\/wp-json\/wp\/v2\/types\/post"}],"author":[{"embeddable":true,"href":"https:\/\/bisbalpenedes.com\/web\/wp-json\/wp\/v2\/users\/4"}],"replies":[{"embeddable":true,"href":"https:\/\/bisbalpenedes.com\/web\/wp-json\/wp\/v2\/comments?post=20989"}],"version-history":[{"count":1,"href":"https:\/\/bisbalpenedes.com\/web\/wp-json\/wp\/v2\/posts\/20989\/revisions"}],"predecessor-version":[{"id":20991,"href":"https:\/\/bisbalpenedes.com\/web\/wp-json\/wp\/v2\/posts\/20989\/revisions\/20991"}],"wp:featuredmedia":[{"embeddable":true,"href":"https:\/\/bisbalpenedes.com\/web\/wp-json\/wp\/v2\/media\/20990"}],"wp:attachment":[{"href":"https:\/\/bisbalpenedes.com\/web\/wp-json\/wp\/v2\/media?parent=20989"}],"wp:term":[{"taxonomy":"category","embeddable":true,"href":"https:\/\/bisbalpenedes.com\/web\/wp-json\/wp\/v2\/categories?post=20989"},{"taxonomy":"post_tag","embeddable":true,"href":"https:\/\/bisbalpenedes.com\/web\/wp-json\/wp\/v2\/tags?post=20989"}],"curies":[{"name":"wp","href":"https:\/\/api.w.org\/{rel}","templated":true}]}}