{"id":20985,"date":"2022-02-21T17:48:21","date_gmt":"2022-02-21T15:48:21","guid":{"rendered":"https:\/\/bisbalpenedes.com\/web\/?p=20985"},"modified":"2022-02-21T17:48:32","modified_gmt":"2022-02-21T15:48:32","slug":"lajuntament-explica-el-projecte-executiu-de-millora-dinfraestructures-de-la-riba-en-diverses-reunions-adrecades-als-veins-del-barri","status":"publish","type":"post","link":"https:\/\/bisbalpenedes.com\/web\/2022\/02\/21\/lajuntament-explica-el-projecte-executiu-de-millora-dinfraestructures-de-la-riba-en-diverses-reunions-adrecades-als-veins-del-barri\/","title":{"rendered":"L&#8217;Ajuntament explica el projecte executiu de millora d&#8217;infraestructures de la Riba en diverses reunions adre\u00e7ades als ve\u00efns del barri"},"content":{"rendered":"\n<p>Avui dilluns s\u2019estan duent a terme reunions amb els ve\u00efns de la Riba amb l\u2019objectiu d\u2019explicar-los el projecte executiu de millora d\u2019infraestructures del barri, que est\u00e0 previst que s\u2019executi el 2023.&nbsp;<\/p>\n\n\n\n<p>A l\u2019inici de cada reuni\u00f3 es fa una petita presentaci\u00f3, que va a c\u00e0rrec de l\u2019alcaldessa Agn\u00e8s Ferr\u00e9 o de la primera tinenta d\u2019alcaldia, Judith Vidal i, a continuaci\u00f3, el responsable de l\u2019empresa redactora del projecte, l\u2019explica. Posteriorment, tant ell com l\u2019enginyer municipal responen les consultes i dubtes que puguin sorgir.<\/p>\n\n\n\n<p>L\u2019Ajuntament va convocar els ve\u00efns del barri a diverses reunions, que es duen a terme durant tot el dia a diferents hores, per facilitar l\u2019assist\u00e8ncia dels ve\u00efns. L&#8217;alcaldessa tamb\u00e9 va convidar a assistir a les reunions a tots els regidors de l&#8217;oposici\u00f3.<\/p>\n\n\n\n<hr class=\"wp-block-separator\"\/>\n\n\n\n<p>Hoy lunes se est\u00e1n llevando a cabo reuniones con los vecinos de la Riba con el objetivo de explicarles el proyecto ejecutivo de mejora de infraestructuras del barrio, que est\u00e1 previsto que se ejecute en el 2023.<\/p>\n\n\n\n<p>Al inicio de cada reuni\u00f3n se hace una peque\u00f1a presentaci\u00f3n, que va a cargo de la alcaldesa Agn\u00e8s Ferr\u00e9 o de la primera tenienta de alcald\u00eda, Judith Vidal y, a continuaci\u00f3n, el responsable de la empresa redactora del proyecto, lo explica. Posteriormente, tanto \u00e9l como el ingeniero municipal responden a las consultas y dudas que puedan surgir.<\/p>\n\n\n\n<p>El Ayuntamiento convoc\u00f3 a los vecinos del barrio a varias reuniones, que se llevan a cabo durante todo el d\u00eda en distintas horas, para facilitar la asistencia de los vecinos. La alcaldesa tambi\u00e9n invit\u00f3 a asistir a las reuniones a todos los concejales de la oposici\u00f3n.<\/p>\n\n\n\n<p><\/p>\n","protected":false},"excerpt":{"rendered":"<p>Avui dilluns s\u2019estan duent a terme reunions amb els ve\u00efns de la Riba amb l\u2019objectiu d\u2019explicar-los el projecte executiu de millora d\u2019infraestructures del barri, que est\u00e0 previst que s\u2019executi el &hellip; <a href=\"https:\/\/bisbalpenedes.com\/web\/2022\/02\/21\/lajuntament-explica-el-projecte-executiu-de-millora-dinfraestructures-de-la-riba-en-diverses-reunions-adrecades-als-veins-del-barri\/\" class=\"more-link\">Read More<\/a><\/p>\n","protected":false},"author":4,"featured_media":20986,"comment_status":"closed","ping_status":"closed","sticky":false,"template":"","format":"standard","meta":[],"categories":[4287,8,15],"tags":[3115,393,1337,5093],"_links":{"self":[{"href":"https:\/\/bisbalpenedes.com\/web\/wp-json\/wp\/v2\/posts\/20985"}],"collection":[{"href":"https:\/\/bisbalpenedes.com\/web\/wp-json\/wp\/v2\/posts"}],"about":[{"href":"https:\/\/bisbalpenedes.com\/web\/wp-json\/wp\/v2\/types\/post"}],"author":[{"embeddable":true,"href":"https:\/\/bisbalpenedes.com\/web\/wp-json\/wp\/v2\/users\/4"}],"replies":[{"embeddable":true,"href":"https:\/\/bisbalpenedes.com\/web\/wp-json\/wp\/v2\/comments?post=20985"}],"version-history":[{"count":2,"href":"https:\/\/bisbalpenedes.com\/web\/wp-json\/wp\/v2\/posts\/20985\/revisions"}],"predecessor-version":[{"id":20988,"href":"https:\/\/bisbalpenedes.com\/web\/wp-json\/wp\/v2\/posts\/20985\/revisions\/20988"}],"wp:featuredmedia":[{"embeddable":true,"href":"https:\/\/bisbalpenedes.com\/web\/wp-json\/wp\/v2\/media\/20986"}],"wp:attachment":[{"href":"https:\/\/bisbalpenedes.com\/web\/wp-json\/wp\/v2\/media?parent=20985"}],"wp:term":[{"taxonomy":"category","embeddable":true,"href":"https:\/\/bisbalpenedes.com\/web\/wp-json\/wp\/v2\/categories?post=20985"},{"taxonomy":"post_tag","embeddable":true,"href":"https:\/\/bisbalpenedes.com\/web\/wp-json\/wp\/v2\/tags?post=20985"}],"curies":[{"name":"wp","href":"https:\/\/api.w.org\/{rel}","templated":true}]}}