{"id":20978,"date":"2022-02-21T20:16:46","date_gmt":"2022-02-21T18:16:46","guid":{"rendered":"https:\/\/bisbalpenedes.com\/web\/?p=20978"},"modified":"2022-02-21T20:16:46","modified_gmt":"2022-02-21T18:16:46","slug":"el-proper-dijous-24-de-febrer-a-les-8-30h-tindra-lloc-un-ple-extraordinari","status":"publish","type":"post","link":"https:\/\/bisbalpenedes.com\/web\/2022\/02\/21\/el-proper-dijous-24-de-febrer-a-les-8-30h-tindra-lloc-un-ple-extraordinari\/","title":{"rendered":"El proper dijous 24 de febrer a les 8.30h tindr\u00e0 lloc un Ple extraordinari"},"content":{"rendered":"\n<p>El proper dijous 24 de febrer, a les 8.30h, tindr\u00e0 lloc un Ple extraordinari a l\u2019Ajuntament de la Bisbal del Pened\u00e8s amb un \u00fanic punt a l\u2019ordre del dia:<\/p>\n\n\n\n<p>1.-Aprovaci\u00f3 inicial de la modificaci\u00f3 puntual de les Normes Subsidi\u00e0ries de planejament: modificar la parcel\u00b7la m\u00ednima de la subzona 28b, passant de 10.000m2 a 4.000m2.<\/p>\n\n\n\n<hr class=\"wp-block-separator\"\/>\n\n\n\n<p>El pr\u00f3ximo jueves 24 de febrero, a las 8.30h, tendr\u00e1 lugar un Pleno extraordinario en el Ayuntamiento de la Bisbal del Pened\u00e8s con un \u00fanico punto en el orden del d\u00eda:<\/p>\n\n\n\n<p>1.-Aprobaci\u00f3n inicial de la modificaci\u00f3n puntual de las Normas Subsidiarias de planeamiento: modificar la parcela m\u00ednima de la sub zona 28b, pasando de 10.000m2 a 4.000m2.<\/p>\n","protected":false},"excerpt":{"rendered":"<p>El proper dijous 24 de febrer, a les 8.30h, tindr\u00e0 lloc un Ple extraordinari a l\u2019Ajuntament de la Bisbal del Pened\u00e8s amb un \u00fanic punt a l\u2019ordre del dia: 1.-Aprovaci\u00f3 &hellip; <a href=\"https:\/\/bisbalpenedes.com\/web\/2022\/02\/21\/el-proper-dijous-24-de-febrer-a-les-8-30h-tindra-lloc-un-ple-extraordinari\/\" class=\"more-link\">Read More<\/a><\/p>\n","protected":false},"author":4,"featured_media":20647,"comment_status":"closed","ping_status":"closed","sticky":false,"template":"","format":"standard","meta":[],"categories":[8,2251,2250],"tags":[2866,5092,139,423,446],"_links":{"self":[{"href":"https:\/\/bisbalpenedes.com\/web\/wp-json\/wp\/v2\/posts\/20978"}],"collection":[{"href":"https:\/\/bisbalpenedes.com\/web\/wp-json\/wp\/v2\/posts"}],"about":[{"href":"https:\/\/bisbalpenedes.com\/web\/wp-json\/wp\/v2\/types\/post"}],"author":[{"embeddable":true,"href":"https:\/\/bisbalpenedes.com\/web\/wp-json\/wp\/v2\/users\/4"}],"replies":[{"embeddable":true,"href":"https:\/\/bisbalpenedes.com\/web\/wp-json\/wp\/v2\/comments?post=20978"}],"version-history":[{"count":1,"href":"https:\/\/bisbalpenedes.com\/web\/wp-json\/wp\/v2\/posts\/20978\/revisions"}],"predecessor-version":[{"id":20979,"href":"https:\/\/bisbalpenedes.com\/web\/wp-json\/wp\/v2\/posts\/20978\/revisions\/20979"}],"wp:featuredmedia":[{"embeddable":true,"href":"https:\/\/bisbalpenedes.com\/web\/wp-json\/wp\/v2\/media\/20647"}],"wp:attachment":[{"href":"https:\/\/bisbalpenedes.com\/web\/wp-json\/wp\/v2\/media?parent=20978"}],"wp:term":[{"taxonomy":"category","embeddable":true,"href":"https:\/\/bisbalpenedes.com\/web\/wp-json\/wp\/v2\/categories?post=20978"},{"taxonomy":"post_tag","embeddable":true,"href":"https:\/\/bisbalpenedes.com\/web\/wp-json\/wp\/v2\/tags?post=20978"}],"curies":[{"name":"wp","href":"https:\/\/api.w.org\/{rel}","templated":true}]}}