{"id":20971,"date":"2022-02-18T18:36:54","date_gmt":"2022-02-18T16:36:54","guid":{"rendered":"https:\/\/bisbalpenedes.com\/web\/?p=20971"},"modified":"2022-02-18T18:40:57","modified_gmt":"2022-02-18T16:40:57","slug":"del-7-al-21-de-marc-es-dura-a-terme-la-preinscripcio-escolar-per-al-curs-2022-23-de-lescola-ull-de-vent","status":"publish","type":"post","link":"https:\/\/bisbalpenedes.com\/web\/2022\/02\/18\/del-7-al-21-de-marc-es-dura-a-terme-la-preinscripcio-escolar-per-al-curs-2022-23-de-lescola-ull-de-vent\/","title":{"rendered":"Del 7 al 21 de mar\u00e7 es podr\u00e0 fer la preinscripci\u00f3 escolar per al curs 2022-23 de l&#8217;Escola Ull de Vent"},"content":{"rendered":"\n<p>Des de l&#8217;Escola Ull de Vent ens han informat que, del 7 al 21 de mar\u00e7, es dur\u00e0 a terme la preinscripci\u00f3 escolar per al curs 2022-2023. Han de formalitzar la preinscripci\u00f3:<\/p>\n\n\n\n<ul><li>Els alumnes nascuts el 2019 i que comen\u00e7aran P3.<\/li><li>Els alumnes de 6\u00e8 per matricular-se a l&#8217;institut (des de l&#8217;escola els faran arribar tota la informaci\u00f3 de l&#8217;Institut Coster de la Torre per a aquest cas).<\/li><li>Els alumnes que canvien d&#8217;escola.<\/li><\/ul>\n\n\n\n<p>No caldr\u00e0 que facin la preinscripci\u00f3 els alumnes de P3 a 5\u00e8 que segueixin a l&#8217;escola.&nbsp;<\/p>\n\n\n\n<p>Si teniu infants nascuts\/es el 2019 que no van a la llar d&#8217;infants municipal l&#8217;Oreneta de La Bisbal del Pened\u00e8s, contacteu amb l&#8217;Escola Ull de Vent.<\/p>\n\n\n\n<hr class=\"wp-block-separator\"\/>\n\n\n\n<p>Desde la Escola Ull de Vent nos han informado de que, del 7 al 21 de marzo, se llevar\u00e1 a cabo la preinscripci\u00f3n escolar para el curso 2022-2023. Tienen que formalizar la preinscripci\u00f3n:<\/p>\n\n\n\n<ul><li>Los alumnos nacidos en el 2019 y que empezar\u00e1n P3.<\/li><li>Los alumnos de 6\u00ba para matricularse en el instituto (desde la escuala les har\u00e1n llegar toda la informaci\u00f3n del Instituto Coster de la Torre parar este caso).<\/li><li>Los alumnos que cambian de escuela.<\/li><\/ul>\n\n\n\n<p>No ser\u00e1 necesario que hagan la preinscripci\u00f3n los alumnos de P3 a 5\u00ba que sigan en la escuela.<\/p>\n\n\n\n<p>Si ten\u00e9is ni\u00f1os o ni\u00f1as nacidos\/as en el 2019 que no van a la guarder\u00eda municipal l&#8217;Oreneta de La Bisbal del Pened\u00e8s, contactad con la Escola Ull de Vent.<\/p>\n","protected":false},"excerpt":{"rendered":"<p>Des de l&#8217;Escola Ull de Vent ens han informat que, del 7 al 21 de mar\u00e7, es dur\u00e0 a terme la preinscripci\u00f3 escolar per al curs 2022-2023. Han de formalitzar &hellip; <a href=\"https:\/\/bisbalpenedes.com\/web\/2022\/02\/18\/del-7-al-21-de-marc-es-dura-a-terme-la-preinscripcio-escolar-per-al-curs-2022-23-de-lescola-ull-de-vent\/\" class=\"more-link\">Read More<\/a><\/p>\n","protected":false},"author":4,"featured_media":20973,"comment_status":"closed","ping_status":"closed","sticky":false,"template":"","format":"standard","meta":[],"categories":[3456,8],"tags":[5091,337,393,1413],"_links":{"self":[{"href":"https:\/\/bisbalpenedes.com\/web\/wp-json\/wp\/v2\/posts\/20971"}],"collection":[{"href":"https:\/\/bisbalpenedes.com\/web\/wp-json\/wp\/v2\/posts"}],"about":[{"href":"https:\/\/bisbalpenedes.com\/web\/wp-json\/wp\/v2\/types\/post"}],"author":[{"embeddable":true,"href":"https:\/\/bisbalpenedes.com\/web\/wp-json\/wp\/v2\/users\/4"}],"replies":[{"embeddable":true,"href":"https:\/\/bisbalpenedes.com\/web\/wp-json\/wp\/v2\/comments?post=20971"}],"version-history":[{"count":3,"href":"https:\/\/bisbalpenedes.com\/web\/wp-json\/wp\/v2\/posts\/20971\/revisions"}],"predecessor-version":[{"id":20975,"href":"https:\/\/bisbalpenedes.com\/web\/wp-json\/wp\/v2\/posts\/20971\/revisions\/20975"}],"wp:featuredmedia":[{"embeddable":true,"href":"https:\/\/bisbalpenedes.com\/web\/wp-json\/wp\/v2\/media\/20973"}],"wp:attachment":[{"href":"https:\/\/bisbalpenedes.com\/web\/wp-json\/wp\/v2\/media?parent=20971"}],"wp:term":[{"taxonomy":"category","embeddable":true,"href":"https:\/\/bisbalpenedes.com\/web\/wp-json\/wp\/v2\/categories?post=20971"},{"taxonomy":"post_tag","embeddable":true,"href":"https:\/\/bisbalpenedes.com\/web\/wp-json\/wp\/v2\/tags?post=20971"}],"curies":[{"name":"wp","href":"https:\/\/api.w.org\/{rel}","templated":true}]}}