{"id":20968,"date":"2022-02-18T18:26:43","date_gmt":"2022-02-18T16:26:43","guid":{"rendered":"https:\/\/bisbalpenedes.com\/web\/?p=20968"},"modified":"2022-02-18T18:26:43","modified_gmt":"2022-02-18T16:26:43","slug":"el-proper-diumenge-20-de-febrer-tindra-lloc-la-xi-cursa-social-que-organitza-la-penya-ciclista-baix-penedes","status":"publish","type":"post","link":"https:\/\/bisbalpenedes.com\/web\/2022\/02\/18\/el-proper-diumenge-20-de-febrer-tindra-lloc-la-xi-cursa-social-que-organitza-la-penya-ciclista-baix-penedes\/","title":{"rendered":"El proper diumenge 20 de febrer tindr\u00e0 lloc la XI Cursa Social que organitza la Penya Ciclista Baix Pened\u00e8s"},"content":{"rendered":"\n<p>El proper diumenge 20 de febrer tindr\u00e0 lloc la XI Cursa Social que organitza la Penya Ciclista Baix Pened\u00e8s. Aquesta cursa passar\u00e0 per la carretera TP2402 al voltant de les 10:15h, aproximadament, en la primera volta i cap a les 10:45h en la segona.&nbsp;<\/p>\n\n\n\n<p>Us animem a apropar-vos a l&#8217;avinguda de la Diputaci\u00f3 a animar els ciclistes!<\/p>\n\n\n\n<p>Durant el transcurs d&#8217;aquest recorregut es podran donar incid\u00e8ncies en la circulaci\u00f3, com ara talls puntuals de tr\u00e0nsit. Disculpeu les mol\u00e8sties.<\/p>\n\n\n\n<hr class=\"wp-block-separator\"\/>\n\n\n\n<p>El pr\u00f3ximo domingo 20 de febrero tendr\u00e1 lugar la XI Cursa Social que organiza la Penya Ciclista Baix Pened\u00e8s. Los participantes pasar\u00e1n por la carretera TP2402 sobre las 10:15h, aproximadamente, en la primera vuelta y hacia las 10:45h en la segunda.\u00a0<\/p>\n\n\n\n<p>\u00a1Os animamos a acercaros a la avenida de la Diputaci\u00f3n a animar a los ciclistas!<\/p>\n\n\n\n<p>Durante el transcurso de este recorrido se podr\u00e1n dar incidencias en la circulaci\u00f3n, como por ejemplo cortes puntuales de tr\u00e1fico. Disculpad las molestias.<\/p>\n","protected":false},"excerpt":{"rendered":"<p>El proper diumenge 20 de febrer tindr\u00e0 lloc la XI Cursa Social que organitza la Penya Ciclista Baix Pened\u00e8s. Aquesta cursa passar\u00e0 per la carretera TP2402 al voltant de les &hellip; <a href=\"https:\/\/bisbalpenedes.com\/web\/2022\/02\/18\/el-proper-diumenge-20-de-febrer-tindra-lloc-la-xi-cursa-social-que-organitza-la-penya-ciclista-baix-penedes\/\" class=\"more-link\">Read More<\/a><\/p>\n","protected":false},"author":4,"featured_media":20969,"comment_status":"closed","ping_status":"closed","sticky":false,"template":"","format":"standard","meta":[],"categories":[19,8],"tags":[459,2835,2834,393,3516],"_links":{"self":[{"href":"https:\/\/bisbalpenedes.com\/web\/wp-json\/wp\/v2\/posts\/20968"}],"collection":[{"href":"https:\/\/bisbalpenedes.com\/web\/wp-json\/wp\/v2\/posts"}],"about":[{"href":"https:\/\/bisbalpenedes.com\/web\/wp-json\/wp\/v2\/types\/post"}],"author":[{"embeddable":true,"href":"https:\/\/bisbalpenedes.com\/web\/wp-json\/wp\/v2\/users\/4"}],"replies":[{"embeddable":true,"href":"https:\/\/bisbalpenedes.com\/web\/wp-json\/wp\/v2\/comments?post=20968"}],"version-history":[{"count":1,"href":"https:\/\/bisbalpenedes.com\/web\/wp-json\/wp\/v2\/posts\/20968\/revisions"}],"predecessor-version":[{"id":20970,"href":"https:\/\/bisbalpenedes.com\/web\/wp-json\/wp\/v2\/posts\/20968\/revisions\/20970"}],"wp:featuredmedia":[{"embeddable":true,"href":"https:\/\/bisbalpenedes.com\/web\/wp-json\/wp\/v2\/media\/20969"}],"wp:attachment":[{"href":"https:\/\/bisbalpenedes.com\/web\/wp-json\/wp\/v2\/media?parent=20968"}],"wp:term":[{"taxonomy":"category","embeddable":true,"href":"https:\/\/bisbalpenedes.com\/web\/wp-json\/wp\/v2\/categories?post=20968"},{"taxonomy":"post_tag","embeddable":true,"href":"https:\/\/bisbalpenedes.com\/web\/wp-json\/wp\/v2\/tags?post=20968"}],"curies":[{"name":"wp","href":"https:\/\/api.w.org\/{rel}","templated":true}]}}