{"id":20964,"date":"2022-02-17T19:54:46","date_gmt":"2022-02-17T17:54:46","guid":{"rendered":"https:\/\/bisbalpenedes.com\/web\/?p=20964"},"modified":"2022-02-17T19:54:46","modified_gmt":"2022-02-17T17:54:46","slug":"actes-amb-motiu-del-8m-concert-de-veu-i-guitarra-amb-elena-gadel-i-marta-robles-i-dinar-organitzat-des-de-lassociacio-de-dones-la-roca-fodadada","status":"publish","type":"post","link":"https:\/\/bisbalpenedes.com\/web\/2022\/02\/17\/actes-amb-motiu-del-8m-concert-de-veu-i-guitarra-amb-elena-gadel-i-marta-robles-i-dinar-organitzat-des-de-lassociacio-de-dones-la-roca-fodadada\/","title":{"rendered":"Actes amb motiu del 8M: Concert de veu i guitarra amb Elena Gadel i Marta Robles i dinar organitzat des de l&#8217;Associaci\u00f3 de Dones La Roca Fodadada"},"content":{"rendered":"\n<p>L\u2019Ajuntament de la Bisbal del Pened\u00e8s ha organitzat un concert de guitarra i veu amb Elena Gadel i Marta Robles amb motiu del Dia Internacional de la Dona. Tindr\u00e0 lloc el proper diumenge 6 de mar\u00e7 i, a continuaci\u00f3, es far\u00e0 un dinar popular organitzat des de l\u2019Associaci\u00f3 de Dones La Roca Foradada.<br>Per inscriure\u2019s al dinar cal adre\u00e7ar-se al local de l\u2019entitat (al davant de l\u2019Ajuntament) els dimecres d\u201911 a 12h o trucar al 622 649 297.<\/p>\n\n\n\n<hr class=\"wp-block-separator\"\/>\n\n\n\n<p>El Ayuntamiento de la Bisbal del Pened\u00e8s ha organizado un concierto de guitarra y voz con Elena Gadel y Marta Robles con motivo del D\u00eda Internacional de la Mujer. El concierto tendr\u00e1 lugar el pr\u00f3ximo domingo 6 de marzo y, a continuaci\u00f3n, se har\u00e1 una comida popular organizada desde la Associaci\u00f3 de Dones La Roca Foradada.<br>Para inscribirse a la comida hay que dirigirse al local de la entidad (delante del Ayuntamiento) los mi\u00e9rcoles de 11 a 12h o llamar al 622 649 297.<\/p>\n","protected":false},"excerpt":{"rendered":"<p>L\u2019Ajuntament de la Bisbal del Pened\u00e8s ha organitzat un concert de guitarra i veu amb Elena Gadel i Marta Robles amb motiu del Dia Internacional de la Dona. Tindr\u00e0 lloc &hellip; <a href=\"https:\/\/bisbalpenedes.com\/web\/2022\/02\/17\/actes-amb-motiu-del-8m-concert-de-veu-i-guitarra-amb-elena-gadel-i-marta-robles-i-dinar-organitzat-des-de-lassociacio-de-dones-la-roca-fodadada\/\" class=\"more-link\">Read More<\/a><\/p>\n","protected":false},"author":4,"featured_media":20965,"comment_status":"closed","ping_status":"closed","sticky":false,"template":"","format":"standard","meta":[],"categories":[2942,13,8],"tags":[4387,459,73,5090,105,5087,393,5089,5088,1374],"_links":{"self":[{"href":"https:\/\/bisbalpenedes.com\/web\/wp-json\/wp\/v2\/posts\/20964"}],"collection":[{"href":"https:\/\/bisbalpenedes.com\/web\/wp-json\/wp\/v2\/posts"}],"about":[{"href":"https:\/\/bisbalpenedes.com\/web\/wp-json\/wp\/v2\/types\/post"}],"author":[{"embeddable":true,"href":"https:\/\/bisbalpenedes.com\/web\/wp-json\/wp\/v2\/users\/4"}],"replies":[{"embeddable":true,"href":"https:\/\/bisbalpenedes.com\/web\/wp-json\/wp\/v2\/comments?post=20964"}],"version-history":[{"count":1,"href":"https:\/\/bisbalpenedes.com\/web\/wp-json\/wp\/v2\/posts\/20964\/revisions"}],"predecessor-version":[{"id":20966,"href":"https:\/\/bisbalpenedes.com\/web\/wp-json\/wp\/v2\/posts\/20964\/revisions\/20966"}],"wp:featuredmedia":[{"embeddable":true,"href":"https:\/\/bisbalpenedes.com\/web\/wp-json\/wp\/v2\/media\/20965"}],"wp:attachment":[{"href":"https:\/\/bisbalpenedes.com\/web\/wp-json\/wp\/v2\/media?parent=20964"}],"wp:term":[{"taxonomy":"category","embeddable":true,"href":"https:\/\/bisbalpenedes.com\/web\/wp-json\/wp\/v2\/categories?post=20964"},{"taxonomy":"post_tag","embeddable":true,"href":"https:\/\/bisbalpenedes.com\/web\/wp-json\/wp\/v2\/tags?post=20964"}],"curies":[{"name":"wp","href":"https:\/\/api.w.org\/{rel}","templated":true}]}}