{"id":20960,"date":"2022-02-17T08:03:37","date_gmt":"2022-02-17T06:03:37","guid":{"rendered":"https:\/\/bisbalpenedes.com\/web\/?p=20960"},"modified":"2022-02-17T08:03:37","modified_gmt":"2022-02-17T06:03:37","slug":"avis-sobre-possibles-incidencies-en-la-tdt-a-partir-de-la-setmana-vinent","status":"publish","type":"post","link":"https:\/\/bisbalpenedes.com\/web\/2022\/02\/17\/avis-sobre-possibles-incidencies-en-la-tdt-a-partir-de-la-setmana-vinent\/","title":{"rendered":"Av\u00eds sobre possibles incid\u00e8ncies en la TDT a partir de la setmana vinent"},"content":{"rendered":"\n<p>Us informem que, a partir de la setmana vinent (la setmana del 21 de febrer de 2022), els operadors m\u00f2bils engegaran la fase inicial de l&#8217;activaci\u00f3 de la tecnologia 5G, a la banda de 700 MHz, a la Bisbal del Pened\u00e8s. Aquesta activaci\u00f3 suposar\u00e0 una millor cobertura i velocitat de connexi\u00f3 a internet, aix\u00ed com la millora de serveis de televisi\u00f3, entre altres. No obstant aix\u00f2, durant aquesta activaci\u00f3, alguns ve\u00efns i ve\u00efnes podr\u00edeu experimentar alguna incid\u00e8ncia relacionada amb la recepci\u00f3 del senyal de la Televisi\u00f3 Digital Terrestre (TDT).&nbsp;<\/p>\n\n\n\n<p>Per tot plegat, us informem que Llega700 \u00e9s l&#8217;empresa que gestionar\u00e0, de forma gratu\u00efta per a la ciutadania, les incid\u00e8ncies en la recepci\u00f3 del senyal de la TDT causades per l&#8217;activaci\u00f3 de les tecnologies de 700 MHz a la Bisbal del Pened\u00e8s.<\/p>\n\n\n\n<p>Per a incid\u00e8ncies, podeu adre\u00e7ar-vos:<\/p>\n\n\n\n<p>Al tel\u00e8fon gratu\u00eft: 900 833 999<\/p>\n\n\n\n<p>Al correu electr\u00f2nic: ayuda@llega700.es<\/p>\n\n\n\n<hr class=\"wp-block-separator\"\/>\n\n\n\n<p><strong>CASTELLANO<\/strong> | Os informamos de que, a partir de la semana que viene (la semana del 21 de febrero de 2022), los operadores m\u00f3viles arrancaran la fase inicial de activaci\u00f3n de la tecnolog\u00eda 5G, en la banda de 700 MHz, en la Bisbal del Pened\u00e8s. Esta activaci\u00f3n supondr\u00e1 una mejor cobertura y velocidad de conexi\u00f3n a internet, as\u00ed como la mejora de servicios de televisi\u00f3n, entre otros. No obstante, durante esta activaci\u00f3n, algunos vecinos y vecinas podr\u00edais experimentar alguna incidencia relacionada con la recepci\u00f3n de la se\u00f1al de la Televisi\u00f3n Digital Terrestre (TDT).<\/p>\n\n\n\n<p>Por todo ello, os informamos que Llega 700 es la empresa que gestionar\u00e1, de forma gratuita para la ciudadan\u00eda, las incidencias en la recepci\u00f3n de la se\u00f1al de la TDT causadas por la activaci\u00f3n de las tecnolog\u00edas de 700 MHz en la Bisbal del Pened\u00e8s.<\/p>\n\n\n\n<p>Para incidencias, pod\u00e9is dirigiros:<\/p>\n\n\n\n<p>Al tel\u00e9fono gratuito: 900 833 999<\/p>\n\n\n\n<p>Al correo electr\u00f3nico: ayuda@llega700.es&nbsp;<\/p>\n","protected":false},"excerpt":{"rendered":"<p>Us informem que, a partir de la setmana vinent (la setmana del 21 de febrer de 2022), els operadors m\u00f2bils engegaran la fase inicial de l&#8217;activaci\u00f3 de la tecnologia 5G, &hellip; <a href=\"https:\/\/bisbalpenedes.com\/web\/2022\/02\/17\/avis-sobre-possibles-incidencies-en-la-tdt-a-partir-de-la-setmana-vinent\/\" class=\"more-link\">Read More<\/a><\/p>\n","protected":false},"author":4,"featured_media":20961,"comment_status":"closed","ping_status":"closed","sticky":false,"template":"","format":"standard","meta":[],"categories":[1628,8],"tags":[5086,292,393,289,1457],"_links":{"self":[{"href":"https:\/\/bisbalpenedes.com\/web\/wp-json\/wp\/v2\/posts\/20960"}],"collection":[{"href":"https:\/\/bisbalpenedes.com\/web\/wp-json\/wp\/v2\/posts"}],"about":[{"href":"https:\/\/bisbalpenedes.com\/web\/wp-json\/wp\/v2\/types\/post"}],"author":[{"embeddable":true,"href":"https:\/\/bisbalpenedes.com\/web\/wp-json\/wp\/v2\/users\/4"}],"replies":[{"embeddable":true,"href":"https:\/\/bisbalpenedes.com\/web\/wp-json\/wp\/v2\/comments?post=20960"}],"version-history":[{"count":1,"href":"https:\/\/bisbalpenedes.com\/web\/wp-json\/wp\/v2\/posts\/20960\/revisions"}],"predecessor-version":[{"id":20962,"href":"https:\/\/bisbalpenedes.com\/web\/wp-json\/wp\/v2\/posts\/20960\/revisions\/20962"}],"wp:featuredmedia":[{"embeddable":true,"href":"https:\/\/bisbalpenedes.com\/web\/wp-json\/wp\/v2\/media\/20961"}],"wp:attachment":[{"href":"https:\/\/bisbalpenedes.com\/web\/wp-json\/wp\/v2\/media?parent=20960"}],"wp:term":[{"taxonomy":"category","embeddable":true,"href":"https:\/\/bisbalpenedes.com\/web\/wp-json\/wp\/v2\/categories?post=20960"},{"taxonomy":"post_tag","embeddable":true,"href":"https:\/\/bisbalpenedes.com\/web\/wp-json\/wp\/v2\/tags?post=20960"}],"curies":[{"name":"wp","href":"https:\/\/api.w.org\/{rel}","templated":true}]}}