{"id":2096,"date":"2017-03-17T00:19:52","date_gmt":"2017-03-16T18:19:52","guid":{"rendered":"http:\/\/bisbalpenedes.com\/web\/?p=2096"},"modified":"2017-03-17T00:22:43","modified_gmt":"2017-03-16T18:22:43","slug":"ordre-del-dia-del-ple-ordinari-del-dilluns-20-de-marc-a-les-19h","status":"publish","type":"post","link":"https:\/\/bisbalpenedes.com\/web\/2017\/03\/17\/ordre-del-dia-del-ple-ordinari-del-dilluns-20-de-marc-a-les-19h\/","title":{"rendered":"Ordre del dia del Ple Ordinari del dilluns 20 de mar\u00e7 a les 19h"},"content":{"rendered":"<p>Ordre del dia:<\/p>\n<p>1. Aprovaci\u00f3 de l\u2019acta anterior ordin\u00e0ria del 19 de desembre del 2016, i extraordin\u00e0ria del 09 de febrer de 2017<\/p>\n<p>2. Donar compte dels Decrets d\u2019Alcaldia<\/p>\n<p>3. Donar compte de la modificaci\u00f3 de la denominaci\u00f3 de Converg\u00e8ncia i Uni\u00f3 (CIU) a partit Dem\u00f2crata PdeCAT (Exp.117\/2017)<\/p>\n<p>4.Donar compte de la modificaci\u00f3 de la denominaci\u00f3 de SB-CP (Socialistes de la Bisbal-Candidatura de Progr\u00e9s) a PSC (Partit dels Socialistes de Catalunya) (Exp. 278\/2017)<\/p>\n<p>5. Aprovaci\u00f3 inicial de la modificaci\u00f3 de l\u2019ordenan\u00e7a municipal reguladora de les bases de subvencions en mat\u00e8ria d\u2019ensenyament (Exp. 277\/2017)<\/p>\n<p>6. Aprovaci\u00f3 de l\u2019ordenan\u00e7a reguladora de les bases generals per l\u2019atorgament d\u2019ajuts individualitzats a fam\u00edlies en situacions socioecon\u00f2miques desfavorides per l\u2019adquisici\u00f3 de llibres de text, transport escolar intramunicipal del Consell Comarcal del Baix Pened\u00e8s i de la quota anual de l\u2019AMPA curs escolar 2017-2018 (Exp. 286\/2017)<\/p>\n<p>7. Aprovaci\u00f3 definitiva de la desafectaci\u00f3 de part de l\u2019edifici p\u00fablic escolar corresponent al carrer Baix Pened\u00e8s n\u00fam.8 (Casa dels Mestres) (Exp. 125\/2016)<\/p>\n<p>8. Aprovaci\u00f3 provisional de la modificaci\u00f3 de les NN.SS de planejament de la Bisbal del Pened\u00e8s, en s\u00f2l urb\u00e0, per al canvi de qualificaci\u00f3 urban\u00edstica de les antigues cases dels mestres situades a l\u2019Avgda. Del Baix Pened\u00e8s (Exp. 837\/2016)<\/p>\n<p>9. Aprovaci\u00f3 modificaci\u00f3 plantilla creaci\u00f3 d\u2019una pla\u00e7a de t\u00e8cnic especialista Llar d\u2019Infants (Exp. 119\/2017)<\/p>\n<p>10 . Aprovaci\u00f3 conveni de col\u00b7laboraci\u00f3 entre l\u2019institut d\u2019estudis Penedesencs i l\u2019Ajuntament de la Bisbal del Pened\u00e8s. (Exp. 294\/2017)<\/p>\n<p>11. Aprovaci\u00f3 de l\u2019adhesi\u00f3 de l\u2019Ajuntament de la Bisbal del Pened\u00e8s al nou conveni de col\u00b7laboraci\u00f3 per a l\u2019enc\u00e0rrec de gesti\u00f3 de la licitaci\u00f3 del subministrament i implantaci\u00f3 d\u2019una aplicaci\u00f3 inform\u00e0tica per a la gesti\u00f3 de la comptabilitat i m\u00f2duls conexes, entre el Consell Comarcal del Baix Pened\u00e8s i diversos ajuntaments de la comarca. (Exp. 1268\/2016)<\/p>\n<p>12. Aprovaci\u00f3 conveni d\u2019adhesi\u00f3 entre el consorci de promoci\u00f3 tur\u00edstica del Pened\u00e8s i l\u2019Ajuntament de la Bisbal del Pened\u00e8s. (Exp. 282\/2017)<\/p>\n<p>13.- Aprovaci\u00f3 de conveni de col\u00b7laboraci\u00f3 entre l\u2019administraci\u00f3 de la Generalitat de Catalunya, mitjan\u00e7ant el departament de territori i sostenibilitat, la Diputaci\u00f3 de Tarragona i l\u2019Ajuntament de la Bisbal del Pened\u00e8s, per al canvi de titularitat de diversos trams de les carreteres T-240, TP-2402 i de la carretera de l\u2019Albornar. (Exp. 266\/2017)<\/p>\n<p>14. Moci\u00f3 d\u2019adhesi\u00f3 al pacte nacional pel refer\u00e8ndum. (Exp. 265\/2017)<\/p>\n<p>15. Moci\u00f3 del PSC (SB-CP) de la Bisbal del Pened\u00e8s demanant l\u2019inici urgent dels processos de concertaci\u00f3 territorial amb els municipis en mat\u00e8ria d\u2019ocupaci\u00f3. (Exp. 69\/2017)<\/p>\n<p>16. Moci\u00f3 que presenta el PSC (SB-CP) per un nou pacte constitucional que renovi les relacions de conviv\u00e8ncia entre Catalunya i Espanya. (Exp. 69\/2017)<\/p>\n<p>17. Moci\u00f3 que presenta el PSC (SB-CP) de l\u2019Ajuntament de la Bisbal del Pened\u00e8s contra les pr\u00e0ctiques abusives de les empreses del sector el\u00e8ctric, la qualitat del subministrament, per una millora de la inversi\u00f3 a la xarxa i pel compliment del protocol de pobresa energ\u00e8tica. (exp. 69\/2017)<\/p>\n<p>18. Moci\u00f3 del PSC (SB-CP) de la Bisbal del Pened\u00e8s per recuperar places residencials per a gent gran i centres de dia als municipis. (Exp. 69\/2017)<\/p>\n<p>19. Moci\u00f3 del PSC (SB-CP) de l\u2019Ajuntament de la Bisbal del Pened\u00e8s per a la defensa dels interessos de les persones afectades per les cl\u00e0usules s\u00f2l, IRPH, despeses en la formalitzaci\u00f3 de les hipoteques i pel seu acompanyament i assessorament en el proc\u00e9s de reclamaci\u00f3<br \/>\n(Exp.69\/2017)<\/p>\n<p>20. Precs i preguntes<\/p>\n","protected":false},"excerpt":{"rendered":"<p>Ordre del dia: 1. Aprovaci\u00f3 de l\u2019acta anterior ordin\u00e0ria del 19 de desembre del 2016, i extraordin\u00e0ria del 09 de febrer de 2017 2. Donar compte dels Decrets d\u2019Alcaldia 3. &hellip; <a href=\"https:\/\/bisbalpenedes.com\/web\/2017\/03\/17\/ordre-del-dia-del-ple-ordinari-del-dilluns-20-de-marc-a-les-19h\/\" class=\"more-link\">Read More<\/a><\/p>\n","protected":false},"author":4,"featured_media":21,"comment_status":"closed","ping_status":"closed","sticky":false,"template":"","format":"standard","meta":[],"categories":[4],"tags":[243,242,139],"_links":{"self":[{"href":"https:\/\/bisbalpenedes.com\/web\/wp-json\/wp\/v2\/posts\/2096"}],"collection":[{"href":"https:\/\/bisbalpenedes.com\/web\/wp-json\/wp\/v2\/posts"}],"about":[{"href":"https:\/\/bisbalpenedes.com\/web\/wp-json\/wp\/v2\/types\/post"}],"author":[{"embeddable":true,"href":"https:\/\/bisbalpenedes.com\/web\/wp-json\/wp\/v2\/users\/4"}],"replies":[{"embeddable":true,"href":"https:\/\/bisbalpenedes.com\/web\/wp-json\/wp\/v2\/comments?post=2096"}],"version-history":[{"count":4,"href":"https:\/\/bisbalpenedes.com\/web\/wp-json\/wp\/v2\/posts\/2096\/revisions"}],"predecessor-version":[{"id":2100,"href":"https:\/\/bisbalpenedes.com\/web\/wp-json\/wp\/v2\/posts\/2096\/revisions\/2100"}],"wp:featuredmedia":[{"embeddable":true,"href":"https:\/\/bisbalpenedes.com\/web\/wp-json\/wp\/v2\/media\/21"}],"wp:attachment":[{"href":"https:\/\/bisbalpenedes.com\/web\/wp-json\/wp\/v2\/media?parent=2096"}],"wp:term":[{"taxonomy":"category","embeddable":true,"href":"https:\/\/bisbalpenedes.com\/web\/wp-json\/wp\/v2\/categories?post=2096"},{"taxonomy":"post_tag","embeddable":true,"href":"https:\/\/bisbalpenedes.com\/web\/wp-json\/wp\/v2\/tags?post=2096"}],"curies":[{"name":"wp","href":"https:\/\/api.w.org\/{rel}","templated":true}]}}