{"id":20956,"date":"2022-02-17T19:41:11","date_gmt":"2022-02-17T17:41:11","guid":{"rendered":"https:\/\/bisbalpenedes.com\/web\/?p=20956"},"modified":"2022-02-17T19:41:11","modified_gmt":"2022-02-17T17:41:11","slug":"lajuntament-de-la-bisbal-del-penedes-dona-suport-als-treballadors-i-treballadores-de-lhospital-del-vendrell","status":"publish","type":"post","link":"https:\/\/bisbalpenedes.com\/web\/2022\/02\/17\/lajuntament-de-la-bisbal-del-penedes-dona-suport-als-treballadors-i-treballadores-de-lhospital-del-vendrell\/","title":{"rendered":"L&#8217;Ajuntament de la Bisbal del Pened\u00e8s dona suport als treballadors i treballadores de l&#8217;Hospital del Vendrell"},"content":{"rendered":"\n<p>El regidor de Sanitat de l&#8217;Ajuntament de la Bisbal del Pened\u00e8s, Feliu Gil, ha assistit -juntament amb altres representants municipals de la comarca- a la concentraci\u00f3 de treballadors i sanitaris que ha tingut lloc aquest dimecres al davant de l&#8217;Hospital Comarcal del Vendrell. Els alcaldes i regidors de la comarca han pres part de la concentraci\u00f3 reivindicativa amb l&#8217;objectiu de donar suport als treballadors, que denuncien la precarietat laboral i manca de recursos amb la que han de treballar di\u00e0riament. Des del Consell Comarcal del Baix Pened\u00e8s ja fa temps que es reclama un augment de la plantilla i, sobretot, l&#8217;ampliaci\u00f3 de l&#8217;hospital d&#8217;acord amb l&#8217;increment de poblaci\u00f3 que ha experimentat la comarca en els darrers temps.&nbsp;<\/p>\n\n\n\n<hr class=\"wp-block-separator\"\/>\n\n\n\n<p>El concejal de Sanidad del Ayuntamiento de la Bisbal del Pened\u00e8s, Feliu Gil, ha asistido -junto con otros representantes municipales de la comarca- a la concentraci\u00f3n de trabajadores y sanitarios que ha tenido lugar este mi\u00e9rcoles delante del Hospital Comarcal del Vendrell. Los alcaldes y concejales de la comarca han tomado parte de la concentraci\u00f3n reivindicativa con el objetivo de apoyar a los trabajadores, que denuncian la precariedad laboral y la falta de recursos con la que tienen que trabajar a diario. Desde el Consell Comarcal del Baix Pened\u00e8s ya hace tiempo que se reclama un aumento de la plantilla y, sobre todo, la ampliaci\u00f3n del hospital de acuerdo con el incremento de poblaci\u00f3n que ha experimentado la comarca en los \u00faltimos tiempos.<\/p>\n","protected":false},"excerpt":{"rendered":"<p>El regidor de Sanitat de l&#8217;Ajuntament de la Bisbal del Pened\u00e8s, Feliu Gil, ha assistit -juntament amb altres representants municipals de la comarca- a la concentraci\u00f3 de treballadors i sanitaris &hellip; <a href=\"https:\/\/bisbalpenedes.com\/web\/2022\/02\/17\/lajuntament-de-la-bisbal-del-penedes-dona-suport-als-treballadors-i-treballadores-de-lhospital-del-vendrell\/\" class=\"more-link\">Read More<\/a><\/p>\n","protected":false},"author":4,"featured_media":20957,"comment_status":"closed","ping_status":"closed","sticky":false,"template":"","format":"standard","meta":[],"categories":[8,14],"tags":[459,4399,393,1374,28],"_links":{"self":[{"href":"https:\/\/bisbalpenedes.com\/web\/wp-json\/wp\/v2\/posts\/20956"}],"collection":[{"href":"https:\/\/bisbalpenedes.com\/web\/wp-json\/wp\/v2\/posts"}],"about":[{"href":"https:\/\/bisbalpenedes.com\/web\/wp-json\/wp\/v2\/types\/post"}],"author":[{"embeddable":true,"href":"https:\/\/bisbalpenedes.com\/web\/wp-json\/wp\/v2\/users\/4"}],"replies":[{"embeddable":true,"href":"https:\/\/bisbalpenedes.com\/web\/wp-json\/wp\/v2\/comments?post=20956"}],"version-history":[{"count":3,"href":"https:\/\/bisbalpenedes.com\/web\/wp-json\/wp\/v2\/posts\/20956\/revisions"}],"predecessor-version":[{"id":20963,"href":"https:\/\/bisbalpenedes.com\/web\/wp-json\/wp\/v2\/posts\/20956\/revisions\/20963"}],"wp:featuredmedia":[{"embeddable":true,"href":"https:\/\/bisbalpenedes.com\/web\/wp-json\/wp\/v2\/media\/20957"}],"wp:attachment":[{"href":"https:\/\/bisbalpenedes.com\/web\/wp-json\/wp\/v2\/media?parent=20956"}],"wp:term":[{"taxonomy":"category","embeddable":true,"href":"https:\/\/bisbalpenedes.com\/web\/wp-json\/wp\/v2\/categories?post=20956"},{"taxonomy":"post_tag","embeddable":true,"href":"https:\/\/bisbalpenedes.com\/web\/wp-json\/wp\/v2\/tags?post=20956"}],"curies":[{"name":"wp","href":"https:\/\/api.w.org\/{rel}","templated":true}]}}