{"id":20915,"date":"2022-02-11T14:34:36","date_gmt":"2022-02-11T12:34:36","guid":{"rendered":"https:\/\/bisbalpenedes.com\/web\/?p=20915"},"modified":"2022-02-11T14:35:27","modified_gmt":"2022-02-11T12:35:27","slug":"noves-mesures-per-la-covid-19","status":"publish","type":"post","link":"https:\/\/bisbalpenedes.com\/web\/2022\/02\/11\/noves-mesures-per-la-covid-19\/","title":{"rendered":"Noves mesures per la COVID-19"},"content":{"rendered":"\n<p>Aquestes s\u00f3n les mesures vigents per la COVID-19. En destaquen l&#8217;eliminaci\u00f3 de l&#8217;\u00fas de la mascareta en espais exteriors (tret d&#8217;excepcions) i la reobertura de l&#8217;oci nocturn sense l\u00edmit d&#8217;aforament.<\/p>\n\n\n\n<p>Per a m\u00e9s informaci\u00f3 podeu accedir a aquest enlla\u00e7:&nbsp;<a href=\"https:\/\/canalsalut.gencat.cat\/ca\/salut-a-z\/c\/coronavirus-2019-ncov\/ciutadania\/mesures\/10-febrer\/\">https:\/\/canalsalut.gencat.cat\/ca\/salut-a-z\/c\/coronavirus-2019-ncov\/ciutadania\/mesures\/10-febrer\/<\/a><\/p>\n\n\n\n<hr class=\"wp-block-separator\"\/>\n\n\n\n<p>Estas son las medidas vigentes por la COVID-19. Destacan la eliminaci\u00f3n del uso de la mascarilla en espacios exteriores (salvo excepciones) y la reapertura del ocio nocturno sin l\u00edmite de aforo.<\/p>\n\n\n\n<p>Para m\u00e1s informaci\u00f3n pod\u00e9is acceder a este enlace:\u00a0<a href=\"https:\/\/canalsalut.gencat.cat\/ca\/salut-a-z\/c\/coronavirus-2019-ncov\/ciutadania\/mesures\/10-febrer\/\">https:\/\/canalsalut.gencat.cat\/ca\/salut-a-z\/c\/coronavirus-2019-ncov\/ciutadania\/mesures\/10-febrer\/<\/a><\/p>\n\n\n\n<figure class=\"wp-block-image size-large\"><img loading=\"lazy\" width=\"724\" height=\"1024\" src=\"https:\/\/bisbalpenedes.com\/web\/wp-content\/uploads\/2022\/02\/65C26191-2015-43B7-B091-5F088AF5F966-724x1024.jpeg\" alt=\"\" class=\"wp-image-20919\" srcset=\"https:\/\/bisbalpenedes.com\/web\/wp-content\/uploads\/2022\/02\/65C26191-2015-43B7-B091-5F088AF5F966-724x1024.jpeg 724w, https:\/\/bisbalpenedes.com\/web\/wp-content\/uploads\/2022\/02\/65C26191-2015-43B7-B091-5F088AF5F966-600x849.jpeg 600w, https:\/\/bisbalpenedes.com\/web\/wp-content\/uploads\/2022\/02\/65C26191-2015-43B7-B091-5F088AF5F966-212x300.jpeg 212w, https:\/\/bisbalpenedes.com\/web\/wp-content\/uploads\/2022\/02\/65C26191-2015-43B7-B091-5F088AF5F966-768x1086.jpeg 768w, https:\/\/bisbalpenedes.com\/web\/wp-content\/uploads\/2022\/02\/65C26191-2015-43B7-B091-5F088AF5F966-1086x1536.jpeg 1086w, https:\/\/bisbalpenedes.com\/web\/wp-content\/uploads\/2022\/02\/65C26191-2015-43B7-B091-5F088AF5F966.jpeg 1414w\" sizes=\"(max-width: 724px) 100vw, 724px\" \/><\/figure>\n","protected":false},"excerpt":{"rendered":"<p>Aquestes s\u00f3n les mesures vigents per la COVID-19. En destaquen l&#8217;eliminaci\u00f3 de l&#8217;\u00fas de la mascareta en espais exteriors (tret d&#8217;excepcions) i la reobertura de l&#8217;oci nocturn sense l\u00edmit d&#8217;aforament. &hellip; <a href=\"https:\/\/bisbalpenedes.com\/web\/2022\/02\/11\/noves-mesures-per-la-covid-19\/\" class=\"more-link\">Read More<\/a><\/p>\n","protected":false},"author":4,"featured_media":20916,"comment_status":"closed","ping_status":"closed","sticky":false,"template":"","format":"standard","meta":[],"categories":[3636,4095,8,14],"tags":[3550,3559,393,145,28],"_links":{"self":[{"href":"https:\/\/bisbalpenedes.com\/web\/wp-json\/wp\/v2\/posts\/20915"}],"collection":[{"href":"https:\/\/bisbalpenedes.com\/web\/wp-json\/wp\/v2\/posts"}],"about":[{"href":"https:\/\/bisbalpenedes.com\/web\/wp-json\/wp\/v2\/types\/post"}],"author":[{"embeddable":true,"href":"https:\/\/bisbalpenedes.com\/web\/wp-json\/wp\/v2\/users\/4"}],"replies":[{"embeddable":true,"href":"https:\/\/bisbalpenedes.com\/web\/wp-json\/wp\/v2\/comments?post=20915"}],"version-history":[{"count":2,"href":"https:\/\/bisbalpenedes.com\/web\/wp-json\/wp\/v2\/posts\/20915\/revisions"}],"predecessor-version":[{"id":20920,"href":"https:\/\/bisbalpenedes.com\/web\/wp-json\/wp\/v2\/posts\/20915\/revisions\/20920"}],"wp:featuredmedia":[{"embeddable":true,"href":"https:\/\/bisbalpenedes.com\/web\/wp-json\/wp\/v2\/media\/20916"}],"wp:attachment":[{"href":"https:\/\/bisbalpenedes.com\/web\/wp-json\/wp\/v2\/media?parent=20915"}],"wp:term":[{"taxonomy":"category","embeddable":true,"href":"https:\/\/bisbalpenedes.com\/web\/wp-json\/wp\/v2\/categories?post=20915"},{"taxonomy":"post_tag","embeddable":true,"href":"https:\/\/bisbalpenedes.com\/web\/wp-json\/wp\/v2\/tags?post=20915"}],"curies":[{"name":"wp","href":"https:\/\/api.w.org\/{rel}","templated":true}]}}