{"id":20913,"date":"2022-02-11T12:10:46","date_gmt":"2022-02-11T10:10:46","guid":{"rendered":"https:\/\/bisbalpenedes.com\/web\/?p=20913"},"modified":"2022-02-11T12:10:46","modified_gmt":"2022-02-11T10:10:46","slug":"la-junta-de-govern-del-proper-dilluns-14-de-febrer-inclou-una-proposta-amb-competencies-del-ple-delegades-a-la-junta-de-govern","status":"publish","type":"post","link":"https:\/\/bisbalpenedes.com\/web\/2022\/02\/11\/la-junta-de-govern-del-proper-dilluns-14-de-febrer-inclou-una-proposta-amb-competencies-del-ple-delegades-a-la-junta-de-govern\/","title":{"rendered":"La Junta de Govern del proper dilluns 14 de febrer inclou una proposta amb compet\u00e8ncies del Ple delegades a la Junta de Govern"},"content":{"rendered":"\n<p>La Junta de Govern del proper dilluns 14 de febrer inclou una proposta amb compet\u00e8ncies del Ple delegades a la Junta de Govern<\/p>\n\n\n\n<ul><li>Aprovar la ren\u00fancia de la darrera empresa en la licitaci\u00f3 de les obres i declarar desert el procediment de licitaci\u00f3 de les obres<\/li><\/ul>\n\n\n\n<p>Les sessions de la Junta de Govern Local no s\u00f3n p\u00fabliques, per\u00f2 quan actua amb compet\u00e8ncies delegades del Ple, la sessi\u00f3 se sotmet als mateixos requisits de publicitat que les sessions del Ple, que s\u00f3n p\u00fabliques. Aix\u00ed ho va declarar la STS 161\/2013, de 26 de setembre. Per aquest motiu,&nbsp;<strong>el dilluns 14 de febrer, a les 19:30h, s\u2019obriran les portes de la sala de Plens perqu\u00e8, qui ho desitgi, pugui assistir com a p\u00fablic<\/strong>&nbsp;a l\u2019explicaci\u00f3 i votaci\u00f3 d\u2019aquests punts de la Junta de Govern.<\/p>\n\n\n\n<p>Per tot plegat, s\u2019ha fet arribar la informaci\u00f3 d\u2019aquesta proposta als regidors i regidores de l\u2019oposici\u00f3, convidant-los assistir com a p\u00fablic. Tot i que aquest punt s\u2019obre a l\u2019assist\u00e8ncia de p\u00fablic, tamb\u00e9 es gravar\u00e0 i es publicar\u00e0 el v\u00eddeo durant els propers dies per garantir la seva publicitat.<\/p>\n\n\n\n<hr class=\"wp-block-separator\"\/>\n\n\n\n<p>La Junta de Gobierno del pr\u00f3ximo lunes 14 de febrero incluye una propuesta con competencias del Pleno delegadas a la Junta de Gobierno:<\/p>\n\n\n\n<ul><li>Aprobar la renuncia de la \u00faltima empresa en la licitaci\u00f3n de las obras y declarar desierto el procedimiento de licitaci\u00f3n de las obras<\/li><\/ul>\n\n\n\n<p>Las sesiones de la Junta de Gobierno Local no son p\u00fablicas, pero cuando act\u00faa con competencias delegadas del Pleno, la sesi\u00f3n se somete a los mismos requisitos de publicidad que las sesiones del Pleno, que son p\u00fablicas. As\u00ed lo declar\u00f3 la STS 161\/2013, de 26 de septiembre. Por este motivo, <strong>el lunes 14 de febrero, a las 19:30h, se abrir\u00e1n las puertas de la sala de plenos para que, quien lo desee, pueda asistir como p\u00fablico <\/strong>a la explicaci\u00f3n y votaci\u00f3n de estos puntos de la Junta de Gobierno.<\/p>\n\n\n\n<p>Por todo ello, se les ha hecho llegar a los concejales y concejalas de la oposici\u00f3n la informaci\u00f3n sobre esta propuesta, invit\u00e1ndoles a asistir como p\u00fablico. Aunque este punto se abre a la asistencia de p\u00fablico, tambi\u00e9n se grabar\u00e1 y se publicar\u00e1 el v\u00eddeo durante los pr\u00f3ximos d\u00edas para garantizar su publicidad.<\/p>\n","protected":false},"excerpt":{"rendered":"<p>La Junta de Govern del proper dilluns 14 de febrer inclou una proposta amb compet\u00e8ncies del Ple delegades a la Junta de Govern Aprovar la ren\u00fancia de la darrera empresa &hellip; <a href=\"https:\/\/bisbalpenedes.com\/web\/2022\/02\/11\/la-junta-de-govern-del-proper-dilluns-14-de-febrer-inclou-una-proposta-amb-competencies-del-ple-delegades-a-la-junta-de-govern\/\" class=\"more-link\">Read More<\/a><\/p>\n","protected":false},"author":4,"featured_media":20833,"comment_status":"closed","ping_status":"closed","sticky":false,"template":"","format":"standard","meta":[],"categories":[19,3085,8,2250,15],"tags":[3985,4175,4964,686,393,267,483],"_links":{"self":[{"href":"https:\/\/bisbalpenedes.com\/web\/wp-json\/wp\/v2\/posts\/20913"}],"collection":[{"href":"https:\/\/bisbalpenedes.com\/web\/wp-json\/wp\/v2\/posts"}],"about":[{"href":"https:\/\/bisbalpenedes.com\/web\/wp-json\/wp\/v2\/types\/post"}],"author":[{"embeddable":true,"href":"https:\/\/bisbalpenedes.com\/web\/wp-json\/wp\/v2\/users\/4"}],"replies":[{"embeddable":true,"href":"https:\/\/bisbalpenedes.com\/web\/wp-json\/wp\/v2\/comments?post=20913"}],"version-history":[{"count":1,"href":"https:\/\/bisbalpenedes.com\/web\/wp-json\/wp\/v2\/posts\/20913\/revisions"}],"predecessor-version":[{"id":20914,"href":"https:\/\/bisbalpenedes.com\/web\/wp-json\/wp\/v2\/posts\/20913\/revisions\/20914"}],"wp:featuredmedia":[{"embeddable":true,"href":"https:\/\/bisbalpenedes.com\/web\/wp-json\/wp\/v2\/media\/20833"}],"wp:attachment":[{"href":"https:\/\/bisbalpenedes.com\/web\/wp-json\/wp\/v2\/media?parent=20913"}],"wp:term":[{"taxonomy":"category","embeddable":true,"href":"https:\/\/bisbalpenedes.com\/web\/wp-json\/wp\/v2\/categories?post=20913"},{"taxonomy":"post_tag","embeddable":true,"href":"https:\/\/bisbalpenedes.com\/web\/wp-json\/wp\/v2\/tags?post=20913"}],"curies":[{"name":"wp","href":"https:\/\/api.w.org\/{rel}","templated":true}]}}