{"id":20905,"date":"2022-02-10T20:11:10","date_gmt":"2022-02-10T18:11:10","guid":{"rendered":"https:\/\/bisbalpenedes.com\/web\/?p=20905"},"modified":"2022-02-10T20:11:10","modified_gmt":"2022-02-10T18:11:10","slug":"els-participants-en-le-bike-day-penedes-2022-vindran-a-dinar-a-la-bisbal-del-penedes","status":"publish","type":"post","link":"https:\/\/bisbalpenedes.com\/web\/2022\/02\/10\/els-participants-en-le-bike-day-penedes-2022-vindran-a-dinar-a-la-bisbal-del-penedes\/","title":{"rendered":"Els participants en l&#8217;E-Bike Day Pened\u00e8s 2022 vindran a dinar a La Bisbal del Pened\u00e8s"},"content":{"rendered":"\n<figure class=\"wp-block-image size-large\"><img loading=\"lazy\" width=\"768\" height=\"1024\" src=\"https:\/\/bisbalpenedes.com\/web\/wp-content\/uploads\/2022\/02\/RODA-PREMSA-AGNE\u0300S-PARLARN-768x1024.jpeg\" alt=\"\" class=\"wp-image-20906\" srcset=\"https:\/\/bisbalpenedes.com\/web\/wp-content\/uploads\/2022\/02\/RODA-PREMSA-AGNE\u0300S-PARLARN-768x1024.jpeg 768w, https:\/\/bisbalpenedes.com\/web\/wp-content\/uploads\/2022\/02\/RODA-PREMSA-AGNE\u0300S-PARLARN-600x800.jpeg 600w, https:\/\/bisbalpenedes.com\/web\/wp-content\/uploads\/2022\/02\/RODA-PREMSA-AGNE\u0300S-PARLARN-225x300.jpeg 225w, https:\/\/bisbalpenedes.com\/web\/wp-content\/uploads\/2022\/02\/RODA-PREMSA-AGNE\u0300S-PARLARN-1152x1536.jpeg 1152w, https:\/\/bisbalpenedes.com\/web\/wp-content\/uploads\/2022\/02\/RODA-PREMSA-AGNE\u0300S-PARLARN.jpeg 1536w\" sizes=\"(max-width: 768px) 100vw, 768px\" \/><figcaption>Roda de premsa de presentaci\u00f3 duta a terme el 10 de febrer de 2022<\/figcaption><\/figure>\n\n\n\n<p>El proper 12 de mar\u00e7 tindr\u00e0 lloc la segona edici\u00f3 de l&#8217;E-Bike Day Pened\u00e8s (E-BIKE), una activitat de cicloturisme, amb bicicleta el\u00e8ctrica, que pret\u00e9n donar a con\u00e8ixer els paisatges, la gastronomia i la gent del Pened\u00e8s. Aquest mat\u00ed s&#8217;ha fet la presentaci\u00f3 per als mitjans de comunicaci\u00f3 i s&#8217;ha explicat que la sortida ser\u00e0 des de Cunit i es faran aturades a Sant Jaume dels Domenys, la Bisbal del Pened\u00e8s i al port de Segur de Calafell per arribar, de nou, a Cunit.<\/p>\n\n\n\n<p>La sortida ser\u00e0 des de Cunit, a les 10h del mat\u00ed, i s&#8217;arribar\u00e0 a Sant Jaume dels Domenys, on es far\u00e0 una degustaci\u00f3 del delici\u00f3s vi dol\u00e7 Trepat de Cellers Domenys, acompanyat de coca dol\u00e7a. A continuaci\u00f3, es podr\u00e0 triar entre dues rutes que, per diferents camins, portaran els participants a la Bisbal del Pened\u00e8s, en concret al camp d&#8217;oliveres d&#8217;on es cullen les olives per fer Oli Torclum, on els participants faran un dinar a base de productes de km.0: vermut amb patates Piqu\u00e9, &nbsp;entrep\u00e0 de botifarra a la brasa amb vins de Cellers Domenys i &nbsp;crema catalana del Restaurant Ull de Llebre de Bisbal del Pened\u00e8s. Despr\u00e9s de dinar, els participants emprendran cam\u00ed cap al port de Segur de Calafell, on es podr\u00e0 degustar una copa de Cava Calafell amb un tall de coca, abans de tornar al punt de partida -el passeig Mar\u00edtim de Cunit- on hi haur\u00e0 m\u00fasica en viu, una copa de Bandarra al Fresco i es podr\u00e0 gaudir de la bonica posta de sol des de la platja.<\/p>\n\n\n\n<p>Enguany es proposen dues opcions de recorregut: una b\u00e0sica de 56km i 600m de desnivell i una t\u00e8cnica de 62km i 900 de desnivell. Les inscripcions &nbsp;s\u00f3n limitades i van a molt bon ritme. Es poden fer a <a href=\"http:\/\/www.ebiketour.es\/\">www.ebiketour.es<\/a>.<\/p>\n\n\n\n<hr class=\"wp-block-separator\"\/>\n\n\n\n<figure class=\"wp-container-2 wp-block-gallery-1 wp-block-gallery columns-3 is-cropped\"><ul class=\"blocks-gallery-grid\"><li class=\"blocks-gallery-item\"><figure><img loading=\"lazy\" width=\"1024\" height=\"682\" src=\"https:\/\/bisbalpenedes.com\/web\/wp-content\/uploads\/2022\/02\/EBIKE-TOUR-2021-2-1024x682.jpeg\" alt=\"\" data-id=\"20907\" data-full-url=\"https:\/\/bisbalpenedes.com\/web\/wp-content\/uploads\/2022\/02\/EBIKE-TOUR-2021-2.jpeg\" data-link=\"https:\/\/bisbalpenedes.com\/web\/?attachment_id=20907\" class=\"wp-image-20907\" srcset=\"https:\/\/bisbalpenedes.com\/web\/wp-content\/uploads\/2022\/02\/EBIKE-TOUR-2021-2-1024x682.jpeg 1024w, https:\/\/bisbalpenedes.com\/web\/wp-content\/uploads\/2022\/02\/EBIKE-TOUR-2021-2-600x400.jpeg 600w, https:\/\/bisbalpenedes.com\/web\/wp-content\/uploads\/2022\/02\/EBIKE-TOUR-2021-2-300x200.jpeg 300w, https:\/\/bisbalpenedes.com\/web\/wp-content\/uploads\/2022\/02\/EBIKE-TOUR-2021-2-768x512.jpeg 768w, https:\/\/bisbalpenedes.com\/web\/wp-content\/uploads\/2022\/02\/EBIKE-TOUR-2021-2-1536x1023.jpeg 1536w, https:\/\/bisbalpenedes.com\/web\/wp-content\/uploads\/2022\/02\/EBIKE-TOUR-2021-2.jpeg 2048w\" sizes=\"(max-width: 1024px) 100vw, 1024px\" \/><\/figure><\/li><li class=\"blocks-gallery-item\"><figure><img loading=\"lazy\" width=\"1024\" height=\"682\" src=\"https:\/\/bisbalpenedes.com\/web\/wp-content\/uploads\/2022\/02\/EBIKE-TOUR-2021-3-1024x682.jpeg\" alt=\"\" data-id=\"20908\" data-full-url=\"https:\/\/bisbalpenedes.com\/web\/wp-content\/uploads\/2022\/02\/EBIKE-TOUR-2021-3.jpeg\" data-link=\"https:\/\/bisbalpenedes.com\/web\/?attachment_id=20908\" class=\"wp-image-20908\" srcset=\"https:\/\/bisbalpenedes.com\/web\/wp-content\/uploads\/2022\/02\/EBIKE-TOUR-2021-3-1024x682.jpeg 1024w, https:\/\/bisbalpenedes.com\/web\/wp-content\/uploads\/2022\/02\/EBIKE-TOUR-2021-3-600x400.jpeg 600w, https:\/\/bisbalpenedes.com\/web\/wp-content\/uploads\/2022\/02\/EBIKE-TOUR-2021-3-300x200.jpeg 300w, https:\/\/bisbalpenedes.com\/web\/wp-content\/uploads\/2022\/02\/EBIKE-TOUR-2021-3-768x512.jpeg 768w, https:\/\/bisbalpenedes.com\/web\/wp-content\/uploads\/2022\/02\/EBIKE-TOUR-2021-3-1536x1023.jpeg 1536w, https:\/\/bisbalpenedes.com\/web\/wp-content\/uploads\/2022\/02\/EBIKE-TOUR-2021-3.jpeg 2048w\" sizes=\"(max-width: 1024px) 100vw, 1024px\" \/><\/figure><\/li><li class=\"blocks-gallery-item\"><figure><img loading=\"lazy\" width=\"1024\" height=\"682\" src=\"https:\/\/bisbalpenedes.com\/web\/wp-content\/uploads\/2022\/02\/EBIKE-TOUR-2021-4-1024x682.jpeg\" alt=\"\" data-id=\"20909\" data-full-url=\"https:\/\/bisbalpenedes.com\/web\/wp-content\/uploads\/2022\/02\/EBIKE-TOUR-2021-4.jpeg\" data-link=\"https:\/\/bisbalpenedes.com\/web\/?attachment_id=20909\" class=\"wp-image-20909\" srcset=\"https:\/\/bisbalpenedes.com\/web\/wp-content\/uploads\/2022\/02\/EBIKE-TOUR-2021-4-1024x682.jpeg 1024w, https:\/\/bisbalpenedes.com\/web\/wp-content\/uploads\/2022\/02\/EBIKE-TOUR-2021-4-600x400.jpeg 600w, https:\/\/bisbalpenedes.com\/web\/wp-content\/uploads\/2022\/02\/EBIKE-TOUR-2021-4-300x200.jpeg 300w, https:\/\/bisbalpenedes.com\/web\/wp-content\/uploads\/2022\/02\/EBIKE-TOUR-2021-4-768x512.jpeg 768w, https:\/\/bisbalpenedes.com\/web\/wp-content\/uploads\/2022\/02\/EBIKE-TOUR-2021-4-1536x1023.jpeg 1536w, https:\/\/bisbalpenedes.com\/web\/wp-content\/uploads\/2022\/02\/EBIKE-TOUR-2021-4.jpeg 2048w\" sizes=\"(max-width: 1024px) 100vw, 1024px\" \/><\/figure><\/li><li class=\"blocks-gallery-item\"><figure><img loading=\"lazy\" width=\"1024\" height=\"682\" src=\"https:\/\/bisbalpenedes.com\/web\/wp-content\/uploads\/2022\/02\/EBIKE-TOUR-2021-1024x682.jpeg\" alt=\"\" data-id=\"20910\" data-full-url=\"https:\/\/bisbalpenedes.com\/web\/wp-content\/uploads\/2022\/02\/EBIKE-TOUR-2021.jpeg\" data-link=\"https:\/\/bisbalpenedes.com\/web\/?attachment_id=20910\" class=\"wp-image-20910\" srcset=\"https:\/\/bisbalpenedes.com\/web\/wp-content\/uploads\/2022\/02\/EBIKE-TOUR-2021-1024x682.jpeg 1024w, https:\/\/bisbalpenedes.com\/web\/wp-content\/uploads\/2022\/02\/EBIKE-TOUR-2021-600x400.jpeg 600w, https:\/\/bisbalpenedes.com\/web\/wp-content\/uploads\/2022\/02\/EBIKE-TOUR-2021-300x200.jpeg 300w, https:\/\/bisbalpenedes.com\/web\/wp-content\/uploads\/2022\/02\/EBIKE-TOUR-2021-768x512.jpeg 768w, https:\/\/bisbalpenedes.com\/web\/wp-content\/uploads\/2022\/02\/EBIKE-TOUR-2021-1536x1023.jpeg 1536w, https:\/\/bisbalpenedes.com\/web\/wp-content\/uploads\/2022\/02\/EBIKE-TOUR-2021.jpeg 2048w\" sizes=\"(max-width: 1024px) 100vw, 1024px\" \/><figcaption class=\"blocks-gallery-item__caption\">Fotos de l&#8217;edici\u00f3 de 2021<\/figcaption><\/figure><\/li><\/ul><\/figure>\n\n\n\n<p><strong>CASTELLANO |<\/strong> El pr\u00f3ximo 12 de marzo tendr\u00e1 lugar la segunda edici\u00f3n de l&#8217;E-Bike Day Pened\u00e8s (EBIKE), una actividad de cicloturismo, con bicicleta el\u00e9ctrica, que pretende dar a conocer los paisajes, la gastronom\u00eda y la gente del Pened\u00e8s. Esta ma\u00f1ana se ha realizado la presentaci\u00f3n para los medios de comunicaci\u00f3n y se ha explicado que la salida ser\u00e1 desde Cunit y que se har\u00e1n paradas en Sant Jaume dels Domenys, la Bisbal del Pened\u00e8s y en el puerto de Segur de Calafell para llegar, de nuevo, a Cunit.<\/p>\n\n\n\n<p>La salida ser\u00e1 desde Cunit, a las 10h de la ma\u00f1ana, y se llegar\u00e1 a Sant Jaume dels Domenys, donde se har\u00e1 una degustaci\u00f3n del delicioso vino dulce Trepat de Cellers Domenys, acompa\u00f1ado de coca dulce. A continuaci\u00f3n, se podr\u00e1 escoger entre dos rutas que, por distintos caminos, llevar\u00e1n a los participantes a la Bisbal del Pened\u00e8s, en concreto al campo de olivos de donde se recogen las olivas para hacer Oli Torclum, donde los participantes har\u00e1n una comida a base de productos de km.0: vermut con patatas Piqu\u00e9, bocadillo de butifarra a la brasa con vinos de Cellers Domenys y crema catalana del Restaurante ull de Llebre de la Bisbal del Pened\u00e8s. Despu\u00e9s de comer, los participantes emprender\u00e1n el camino hacia el puerto de Segur de Calafell, donde se podr\u00e1 degustar una coa de Cava Calafell con un trozo de coca, antes de volver al punto de partida -el paseo Mar\u00edtimo de Cunit- donde habr\u00e1 m\u00fasica en vivo, una copa de Bandarra al Fresco y se podr\u00e1 disfrutar de la bonita puesta de sol desde la playa.<\/p>\n\n\n\n<p>Este a\u00f1o se proponen dos opciones de recorrido: una b\u00e1sica de 56km y 600m de desnivel y una t\u00e9cnica de 62km y 900 de desnivel. Las inscripciones son limitadas y van a muy buen ritmo. Se pueden hacer en <a href=\"http:\/\/www.ebiketour.es\/\">www.ebiketour.es<\/a>.<\/p>\n","protected":false},"excerpt":{"rendered":"<p>El proper 12 de mar\u00e7 tindr\u00e0 lloc la segona edici\u00f3 de l&#8217;E-Bike Day Pened\u00e8s (E-BIKE), una activitat de cicloturisme, amb bicicleta el\u00e8ctrica, que pret\u00e9n donar a con\u00e8ixer els paisatges, la &hellip; <a href=\"https:\/\/bisbalpenedes.com\/web\/2022\/02\/10\/els-participants-en-le-bike-day-penedes-2022-vindran-a-dinar-a-la-bisbal-del-penedes\/\" class=\"more-link\">Read More<\/a><\/p>\n","protected":false},"author":4,"featured_media":20908,"comment_status":"closed","ping_status":"closed","sticky":false,"template":"","format":"standard","meta":[],"categories":[4155,8,4878],"tags":[459,5078,5077,5079,5076,393,1374,2517],"_links":{"self":[{"href":"https:\/\/bisbalpenedes.com\/web\/wp-json\/wp\/v2\/posts\/20905"}],"collection":[{"href":"https:\/\/bisbalpenedes.com\/web\/wp-json\/wp\/v2\/posts"}],"about":[{"href":"https:\/\/bisbalpenedes.com\/web\/wp-json\/wp\/v2\/types\/post"}],"author":[{"embeddable":true,"href":"https:\/\/bisbalpenedes.com\/web\/wp-json\/wp\/v2\/users\/4"}],"replies":[{"embeddable":true,"href":"https:\/\/bisbalpenedes.com\/web\/wp-json\/wp\/v2\/comments?post=20905"}],"version-history":[{"count":1,"href":"https:\/\/bisbalpenedes.com\/web\/wp-json\/wp\/v2\/posts\/20905\/revisions"}],"predecessor-version":[{"id":20911,"href":"https:\/\/bisbalpenedes.com\/web\/wp-json\/wp\/v2\/posts\/20905\/revisions\/20911"}],"wp:featuredmedia":[{"embeddable":true,"href":"https:\/\/bisbalpenedes.com\/web\/wp-json\/wp\/v2\/media\/20908"}],"wp:attachment":[{"href":"https:\/\/bisbalpenedes.com\/web\/wp-json\/wp\/v2\/media?parent=20905"}],"wp:term":[{"taxonomy":"category","embeddable":true,"href":"https:\/\/bisbalpenedes.com\/web\/wp-json\/wp\/v2\/categories?post=20905"},{"taxonomy":"post_tag","embeddable":true,"href":"https:\/\/bisbalpenedes.com\/web\/wp-json\/wp\/v2\/tags?post=20905"}],"curies":[{"name":"wp","href":"https:\/\/api.w.org\/{rel}","templated":true}]}}