{"id":20900,"date":"2022-02-10T10:41:21","date_gmt":"2022-02-10T08:41:21","guid":{"rendered":"https:\/\/bisbalpenedes.com\/web\/?p=20900"},"modified":"2022-02-10T10:41:21","modified_gmt":"2022-02-10T08:41:21","slug":"ja-no-es-obligatori-dur-la-mascareta-en-exteriors-consulteu-les-excepcions","status":"publish","type":"post","link":"https:\/\/bisbalpenedes.com\/web\/2022\/02\/10\/ja-no-es-obligatori-dur-la-mascareta-en-exteriors-consulteu-les-excepcions\/","title":{"rendered":"Ja no \u00e9s obligatori dur la mascareta en exteriors (consulteu les excepcions)"},"content":{"rendered":"\n<p>Ja no \u00e9s obligatori dur la mascareta en exteriors.<\/p>\n\n\n\n<p>S\u00ed que \u00e9s obligat\u00f2ria:<\/p>\n\n\n\n<ul><li>Al transport p\u00fablic<\/li><li>En espais tancats d&#8217;\u00fas p\u00fablic o oberts al p\u00fablic&nbsp;<\/li><li>En esdeveniments multitudinaris a peu. Tamb\u00e9 si els assistents estan asseguts i no hi ha una dist\u00e0ncia d&#8217;1,5m.<\/li><\/ul>\n\n\n\n<p><strong>Excepcions<\/strong>: per dificultat respirat\u00f2ria, per discapacitat o depend\u00e8ncia, fent esport, menjant o bevent.<\/p>\n\n\n\n<hr class=\"wp-block-separator\"\/>\n\n\n\n<p>Ya no es obligatorio llevar la mascarilla en exteriores.<\/p>\n\n\n\n<p>S\u00ed que es obligatoria:<\/p>\n\n\n\n<ul><li>En el transporte p\u00fablico<\/li><li>En espacios cerrados de uso p\u00fablico o abiertos al p\u00fablico<\/li><li>En acontecimientos multitudinarios a pie. Tambi\u00e9n si los asistentes est\u00e1n sentados y&nbsp;&nbsp;no hay una distancia de 1,5m.<\/li><\/ul>\n\n\n\n<p><strong>Excepciones<\/strong>: por dificultad respiratoria, por discapacidad o dependencia, haciendo deporte, comiendo o bebiendo.<\/p>\n","protected":false},"excerpt":{"rendered":"<p>Ja no \u00e9s obligatori dur la mascareta en exteriors. S\u00ed que \u00e9s obligat\u00f2ria: Al transport p\u00fablic En espais tancats d&#8217;\u00fas p\u00fablic o oberts al p\u00fablic&nbsp; En esdeveniments multitudinaris a peu. &hellip; <a href=\"https:\/\/bisbalpenedes.com\/web\/2022\/02\/10\/ja-no-es-obligatori-dur-la-mascareta-en-exteriors-consulteu-les-excepcions\/\" class=\"more-link\">Read More<\/a><\/p>\n","protected":false},"author":4,"featured_media":20901,"comment_status":"closed","ping_status":"closed","sticky":false,"template":"","format":"standard","meta":[],"categories":[3636,4095,8,14],"tags":[3550,3559,393,4096,145],"_links":{"self":[{"href":"https:\/\/bisbalpenedes.com\/web\/wp-json\/wp\/v2\/posts\/20900"}],"collection":[{"href":"https:\/\/bisbalpenedes.com\/web\/wp-json\/wp\/v2\/posts"}],"about":[{"href":"https:\/\/bisbalpenedes.com\/web\/wp-json\/wp\/v2\/types\/post"}],"author":[{"embeddable":true,"href":"https:\/\/bisbalpenedes.com\/web\/wp-json\/wp\/v2\/users\/4"}],"replies":[{"embeddable":true,"href":"https:\/\/bisbalpenedes.com\/web\/wp-json\/wp\/v2\/comments?post=20900"}],"version-history":[{"count":1,"href":"https:\/\/bisbalpenedes.com\/web\/wp-json\/wp\/v2\/posts\/20900\/revisions"}],"predecessor-version":[{"id":20902,"href":"https:\/\/bisbalpenedes.com\/web\/wp-json\/wp\/v2\/posts\/20900\/revisions\/20902"}],"wp:featuredmedia":[{"embeddable":true,"href":"https:\/\/bisbalpenedes.com\/web\/wp-json\/wp\/v2\/media\/20901"}],"wp:attachment":[{"href":"https:\/\/bisbalpenedes.com\/web\/wp-json\/wp\/v2\/media?parent=20900"}],"wp:term":[{"taxonomy":"category","embeddable":true,"href":"https:\/\/bisbalpenedes.com\/web\/wp-json\/wp\/v2\/categories?post=20900"},{"taxonomy":"post_tag","embeddable":true,"href":"https:\/\/bisbalpenedes.com\/web\/wp-json\/wp\/v2\/tags?post=20900"}],"curies":[{"name":"wp","href":"https:\/\/api.w.org\/{rel}","templated":true}]}}