{"id":209,"date":"2012-10-01T03:52:51","date_gmt":"2012-09-30T21:52:51","guid":{"rendered":"http:\/\/bisbalpenedes.com\/web\/?p=209"},"modified":"2013-06-14T14:11:23","modified_gmt":"2013-06-14T08:11:23","slug":"servei-de-podologia","status":"publish","type":"post","link":"https:\/\/bisbalpenedes.com\/web\/2012\/10\/01\/servei-de-podologia\/","title":{"rendered":"Servei de podologia"},"content":{"rendered":"<p>Despr\u00e8s d\u2019un temps d\u2019haver tingut que deixar d\u2019oferir el servei de podologia, per problemes de salut de la persona que el feia, m\u2019\u00e9s grat comunicar-vos que aquest servei es posa de nou al vostre abast.<\/p>\n<p>El servei esta \u00a0est\u00e0 adre\u00e7at a totes les persones empadronades i que viuen a la Bisbal i que tenen el cadastre i els impostos regularitzats.<\/p>\n<p>&nbsp;<\/p>\n<p>El servei comen\u00e7ar\u00e0 el mes de mar\u00e7, i el pod\u00f2leg \u00e9s el Sr. Carles Paz.<\/p>\n<p>&nbsp;<\/p>\n<p>L\u2019horari del servei ser\u00e0 de 11 a 12:30 hores, el primer i l\u2019\u00faltim divendres de cada mes.<\/p>\n<p>&nbsp;<\/p>\n<p>Les persones interessades podeu demanar dia i hora a les oficines municipals.<\/p>\n<p>&nbsp;<\/p>\n<p>&nbsp;<\/p>\n<p>&nbsp;<\/p>\n","protected":false},"excerpt":{"rendered":"<p>Despr\u00e8s d\u2019un temps d\u2019haver tingut que deixar d\u2019oferir el servei de podologia, per problemes de salut de la persona que el feia, m\u2019\u00e9s grat comunicar-vos que aquest servei es posa &hellip; <a href=\"https:\/\/bisbalpenedes.com\/web\/2012\/10\/01\/servei-de-podologia\/\" class=\"more-link\">Read More<\/a><\/p>\n","protected":false},"author":1,"featured_media":211,"comment_status":"closed","ping_status":"open","sticky":false,"template":"","format":"standard","meta":[],"categories":[14],"tags":[],"_links":{"self":[{"href":"https:\/\/bisbalpenedes.com\/web\/wp-json\/wp\/v2\/posts\/209"}],"collection":[{"href":"https:\/\/bisbalpenedes.com\/web\/wp-json\/wp\/v2\/posts"}],"about":[{"href":"https:\/\/bisbalpenedes.com\/web\/wp-json\/wp\/v2\/types\/post"}],"author":[{"embeddable":true,"href":"https:\/\/bisbalpenedes.com\/web\/wp-json\/wp\/v2\/users\/1"}],"replies":[{"embeddable":true,"href":"https:\/\/bisbalpenedes.com\/web\/wp-json\/wp\/v2\/comments?post=209"}],"version-history":[{"count":6,"href":"https:\/\/bisbalpenedes.com\/web\/wp-json\/wp\/v2\/posts\/209\/revisions"}],"predecessor-version":[{"id":549,"href":"https:\/\/bisbalpenedes.com\/web\/wp-json\/wp\/v2\/posts\/209\/revisions\/549"}],"wp:featuredmedia":[{"embeddable":true,"href":"https:\/\/bisbalpenedes.com\/web\/wp-json\/wp\/v2\/media\/211"}],"wp:attachment":[{"href":"https:\/\/bisbalpenedes.com\/web\/wp-json\/wp\/v2\/media?parent=209"}],"wp:term":[{"taxonomy":"category","embeddable":true,"href":"https:\/\/bisbalpenedes.com\/web\/wp-json\/wp\/v2\/categories?post=209"},{"taxonomy":"post_tag","embeddable":true,"href":"https:\/\/bisbalpenedes.com\/web\/wp-json\/wp\/v2\/tags?post=209"}],"curies":[{"name":"wp","href":"https:\/\/api.w.org\/{rel}","templated":true}]}}