{"id":20897,"date":"2022-02-09T20:28:23","date_gmt":"2022-02-09T18:28:23","guid":{"rendered":"https:\/\/bisbalpenedes.com\/web\/?p=20897"},"modified":"2022-02-09T20:28:23","modified_gmt":"2022-02-09T18:28:23","slug":"shan-installat-reductors-de-velocitat-a-la-c-51z-al-seu-pas-per-lentrada-a-can-gordei","status":"publish","type":"post","link":"https:\/\/bisbalpenedes.com\/web\/2022\/02\/09\/shan-installat-reductors-de-velocitat-a-la-c-51z-al-seu-pas-per-lentrada-a-can-gordei\/","title":{"rendered":"S&#8217;han instal\u00b7lat reductors de velocitat a la C-51z al seu pas per l&#8217;entrada a Can Gordei"},"content":{"rendered":"\n<p>El Servei Territorial de carreteres de la Generalitat de Catalunya ha fet una actuaci\u00f3 per reduir la velocitat dels vehicles i augmentar la seguretat en el tram de la C-51z, al seu pas per la primera entrada de Can Gordei, direcci\u00f3 Valls.&nbsp;<\/p>\n\n\n\n<p>En total s\u2019han instal\u00b7lat 8 bandes reductores de velocitat perqu\u00e8 els vehicles circulin amb precauci\u00f3 quan passin per la zona d\u2019acc\u00e9s a la urbanitzaci\u00f3.<\/p>\n\n\n\n<p>L\u2019alcaldessa de la Bisbal del Pened\u00e8s, Agn\u00e8s Ferr\u00e9, s\u2019ha mostrat agra\u00efda de la celeritat amb qu\u00e8 s\u2019ha dut a terme aquesta actuaci\u00f3 i ha explicat que \u201caquesta va ser una de les actuacions necess\u00e0ries que li vaig traslladar al cap del Servei Territorial de Carreteres de Tarragona, Carlos Mingote, en la reuni\u00f3 que vam mantenir a principis d\u2019any\u201d.<\/p>\n\n\n\n<hr class=\"wp-block-separator\"\/>\n\n\n\n<p>El Servicio Territorial de carreteras de la Generalitat de Catalunya ha hecho una actuaci\u00f3n para reducir la velocidad de los veh\u00edculos y aumentar la seguridad en el tramo de la C-51z, a su paso por la primera entrada de Can Gordei, direcci\u00f3n Valls.<\/p>\n\n\n\n<p>En total se han instalado 8 bandas reductoras de velocidad para que los veh\u00edculos circulen con precauci\u00f3n cuando pasen por la zona de acceso a la urbanizaci\u00f3n.<\/p>\n\n\n\n<p>La alcaldesa de la Bisbal del Pened\u00e8s, Agn\u00e8s Ferr\u00e9, se ha mostrado agradecida por la celeridad con la que se ha llevado a cabo esta actuaci\u00f3n y ha explicado que \u201cesta fue una de las actuaciones necesarias que le traslad\u00e9 al jefe del Servicio Territorial de Carreteras de Tarragona, Carlos Mingote, en la reuni\u00f3n que mantuvimos a principios de a\u00f1o\u201d.<\/p>\n","protected":false},"excerpt":{"rendered":"<p>El Servei Territorial de carreteres de la Generalitat de Catalunya ha fet una actuaci\u00f3 per reduir la velocitat dels vehicles i augmentar la seguretat en el tram de la C-51z, &hellip; <a href=\"https:\/\/bisbalpenedes.com\/web\/2022\/02\/09\/shan-installat-reductors-de-velocitat-a-la-c-51z-al-seu-pas-per-lentrada-a-can-gordei\/\" class=\"more-link\">Read More<\/a><\/p>\n","protected":false},"author":4,"featured_media":20898,"comment_status":"closed","ping_status":"closed","sticky":false,"template":"","format":"standard","meta":[],"categories":[2057,4287,3840,8],"tags":[5075,198,3841,393],"_links":{"self":[{"href":"https:\/\/bisbalpenedes.com\/web\/wp-json\/wp\/v2\/posts\/20897"}],"collection":[{"href":"https:\/\/bisbalpenedes.com\/web\/wp-json\/wp\/v2\/posts"}],"about":[{"href":"https:\/\/bisbalpenedes.com\/web\/wp-json\/wp\/v2\/types\/post"}],"author":[{"embeddable":true,"href":"https:\/\/bisbalpenedes.com\/web\/wp-json\/wp\/v2\/users\/4"}],"replies":[{"embeddable":true,"href":"https:\/\/bisbalpenedes.com\/web\/wp-json\/wp\/v2\/comments?post=20897"}],"version-history":[{"count":1,"href":"https:\/\/bisbalpenedes.com\/web\/wp-json\/wp\/v2\/posts\/20897\/revisions"}],"predecessor-version":[{"id":20899,"href":"https:\/\/bisbalpenedes.com\/web\/wp-json\/wp\/v2\/posts\/20897\/revisions\/20899"}],"wp:featuredmedia":[{"embeddable":true,"href":"https:\/\/bisbalpenedes.com\/web\/wp-json\/wp\/v2\/media\/20898"}],"wp:attachment":[{"href":"https:\/\/bisbalpenedes.com\/web\/wp-json\/wp\/v2\/media?parent=20897"}],"wp:term":[{"taxonomy":"category","embeddable":true,"href":"https:\/\/bisbalpenedes.com\/web\/wp-json\/wp\/v2\/categories?post=20897"},{"taxonomy":"post_tag","embeddable":true,"href":"https:\/\/bisbalpenedes.com\/web\/wp-json\/wp\/v2\/tags?post=20897"}],"curies":[{"name":"wp","href":"https:\/\/api.w.org\/{rel}","templated":true}]}}