{"id":20891,"date":"2022-02-08T21:07:53","date_gmt":"2022-02-08T19:07:53","guid":{"rendered":"https:\/\/bisbalpenedes.com\/web\/?p=20891"},"modified":"2022-02-08T21:09:22","modified_gmt":"2022-02-08T19:09:22","slug":"el-diumenge-20-de-febrer-podreu-veure-la-pellicula-las-leyes-de-la-frontera-del-cicle-gaudi-al-cmc","status":"publish","type":"post","link":"https:\/\/bisbalpenedes.com\/web\/2022\/02\/08\/el-diumenge-20-de-febrer-podreu-veure-la-pellicula-las-leyes-de-la-frontera-del-cicle-gaudi-al-cmc\/","title":{"rendered":"El diumenge 20 de febrer podreu veure la pel\u00b7l\u00edcula &#8216;Las leyes de la frontera&#8217; del Cicle Gaud\u00ed al CMC"},"content":{"rendered":"\n<p>Aquest mes de gener projectarem la pel\u00b7l\u00edcula &#8220;Las leyes de la frontera&#8221; del Cicle Gaud\u00ed al CMC. La projecci\u00f3 es far\u00e0 el diumenge 20 de febrer, a les 18h. El preu de l&#8217;entrada \u00e9s de 4,5\u20ac i s&#8217;ofereix un preu redu\u00eft de 3\u20ac presentant el carnet de la Biblioteca Municipal de la Bisbal.<\/p>\n\n\n\n<p>Quant a la recaptaci\u00f3, aquesta es destinar\u00e0 a l&#8217;entitat del poble que gestioni la venda d&#8217;entrades en cada projecci\u00f3, en aquest cas als Geganters i Grallers de la Societat Cultural i Recreativa Bisbalenca.<\/p>\n\n\n\n<p><strong>FITXA T\u00c8CNICA<\/strong><\/p>\n\n\n\n<p>Direcci\u00f3: Daniel Monz\u00f3n<\/p>\n\n\n\n<p>Gui\u00f3: Jorge Guerricaechevarr\u00eda, Daniel Monz\u00f3n<\/p>\n\n\n\n<p>Direcci\u00f3 de fotografia: Carles Gusi<\/p>\n\n\n\n<p>Estrena: Octubre 2021<\/p>\n\n\n\n<p>Durada: 121 min.<\/p>\n\n\n\n<p>G\u00e8nere: Thriller, Drama, Cinema quinqui<\/p>\n\n\n\n<p>Int\u00e8rprets: Marcos Ruiz, Bego\u00f1a Vargas, Chechu Salgado, Carlos Oviedo, Daniel Iba\u00f1ez, Guillermo lasheras, Santiago Molero, Ainhoa Santamar\u00eda, Xavier Mart\u00edn, Pep Tosar, Xavi S\u00e1ez, Jorge Aparicio, Cintia Garcia<\/p>\n\n\n\n<p><strong>SINOPSI<\/strong><\/p>\n\n\n\n<p>La pel\u00b7l\u00edcula, basada en la novel\u00b7la hom\u00f2nima de Javier Cercas, explica la hist\u00f2ria de l&#8217;Ignacio, un jove de Girona que coneix dos delinq\u00fcents del barri xin\u00e8s de la ciutat un estiu de 1978. Sense preveure-ho, les seves noves companyies l&#8217;endinsen en constants furts, robatoris i atracaments per la ciutat. L&#8217;Ignacio anir\u00e0 creixent a mesura que viu una intr\u00e8pida hist\u00f2ria entre el b\u00e9 i el mal.<\/p>\n\n\n\n<p><strong>El film de Daniel Monz\u00f3n ens mostra la cara m\u00e9s emotiva del cinema quinqui.<\/strong><\/p>\n\n\n\n<figure class=\"wp-block-embed is-type-video is-provider-youtube wp-block-embed-youtube wp-embed-aspect-16-9 wp-has-aspect-ratio\"><div class=\"wp-block-embed__wrapper\">\n<iframe loading=\"lazy\" title=\"Cicle Gaud\u00ed: &quot;Las leyes de la frontera&quot;\" width=\"1170\" height=\"658\" src=\"https:\/\/www.youtube.com\/embed\/A6a-PXpBdGc?feature=oembed\" frameborder=\"0\" allow=\"accelerometer; autoplay; clipboard-write; encrypted-media; gyroscope; picture-in-picture\" allowfullscreen><\/iframe>\n<\/div><\/figure>\n\n\n\n<hr class=\"wp-block-separator\"\/>\n\n\n\n<p>Este mes de enero proyectaremos la pel\u00edcula &#8220;Las leyes de la frontera&#8221; del Cicle Gaud\u00ed en el CMC. La proyecci\u00f3n se har\u00e1 el domingo 20 de febrero, a las 18h. El precio de la entrada es de 4,5\u20ac y se ofrece un precio reducido de 3\u20ac presentando el carn\u00e9 de la Biblioteca Municipal de la Bisbal.<\/p>\n\n\n\n<p>En cuanto a la recaudaci\u00f3n, esta se destinar\u00e1 a la entidad del pueblo que gestione la venta de entradas en cada proyecci\u00f3n, en este caso a los Geganters i Grallers de la Societat Cultural i Recreativa Bisbalenca.<\/p>\n\n\n\n<p>FICHA T\u00c9CNICA<\/p>\n\n\n\n<p>Direcci\u00f3n: Daniel Monz\u00f3n<\/p>\n\n\n\n<p>Gui\u00f3n: Jorge Guerricaechevarr\u00eda, Daniel Monz\u00f3n<\/p>\n\n\n\n<p>Direcci\u00f3n de fotograf\u00eda: Carles Gusi<\/p>\n\n\n\n<p>Estreno: Octubre 2021<\/p>\n\n\n\n<p>Duraci\u00f3n: 121 min.<\/p>\n\n\n\n<p>G\u00e9nero: Thriller, Drama, Cine quinqui<\/p>\n\n\n\n<p>Int\u00e9rpretes: Marcos Ruiz, Bego\u00f1a Vargas, Chechu Salgado, CArlos Oviedo, Daniel Iba\u00f1ez, Guillermo Lasheras, Santiago Molero, Ainhoa Santamar\u00eda, Xavier Mart\u00edn, Pep Tosar, Xavi S\u00e1ez, Jorge Aparicio, Cintia Garcia<\/p>\n\n\n\n<p>SINOPSIS<\/p>\n\n\n\n<p>La pel\u00edcula, basada en la novela hom\u00f3nima de Javier Cercas, explica la historia de Ignacio, un joven de Girona que conoce a dos delincuentes del barrio chino de la ciudad un verano de 1978. Sin preverlo, sus nuevas compa\u00f1\u00edas lo introducen en constantes hurtos, robos y atracos por la ciudad. Ignacio ir\u00e1 creciendo a medida que vive una intr\u00e9pida historia entre el bien y el mal.<strong> <\/strong><\/p>\n\n\n\n<p><strong>El film de Daniel Monz\u00f3n nos muestra la cara m\u00e1s emotiva del cine quinqui.<\/strong><\/p>\n\n\n\n<p><\/p>\n","protected":false},"excerpt":{"rendered":"<p>Aquest mes de gener projectarem la pel\u00b7l\u00edcula &#8220;Las leyes de la frontera&#8221; del Cicle Gaud\u00ed al CMC. La projecci\u00f3 es far\u00e0 el diumenge 20 de febrer, a les 18h. El &hellip; <a href=\"https:\/\/bisbalpenedes.com\/web\/2022\/02\/08\/el-diumenge-20-de-febrer-podreu-veure-la-pellicula-las-leyes-de-la-frontera-del-cicle-gaudi-al-cmc\/\" class=\"more-link\">Read More<\/a><\/p>\n","protected":false},"author":4,"featured_media":20893,"comment_status":"closed","ping_status":"closed","sticky":false,"template":"","format":"standard","meta":[],"categories":[2942,13,8],"tags":[308,307,225,5073,393,5072,771],"_links":{"self":[{"href":"https:\/\/bisbalpenedes.com\/web\/wp-json\/wp\/v2\/posts\/20891"}],"collection":[{"href":"https:\/\/bisbalpenedes.com\/web\/wp-json\/wp\/v2\/posts"}],"about":[{"href":"https:\/\/bisbalpenedes.com\/web\/wp-json\/wp\/v2\/types\/post"}],"author":[{"embeddable":true,"href":"https:\/\/bisbalpenedes.com\/web\/wp-json\/wp\/v2\/users\/4"}],"replies":[{"embeddable":true,"href":"https:\/\/bisbalpenedes.com\/web\/wp-json\/wp\/v2\/comments?post=20891"}],"version-history":[{"count":2,"href":"https:\/\/bisbalpenedes.com\/web\/wp-json\/wp\/v2\/posts\/20891\/revisions"}],"predecessor-version":[{"id":20895,"href":"https:\/\/bisbalpenedes.com\/web\/wp-json\/wp\/v2\/posts\/20891\/revisions\/20895"}],"wp:featuredmedia":[{"embeddable":true,"href":"https:\/\/bisbalpenedes.com\/web\/wp-json\/wp\/v2\/media\/20893"}],"wp:attachment":[{"href":"https:\/\/bisbalpenedes.com\/web\/wp-json\/wp\/v2\/media?parent=20891"}],"wp:term":[{"taxonomy":"category","embeddable":true,"href":"https:\/\/bisbalpenedes.com\/web\/wp-json\/wp\/v2\/categories?post=20891"},{"taxonomy":"post_tag","embeddable":true,"href":"https:\/\/bisbalpenedes.com\/web\/wp-json\/wp\/v2\/tags?post=20891"}],"curies":[{"name":"wp","href":"https:\/\/api.w.org\/{rel}","templated":true}]}}