{"id":2089,"date":"2017-03-08T04:30:03","date_gmt":"2017-03-07T22:30:03","guid":{"rendered":"http:\/\/bisbalpenedes.com\/web\/?p=2089"},"modified":"2017-03-13T04:31:31","modified_gmt":"2017-03-12T22:31:31","slug":"sha-obert-el-termini-per-demanar-la-subvencio-per-naixement-o-adopcio","status":"publish","type":"post","link":"https:\/\/bisbalpenedes.com\/web\/2017\/03\/08\/sha-obert-el-termini-per-demanar-la-subvencio-per-naixement-o-adopcio\/","title":{"rendered":"S&#8217;ha obert el termini per demanar la subvenci\u00f3 per naixement o adopci\u00f3"},"content":{"rendered":"<p><a href=\"http:\/\/bisbalpenedes.com\/web\/wp-content\/uploads\/2017\/03\/nado1.jpg\"><img loading=\"lazy\" class=\"aligncenter\" title=\"nado\" src=\"http:\/\/bisbalpenedes.com\/web\/wp-content\/uploads\/2017\/03\/nado1-300x212.jpg\" alt=\"\" width=\"300\" height=\"212\" \/><\/a><\/p>\n<p>L\u2019Ajuntament de La Bisbal del Pened\u00e8s ofereix un \u2018xec nad\u00f3\u2019 valorat en 100\u20ac per gastar en comer\u00e7os del municipi als bisbalencs que hagin tingut o adoptat un nen o una nena durant el 2016. El termini per acollir-se a aquesta subvenci\u00f3 estar\u00e0 obert del 28 de febrer al 27 de mar\u00e7, ambd\u00f3s inclosos. Els sol\u00b7licitants hauran d\u2019entrar per registre d\u2019entrada a l\u2019Ajuntament la documentaci\u00f3 especificada a les bases de la convocat\u00f2ria, que poden descarregar-se a la part inferior d&#8217;aquesta nota.<\/p>\n<p>Per a m\u00e9s informaci\u00f3 contacteu amb l\u2019Ajuntament de La Bisbal del Pened\u00e8s per tel\u00e8fon: 977 68 84 38 o a trav\u00e9s del correu electr\u00f2nic:\u00a0<a href=\"mailto:info@bisbalpenedes.com\">info@bisbalpenedes.com<\/a>. Tamb\u00e9 podeu adre\u00e7ar-vos directament a la Casa de la Vila, al Carrer Major, 21.<\/p>\n<p>&nbsp;<\/p>\n<pre><\/pre>\n<pre>1. Bases Reguladores\r\nLes bases reguladores de la concessi\u00f3 d\u2019aquestes subvencions estan contingudes en \r\nl\u2019ordenan\u00e7a espec\u00edfica per a la concessi\u00f3 de subvencions a la natalitat i \r\nadopci\u00f3 , aprovada pel Ple de la corporaci\u00f3 en data 25 de novembre de 2015, i \r\npublicada en el Butllet\u00ed oficial de la prov\u00edncia.<\/pre>\n<pre>2. Cr\u00e8dits pressupostaris\r\nLa quantia total de la subvenci\u00f3 no podr\u00e0 superar la quantitat consignada en \r\nla partida 231.48003 del pressupost de l\u2019Ajuntament per a l\u2019exercici 2017.<\/pre>\n<pre>La subvenci\u00f3 t\u00e9 com a finalitat dinamitzar el comer\u00e7 local, donant-lo a \r\ncon\u00e8ixer a les fam\u00edlies que rebran el xec nad\u00f3. Pal\u2022liar les despeses ocasionades \r\nper l\u2019entrada d\u2019un nou membre a la fam\u00edlia.<\/pre>\n<pre>3. Requisits dels sol\u2022licitants\r\nQue el\/ la sol\u2022licitant estigui empadronat al municipi amb una antiguitat m\u00ednima \r\nde 6 mesos abans del naixement o adopci\u00f3 del nen\/a. I que el nen\/a hagi nascut \r\ndurant el 2016.<\/pre>\n<pre>4. \u00d2rgan competent per a la instrucci\u00f3 i resoluci\u00f3\r\nL\u2019\u00f2rgan competent per a la instrucci\u00f3 de l\u2019expedient \u00e9s l\u2019alcaldia.\r\nL\u2019\u00f2rgan competent per resoldre ser\u00e0 la Junta de Govern Local, en virtut de \r\nl\u2019article 7.4 de l\u2019ordenan\u00e7a general de subvencions<\/pre>\n<pre>5. Termini de presentaci\u00f3 de sol\u2022licituds i documentaci\u00f3\r\nLes sol\u2022licituds es formularan en el model que consta com a annex d\u2019aquesta \r\nconvocat\u00f2ria. \r\nEs dirigiran al Sra. alcaldessa-presidenta de l\u2019Ajuntament, i es\r\npresentaran en el registre d\u2019entrada de l\u2019Ajuntament o per qualsevol dels \r\nmitjans assenyalats en l\u2019article 16 de la Llei 39\/2015, d\u20191 d\u2019octubre del \r\nprocediment administratiu com\u00fa de les administracions p\u00fabliques en el \r\ntermini de vint dies h\u00e0bils des de la publicaci\u00f3 de la convocat\u00f2ria en el \r\nButllet\u00ed oficial de la prov\u00edncia. A la sol\u2022licitud cal aportar els documents \r\nseg\u00fcents:<\/pre>\n<pre>a) Model de sol\u2022licitud normalitzat en el qual hi haur\u00e0 de constar el nom \r\nde la persona sol\u2022licitant, adre\u00e7a, tel\u00e8fon, DNI. Aix\u00ed mateix, haur\u00e0 d'indicar \r\nuna adre\u00e7a de correu electr\u00f2nic a efectes de notificacions respecte a la subvenci\u00f3.\r\nEs podran presentar les sol\u2022licituds de manera telem\u00e0tica en els termes que preveu \r\nla Llei 39\/2015, d\u20191 d\u2019octubre del procediment administratiu com\u00fa de les \r\nadministracions p\u00fabliques<\/pre>\n<pre>6. Termini de resoluci\u00f3 i notificaci\u00f3\r\nEl termini de resoluci\u00f3 i notificaci\u00f3 ser\u00e0 de 60 dies des de la presentaci\u00f3 \r\nde la sol\u2022licitud.\r\nEl venciment del termini m\u00e0xim sense que s\u2019hagi notificat la resoluci\u00f3 legitima \r\nels interessats per entendre desestimada per silenci administratiu la sol\u2022licitud \r\nde concessi\u00f3 de la subvenci\u00f3.<\/pre>\n<pre>7. Pagament\r\nEl pagament de les quantitats que conformen la subvenci\u00f3 que s\u2019hagi concedit \r\ns\u2019efectuar\u00e0 dins de l\u2019exercici econ\u00f2mic que correspongui, en funci\u00f3 de la \r\ndisponibilitat pressupost\u00e0ria i d\u2019acord amb l\u2019art. 10 de les bases reguladores \r\nespec\u00edfiques.\r\nEn el cas de no existir cr\u00e8dit suficient la concessi\u00f3 de la subvenci\u00f3 quedaria \r\nsense efectes.<\/pre>\n<pre>8. Fi de la via administrativa\r\nL\u2019acte de resoluci\u00f3 de la subvenci\u00f3 esgota la via administrativa. De conformitat \r\namb all\u00f2 que estableix \r\nl\u2019article 123 de la Llei 39\/2015, d\u20191 d\u2019octubre<\/pre>\n<pre>del procediment administratiu com\u00fa de les administracions p\u00fabliques es podr\u00e0 \r\ninterposar recurs potestatiu de reposici\u00f3 davant la Junta de Govern Local d\u2019aquest \r\nAjuntament, en el termini d\u2019un mes a comptar des del dia seg\u00fcent de la recepci\u00f3 de \r\nla notificaci\u00f3, o b\u00e9 directament recurs contenci\u00f3s administratiu davant \r\ndel Jutjat contenci\u00f3s administratiu de Tarragona.<\/pre>\n<pre><\/pre>\n<pre>La Bisbal del Pened\u00e8s, \r\nL\u2019Alcaldessa-Presidenta\r\nAgn\u00e8s Ferr\u00e9 i Ca\u00f1ellas<\/pre>\n<pre>-Podeu descarregar aqu\u00ed el model de sol.licitud en format PDF:\r\n <a href=\"http:\/\/bisbalpenedes.com\/web\/wp-content\/uploads\/2017\/03\/Model_sol_xec_nado.pdf\" target=\"_blank\">Model_sol_xec_nado<\/a><\/pre>\n","protected":false},"excerpt":{"rendered":"<p>L\u2019Ajuntament de La Bisbal del Pened\u00e8s ofereix un \u2018xec nad\u00f3\u2019 valorat en 100\u20ac per gastar en comer\u00e7os del municipi als bisbalencs que hagin tingut o adoptat un nen o una &hellip; <a href=\"https:\/\/bisbalpenedes.com\/web\/2017\/03\/08\/sha-obert-el-termini-per-demanar-la-subvencio-per-naixement-o-adopcio\/\" class=\"more-link\">Read More<\/a><\/p>\n","protected":false},"author":4,"featured_media":2090,"comment_status":"closed","ping_status":"closed","sticky":false,"template":"","format":"standard","meta":[],"categories":[17],"tags":[241,165,102,164],"_links":{"self":[{"href":"https:\/\/bisbalpenedes.com\/web\/wp-json\/wp\/v2\/posts\/2089"}],"collection":[{"href":"https:\/\/bisbalpenedes.com\/web\/wp-json\/wp\/v2\/posts"}],"about":[{"href":"https:\/\/bisbalpenedes.com\/web\/wp-json\/wp\/v2\/types\/post"}],"author":[{"embeddable":true,"href":"https:\/\/bisbalpenedes.com\/web\/wp-json\/wp\/v2\/users\/4"}],"replies":[{"embeddable":true,"href":"https:\/\/bisbalpenedes.com\/web\/wp-json\/wp\/v2\/comments?post=2089"}],"version-history":[{"count":3,"href":"https:\/\/bisbalpenedes.com\/web\/wp-json\/wp\/v2\/posts\/2089\/revisions"}],"predecessor-version":[{"id":2094,"href":"https:\/\/bisbalpenedes.com\/web\/wp-json\/wp\/v2\/posts\/2089\/revisions\/2094"}],"wp:featuredmedia":[{"embeddable":true,"href":"https:\/\/bisbalpenedes.com\/web\/wp-json\/wp\/v2\/media\/2090"}],"wp:attachment":[{"href":"https:\/\/bisbalpenedes.com\/web\/wp-json\/wp\/v2\/media?parent=2089"}],"wp:term":[{"taxonomy":"category","embeddable":true,"href":"https:\/\/bisbalpenedes.com\/web\/wp-json\/wp\/v2\/categories?post=2089"},{"taxonomy":"post_tag","embeddable":true,"href":"https:\/\/bisbalpenedes.com\/web\/wp-json\/wp\/v2\/tags?post=2089"}],"curies":[{"name":"wp","href":"https:\/\/api.w.org\/{rel}","templated":true}]}}