{"id":20888,"date":"2022-02-14T09:38:29","date_gmt":"2022-02-14T07:38:29","guid":{"rendered":"https:\/\/bisbalpenedes.com\/web\/?p=20888"},"modified":"2022-02-14T09:38:29","modified_gmt":"2022-02-14T07:38:29","slug":"el-som-bisbal-obre-un-punt-informatiu-de-feina-presencial-al-cmc-per-posar-a-labast-dels-demandants-de-feina-totes-les-eines-per-a-la-recerca-activa-dofertes-laborals","status":"publish","type":"post","link":"https:\/\/bisbalpenedes.com\/web\/2022\/02\/14\/el-som-bisbal-obre-un-punt-informatiu-de-feina-presencial-al-cmc-per-posar-a-labast-dels-demandants-de-feina-totes-les-eines-per-a-la-recerca-activa-dofertes-laborals\/","title":{"rendered":"El SOM Bisbal obre un punt informatiu de feina presencial al CMC per posar a l&#8217;abast dels demandants de feina totes les eines per a la recerca activa d&#8217;ofertes laborals"},"content":{"rendered":"\n<p>El SOM Bisbal obre un punt informatiu de feina presencial per posar a l&#8217;abast dels demandants de feina totes les eines per a la recerca activa d&#8217;ofertes laborals. Aquest punt estar\u00e0 ubicat a la planta baixa del Centre Municipal de Cultura i obrir\u00e0 els dimarts i els dijous, de 10 a 13h, a partir del 22 de febrer. Per accedir-hi, no caldr\u00e0 demanar hora, nom\u00e9s personar-s&#8217;hi.&nbsp;<\/p>\n\n\n\n<p>All\u00e0, els usuaris podran trobar les ofertes de feina penjades en diversos taulells i, alhora, disposaran de dos ordinadors per poder fer consultes, confeccionar el seu curr\u00edculum vitae o penjar les seves dades i el curr\u00edculum en p\u00e0gines de recerca de feina.&nbsp;<\/p>\n\n\n\n<p>Aquest espai comptar\u00e0 amb l&#8217;assist\u00e8ncia de la t\u00e8cnica d&#8217;Ocupaci\u00f3 del SOM Bisbal per a resoldre dubtes, consultes i per ajudar els usuaris amb la seva recerca.&nbsp;<\/p>\n\n\n\n<p>A m\u00e9s, una vegada al mes, es comptar\u00e0 amb la pres\u00e8ncia d&#8217;una t\u00e8cnica de Joventut de Jove Baix Pened\u00e8s per oferir atenci\u00f3 personalitzada quant a orientaci\u00f3 acad\u00e8mica, el programa de Garantia Juvenil o els cursos que s&#8217;ofereixen des de Jove Baix Pened\u00e8s, entre altres.&nbsp;<\/p>\n\n\n\n<p>A m\u00e9s, l&#8217;espai est\u00e0 pensat per poder fer trobades presencials, monogr\u00e0fics i activitats din\u00e0miques, amb inscripci\u00f3 pr\u00e8via, que tinguin a veure amb el m\u00f3n de la inserci\u00f3 sociolaboral: habilitats per a la recerca de feina, tallers per treballar les entrevistes de treball, etc.<\/p>\n\n\n\n<p>Per a qualsevol dubte o consulta us podeu adre\u00e7ar al SOM Bisbal o al correu electr\u00f2nic&nbsp;<a href=\"mailto:ocupacio@bisbalpenedes.com\">ocupacio@bisbalpenedes.com<\/a><\/p>\n\n\n\n<hr class=\"wp-block-separator\"\/>\n\n\n\n<p><strong>CASTELLANO |&nbsp;<\/strong>El SOM Bisbal abre un punto informativo de trabajo presencial para poner&nbsp; &nbsp;&nbsp;a la disposici\u00f3n de los demandantes de trabajo todas las herramientas para la b\u00fasqueda activa de ofertas laborales. Este punto estar\u00e1 ubicado en la planta baja del Centre Municipal de Cultura y abrir\u00e1 los martes y los jueves, de 10h a 13h, a partir del 22 de febrero. Para acceder al servicio, no ser\u00e1 necesario pedir hora, simplemente habr\u00e1 que personarse en el CMC.<\/p>\n\n\n\n<p>All\u00ed, los usuarios podr\u00e1n encontrar las ofertas de trabajo colgadas en distintos tablones y, a la vez, disponer de dos ordenadores para poder hacer consultas, confeccionar su curr\u00edculum vitae o colar sus datos y el curr\u00edculum en p\u00e1ginas de b\u00fasqueda de trabajo.<\/p>\n\n\n\n<p>Este espacio contar\u00e1 con la asistencia de la t\u00e9cnica de Ocupaci\u00f3n del SOM Bisbal para resolver dudas, consultas y para ayudar a los usuarios con su b\u00fasqueda.<\/p>\n\n\n\n<p>Adem\u00e1s, una vez al mes, se contar\u00e1 con la presencia de una t\u00e9cnica de Juventud de Jove Baix Peed\u00e8s para ofrecer atenci\u00f3n personalizada en cuanto a orientaci\u00f3n acad\u00e9mica, el programa de Garant\u00eda Juvenil o los cursos que se ofrecen desde Jove Baix Pened\u00e8s, entre otros.<\/p>\n\n\n\n<p>Adem\u00e1s, el espacio est\u00e1 pensado para poder hacer encuentros presenciales, monogr\u00e1ficos y actividades din\u00e1micas, con inscripci\u00f3n previa, que tengan que ver con el mundo de la inserci\u00f3n sociolaboral: habilidades para la b\u00fasqueda de trabajo, talleres para trabajar las entrevistas de trabajo, etc.<\/p>\n\n\n\n<p>Para cualquier duda o consulta os pod\u00e9is dirigir al SOM Bisbal o al correo electr\u00f3nico&nbsp;<a href=\"mailto:ocupacio@bisbalpenedes.com\" target=\"_blank\" rel=\"noreferrer noopener\">ocupacio@bisbalpenedes.com<\/a><\/p>\n\n\n\n<p>Aquest espai comptar\u00e0 amb l&#8217;assist\u00e8ncia de la t\u00e8cnica d&#8217;Ocupaci\u00f3 del SOM Bisbal per a resoldre dubtes, consultes i per ajudar els usuaris amb la seva recerca.&nbsp;<\/p>\n\n\n\n<p>A m\u00e9s, una vegada al mes, es comptar\u00e0 amb la pres\u00e8ncia d&#8217;una t\u00e8cnica de Joventut de Jove Baix Pened\u00e8s per oferir atenci\u00f3 personalitzada quant a orientaci\u00f3 acad\u00e8mica, el programa de Garantia Juvenil o els cursos que s&#8217;ofereixen des de Jove Baix Pened\u00e8s, entre altres.&nbsp;<\/p>\n\n\n\n<p>A m\u00e9s, l&#8217;espai est\u00e0 pensat per poder fer trobades presencials, monogr\u00e0fics i activitats din\u00e0miques, amb inscripci\u00f3 pr\u00e8via, que tinguin a veure amb el m\u00f3n de la inserci\u00f3 sociolaboral: habilitats per a la recerca de feina, tallers per treballar les entrevistes de treball, etc.<\/p>\n\n\n\n<p>Per a qualsevol dubte o consulta us podeu adre\u00e7ar al SOM Bisbal o al correu electr\u00f2nic&nbsp;<a href=\"mailto:ocupacio@bisbalpenedes.com\">ocupacio@bisbalpenedes.com<\/a><\/p>\n\n\n\n<p>\u2014<\/p>\n\n\n\n<p><strong>CASTELLANO |&nbsp;<\/strong>El SOM Bisbal abre un punto informativo de trabajo presencial para poner&nbsp; &nbsp;&nbsp;a la disposici\u00f3n de los demandantes de trabajo todas las herramientas para la b\u00fasqueda activa de ofertas laborales. Este punto estar\u00e1 ubicado en la planta baja del Centre Municipal de Cultura y abrir\u00e1 los martes y los jueves, de 10h a 13h, a partir del 22 de febrero. Para acceder al servicio, no ser\u00e1 necesario pedir hora, simplemente habr\u00e1 que personarse en el CMC.<\/p>\n\n\n\n<p>All\u00ed, los usuarios podr\u00e1n encontrar las ofertas de trabajo colgadas en distintos tablones y, a la vez, disponer de dos ordenadores para poder hacer consultas, confeccionar su curr\u00edculum vitae o colar sus datos y el curr\u00edculum en p\u00e1ginas de b\u00fasqueda de trabajo.<\/p>\n\n\n\n<p>Este espacio contar\u00e1 con la asistencia de la t\u00e9cnica de Ocupaci\u00f3n del SOM Bisbal para resolver dudas, consultas y para ayudar a los usuarios con su b\u00fasqueda.<\/p>\n\n\n\n<p>Adem\u00e1s, una vez al mes, se contar\u00e1 con la presencia de una t\u00e9cnica de Juventud de Jove Baix Peed\u00e8s para ofrecer atenci\u00f3n personalizada en cuanto a orientaci\u00f3n acad\u00e9mica, el programa de Garant\u00eda Juvenil o los cursos que se ofrecen desde Jove Baix Pened\u00e8s, entre otros.<\/p>\n\n\n\n<p>Adem\u00e1s, el espacio est\u00e1 pensado para poder hacer encuentros presenciales, monogr\u00e1ficos y actividades din\u00e1micas, con inscripci\u00f3n previa, que tengan que ver con el mundo de la inserci\u00f3n sociolaboral: habilidades para la b\u00fasqueda de trabajo, talleres para trabajar las entrevistas de trabajo, etc.<\/p>\n\n\n\n<p>Para cualquier duda o consulta os pod\u00e9is dirigir al SOM Bisbal o al correo electr\u00f3nico&nbsp;<a href=\"mailto:ocupacio@bisbalpenedes.com\" target=\"_blank\" rel=\"noreferrer noopener\">ocupacio@bisbalpenedes.com<\/a><\/p>\n\n\n\n<p><\/p>\n","protected":false},"excerpt":{"rendered":"<p>El SOM Bisbal obre un punt informatiu de feina presencial per posar a l&#8217;abast dels demandants de feina totes les eines per a la recerca activa d&#8217;ofertes laborals. Aquest punt &hellip; <a href=\"https:\/\/bisbalpenedes.com\/web\/2022\/02\/14\/el-som-bisbal-obre-un-punt-informatiu-de-feina-presencial-al-cmc-per-posar-a-labast-dels-demandants-de-feina-totes-les-eines-per-a-la-recerca-activa-dofertes-laborals\/\" class=\"more-link\">Read More<\/a><\/p>\n","protected":false},"author":4,"featured_media":20889,"comment_status":"closed","ping_status":"closed","sticky":false,"template":"","format":"standard","meta":[],"categories":[4269,8,9],"tags":[2930,3810,226,393,5070,5069,271],"_links":{"self":[{"href":"https:\/\/bisbalpenedes.com\/web\/wp-json\/wp\/v2\/posts\/20888"}],"collection":[{"href":"https:\/\/bisbalpenedes.com\/web\/wp-json\/wp\/v2\/posts"}],"about":[{"href":"https:\/\/bisbalpenedes.com\/web\/wp-json\/wp\/v2\/types\/post"}],"author":[{"embeddable":true,"href":"https:\/\/bisbalpenedes.com\/web\/wp-json\/wp\/v2\/users\/4"}],"replies":[{"embeddable":true,"href":"https:\/\/bisbalpenedes.com\/web\/wp-json\/wp\/v2\/comments?post=20888"}],"version-history":[{"count":2,"href":"https:\/\/bisbalpenedes.com\/web\/wp-json\/wp\/v2\/posts\/20888\/revisions"}],"predecessor-version":[{"id":20931,"href":"https:\/\/bisbalpenedes.com\/web\/wp-json\/wp\/v2\/posts\/20888\/revisions\/20931"}],"wp:featuredmedia":[{"embeddable":true,"href":"https:\/\/bisbalpenedes.com\/web\/wp-json\/wp\/v2\/media\/20889"}],"wp:attachment":[{"href":"https:\/\/bisbalpenedes.com\/web\/wp-json\/wp\/v2\/media?parent=20888"}],"wp:term":[{"taxonomy":"category","embeddable":true,"href":"https:\/\/bisbalpenedes.com\/web\/wp-json\/wp\/v2\/categories?post=20888"},{"taxonomy":"post_tag","embeddable":true,"href":"https:\/\/bisbalpenedes.com\/web\/wp-json\/wp\/v2\/tags?post=20888"}],"curies":[{"name":"wp","href":"https:\/\/api.w.org\/{rel}","templated":true}]}}