{"id":20867,"date":"2022-02-08T10:40:31","date_gmt":"2022-02-08T08:40:31","guid":{"rendered":"https:\/\/bisbalpenedes.com\/web\/?p=20867"},"modified":"2022-02-08T10:40:31","modified_gmt":"2022-02-08T08:40:31","slug":"el-passat-divendres-4-de-febrer-va-tenir-lloc-la-primera-reunio-entre-les-entitats-que-participen-en-la-festa-major-2022-i-lajuntament-de-la-bisbal-del-penedes","status":"publish","type":"post","link":"https:\/\/bisbalpenedes.com\/web\/2022\/02\/08\/el-passat-divendres-4-de-febrer-va-tenir-lloc-la-primera-reunio-entre-les-entitats-que-participen-en-la-festa-major-2022-i-lajuntament-de-la-bisbal-del-penedes\/","title":{"rendered":"El passat divendres 4 de febrer va tenir lloc la primera reuni\u00f3 entre les entitats que participen en la Festa Major 2022 i l&#8217;Ajuntament de la Bisbal del Pened\u00e8s"},"content":{"rendered":"\n<p>El passat divendres 4 de febrer, a les 19.30h, va tenir lloc la primera reuni\u00f3 entre les entitats que participen en la Festa Major i l&#8217;Ajuntament de la Bisbal del Pened\u00e8s, a la Sala de Plens. El motiu de la reuni\u00f3 era la confecci\u00f3 del calendari de la Festa Major -que tindr\u00e0 lloc entre l&#8217;11 i el 16 d&#8217;agost- amb les entitats participants, amb l&#8217;objectiu de fer un programa en qu\u00e8 les activitats no s&#8217;encavalquin.<\/p>\n\n\n\n<p>Van prendre part de la reuni\u00f3 el Club d&#8217;Escacs de la Societat Cultural i Recreativa Bisbalenca, la Joventut Bisbalenca CF, el Grup de Geganters i grallers de la Societat Cultural Recreativa Bisbalenca, les Puntaires de la Bisbal, el Ball de Gitanes, la Bisbal del Pened\u00e8s, l&#8217;Antistiana Associaci\u00f3 De Cors Antistiana i el Ball de Diables de la Bisbal del Pened\u00e8s. Van excusar la seva assist\u00e8ncia Esventats Bisbal i la Colla Castellera La Bisbal del Pened\u00e8s &#8211; Bous.<\/p>\n\n\n\n<p>Des de l&#8217;Ajuntament de la Bisbal agra\u00efm la participaci\u00f3 i la implicaci\u00f3 de les entitats en la Festa Major. Esperem que enguany no hi hagi restriccions o que -en cas que n&#8217;hi hagi- siguin les m\u00ednimes possibles. Esperem poder gaudir d&#8217;una bona Festa Major, que despr\u00e9s de la situaci\u00f3 que hem passat en els darrers temps amb la pand\u00e8mia, tots ens la mereixem.<\/p>\n\n\n\n<hr class=\"wp-block-separator\"\/>\n\n\n\n<p>El pasado viernes 4 de febrero, a las 19.30h, tuvo lugar la primera reuni\u00f3n entre las entidades que participan en la Fiesta Mayor y el Ayuntamiento de la Bisbal del Pened\u00e8s, en la Sala de Plenos. El motivo de la reuni\u00f3n era la confecci\u00f3n del calendario de la Fiesta Mayor -que tendr\u00e1 lugar entre el 1 y el 16 de agosto- con las entidades participantes, con el objetivo de hacer el programa en el que las actividades no se solapen.<\/p>\n\n\n\n<p>Tomaron parte de la reuni\u00f3n del Club d&#8217;Escacs de la Societat, la Joventut Bisbalenca CF, el Grupo de Geganters i Grallers de la Societat, las Puntaires de la Bisbal, el Ball de Gitanes de la Bisbal del Pened\u00e8s, el grupo de las Corals Antistiana y el Ball de Diables. Excusaron su asistencia Els Esventats y la Colla Castellera de la Bisbal (los Bous).<\/p>\n\n\n\n<p>Desde el Ayuntamiento de la Bisbal agradecemos la participaci\u00f3n y la implicaci\u00f3n de las entidades en la Fiesta Mayor. Esperamos que este a\u00f1o no haya restricciones o que -en el caso de que las haya- sean las m\u00ednimas posibles. Esperamos poder disfrutar de una feliz Fiesta Mayor, que despu\u00e9s de la situaci\u00f3n que hemos pasado en los \u00faltimos tiempos con la pandemia, todos nos la merecemos.<\/p>\n","protected":false},"excerpt":{"rendered":"<p>El passat divendres 4 de febrer, a les 19.30h, va tenir lloc la primera reuni\u00f3 entre les entitats que participen en la Festa Major i l&#8217;Ajuntament de la Bisbal del &hellip; <a href=\"https:\/\/bisbalpenedes.com\/web\/2022\/02\/08\/el-passat-divendres-4-de-febrer-va-tenir-lloc-la-primera-reunio-entre-les-entitats-que-participen-en-la-festa-major-2022-i-lajuntament-de-la-bisbal-del-penedes\/\" class=\"more-link\">Read More<\/a><\/p>\n","protected":false},"author":4,"featured_media":20868,"comment_status":"closed","ping_status":"closed","sticky":false,"template":"","format":"standard","meta":[],"categories":[13,2161,4668,8],"tags":[459,1023,4694,5065,393,5066],"_links":{"self":[{"href":"https:\/\/bisbalpenedes.com\/web\/wp-json\/wp\/v2\/posts\/20867"}],"collection":[{"href":"https:\/\/bisbalpenedes.com\/web\/wp-json\/wp\/v2\/posts"}],"about":[{"href":"https:\/\/bisbalpenedes.com\/web\/wp-json\/wp\/v2\/types\/post"}],"author":[{"embeddable":true,"href":"https:\/\/bisbalpenedes.com\/web\/wp-json\/wp\/v2\/users\/4"}],"replies":[{"embeddable":true,"href":"https:\/\/bisbalpenedes.com\/web\/wp-json\/wp\/v2\/comments?post=20867"}],"version-history":[{"count":1,"href":"https:\/\/bisbalpenedes.com\/web\/wp-json\/wp\/v2\/posts\/20867\/revisions"}],"predecessor-version":[{"id":20869,"href":"https:\/\/bisbalpenedes.com\/web\/wp-json\/wp\/v2\/posts\/20867\/revisions\/20869"}],"wp:featuredmedia":[{"embeddable":true,"href":"https:\/\/bisbalpenedes.com\/web\/wp-json\/wp\/v2\/media\/20868"}],"wp:attachment":[{"href":"https:\/\/bisbalpenedes.com\/web\/wp-json\/wp\/v2\/media?parent=20867"}],"wp:term":[{"taxonomy":"category","embeddable":true,"href":"https:\/\/bisbalpenedes.com\/web\/wp-json\/wp\/v2\/categories?post=20867"},{"taxonomy":"post_tag","embeddable":true,"href":"https:\/\/bisbalpenedes.com\/web\/wp-json\/wp\/v2\/tags?post=20867"}],"curies":[{"name":"wp","href":"https:\/\/api.w.org\/{rel}","templated":true}]}}