{"id":20861,"date":"2022-02-07T15:42:47","date_gmt":"2022-02-07T13:42:47","guid":{"rendered":"https:\/\/bisbalpenedes.com\/web\/?p=20861"},"modified":"2022-02-07T21:08:42","modified_gmt":"2022-02-07T19:08:42","slug":"lajuntament-de-la-bisbal-del-penedes-tira-endavant-un-programa-dfp-ocupacional-dual-amb-lajuntament-de-calafell-la-cambra-de-tarragona-lempresa-id-logistics-i-la-companyia-kiabi","status":"publish","type":"post","link":"https:\/\/bisbalpenedes.com\/web\/2022\/02\/07\/lajuntament-de-la-bisbal-del-penedes-tira-endavant-un-programa-dfp-ocupacional-dual-amb-lajuntament-de-calafell-la-cambra-de-tarragona-lempresa-id-logistics-i-la-companyia-kiabi\/","title":{"rendered":"L\u2019Ajuntament de La Bisbal del Pened\u00e8s dona suport al primer programa d\u2019FP Ocupacional Dual que es fa al Baix Pened\u00e8s"},"content":{"rendered":"\n<p>La Cambra de Tarragona, l&#8217;Ajuntament de Calafell, l\u2019empresa ID Logistics i l\u2019empresa KIABI, amb el suport de l&#8217;Ajuntament de la Bisbal del Pened\u00e8s, posen en marxa un programa d&#8217;FP Ocupacional Dual pioner i \u00fanic al Baix Pened\u00e8s, que comen\u00e7ar\u00e0 aquest mes de febrer i tindr\u00e0 una durada de 15 mesos.&nbsp;<\/p>\n\n\n\n<p>Aquest programa s&#8217;adre\u00e7a a 14 joves d&#8217;entre 18 i 21 anys i combinar\u00e0 la formaci\u00f3&nbsp;<em>professionalitzadora<\/em>&nbsp;amb un contracte de treball de 12 mesos a l&#8217;empresa ID Logistics de la Bisbal del Pened\u00e8s, que presta serveis log\u00edstics a la companyia KIABI. &nbsp;<\/p>\n\n\n\n<p>En aquesta primera edici\u00f3, la formaci\u00f3 es far\u00e0 al municipi de Calafell i els participants es prepararan tot realitzant un Certificat de Professionalitat d&#8217;Activitats auxiliars de magatzem. Tamb\u00e9 es formaran en compet\u00e8ncies transversals i compet\u00e8ncies digitals. &nbsp;<\/p>\n\n\n\n<p>Durant tot el programa els alumnes comptaran amb el suport d&#8217;una orientadora que els acompanyar\u00e0 al llarg de tot el proc\u00e9s de formaci\u00f3 i estada a l&#8217;empresa.&nbsp;<\/p>\n\n\n\n<p>Atesa l&#8217;excel\u00b7lent acceptaci\u00f3 que est\u00e0 tenint la Formaci\u00f3 Professional en modalitat Dual, des de les entitats que formem part d&#8217;aquesta iniciativa considerem que &#8220;el programa ser\u00e0 tot un \u00e8xit i permetr\u00e0 la qualificaci\u00f3 i inserci\u00f3 laboral dels joves participants&#8221;.&nbsp;<\/p>\n\n\n\n<p>L&#8217;alcaldessa de la Bisbal del Pened\u00e8s i responsable de l&#8217;\u00e0rea d&#8217;Ocupaci\u00f3, Agn\u00e8s Ferr\u00e9, ha destacat que &#8220;aquesta \u00e9s una eina molt important per tirar endavant projectes <em>professionalitzadors<\/em> per a joves. Aquest programa de formaci\u00f3 ocupacional \u00e9s \u00fanic i pioner i est\u00e0 destinat a joves d&#8217;entre 18 i 21 anys&#8221;. Ferr\u00e9 ha explicat que, amb aquest programa, es contribueix a la formaci\u00f3 de joves de la comarca, ja que &#8220;el fet de no continuar els estudis a partir de l&#8217;ensenyament obligatori, als 16 anys, m\u00e9s la falta de places als m\u00f2duls que s&#8217;ofereixen a la comarca i la falta d&#8217;ampliaci\u00f3 d&#8217;aquest ventall d&#8217;estudis, fa que un preocupant nombre de joves es quedin a casa sense estudiar ni treballar&#8221;.<\/p>\n\n\n\n<p>Ferr\u00e9 ha afegit que &#8220;aquest programa \u00e9s fruit de la col\u00b7laboraci\u00f3 p\u00fablico-privada entre la Cambra de Comer\u00e7 de Tarragona, el SOC, els Ajuntaments de Calafell i La Bisbal del Pened\u00e8s i l&#8217;empresa ID Log\u00edstics, ubicada a la Bisbal. Es tracta d&#8217;un projecte dual, de formaci\u00f3 i feina remunerada, que \u00e9s una bona eina per aquests joves. Estic conven\u00e7uda que tindr\u00e0 una bona acollida i que la seguiran altres accions destinades als joves&#8221;.<\/p>\n\n\n\n<p>La selecci\u00f3 de candidats s&#8217;iniciar\u00e0 durant aquesta mateixa setmana i les persones que hi estiguin interessades nom\u00e9s cal que ens facin arribar les seves dades al correu&nbsp;<a href=\"mailto:fpodual@cambratgn.org\">fpodual@cambratgn.org<\/a>&nbsp;o a trav\u00e9s d\u2019aquest enlla\u00e7: <a href=\"https:\/\/www.cambratgn.com\/cursos-presencials\/formacio\/315-formacio-dual-en-logistica\">https:\/\/www.cambratgn.com\/cursos-presencials\/formacio\/315-formacio-dual-en-logistica<\/a><\/p>\n\n\n\n<p>Aquesta actuaci\u00f3 est\u00e0 impulsada i subvencionada pel Servei P\u00fablic d&#8217;Ocupaci\u00f3 de Catalunya, SOC, amb fons del Servei P\u00fablic d&#8217;Ocupaci\u00f3 Estatal, SEPE, i s&#8217;emmarca dins d&#8217;un ambici\u00f3s projecte a nivell de Catalunya que t\u00e9 com a objectiu dur a terme un total de 61 iniciatives com aquesta, sis d&#8217;elles a les Comarques de Tarragona i, una d&#8217;elles, a la nostra comarca.&nbsp;Cal destacar que, de totes les Cambres catalanes, nom\u00e9s la de Tarragona prendr\u00e0 part en aquesta iniciativa, justament impulsant la que tindr\u00e0 lloc al Baix Pened\u00e8s.&nbsp;<\/p>\n\n\n\n<figure class=\"wp-block-image size-large\"><img loading=\"lazy\" width=\"1024\" height=\"768\" src=\"https:\/\/bisbalpenedes.com\/web\/wp-content\/uploads\/2022\/02\/IMG_9283-1-1024x768.jpg\" alt=\"\" class=\"wp-image-20863\" srcset=\"https:\/\/bisbalpenedes.com\/web\/wp-content\/uploads\/2022\/02\/IMG_9283-1-1024x768.jpg 1024w, https:\/\/bisbalpenedes.com\/web\/wp-content\/uploads\/2022\/02\/IMG_9283-1-scaled-600x450.jpg 600w, https:\/\/bisbalpenedes.com\/web\/wp-content\/uploads\/2022\/02\/IMG_9283-1-300x225.jpg 300w, https:\/\/bisbalpenedes.com\/web\/wp-content\/uploads\/2022\/02\/IMG_9283-1-768x576.jpg 768w, https:\/\/bisbalpenedes.com\/web\/wp-content\/uploads\/2022\/02\/IMG_9283-1-1536x1152.jpg 1536w, https:\/\/bisbalpenedes.com\/web\/wp-content\/uploads\/2022\/02\/IMG_9283-1-2048x1536.jpg 2048w\" sizes=\"(max-width: 1024px) 100vw, 1024px\" \/><figcaption>L&#8217;alcaldessa de la Bisbal del Pened\u00e8s, Agn\u00e8s Ferr\u00e9; la presidenta de la Cambra de Comer\u00e7 de Tarragona, Laura Roig\u00e9; el gerent d&#8217;ID Log\u00edstics, Eduardo Galera; i l&#8217;alcalde de Calafell, Ramon Ferr\u00e9 en una trobada a ID Log\u00edstics (La Bisbal del Pened\u00e8s) la setmana passada<\/figcaption><\/figure>\n\n\n\n<hr class=\"wp-block-separator\"\/>\n\n\n\n<p><strong>CASTELLANO |<\/strong> La C\u00e1mara de Tarragona, el Ayuntamiento de Calafell, la empresa ID Logistics y la empresa KIABI, con el apoyo del Ayuntamiento de la Bisbal del Pened\u00e8s, ponen en marcha un programa de FP Ocupacional Dual pionero y \u00fanico en el Baix Pened\u00e8s, que empezar\u00e1 este mes de febrero y tendr\u00e1 una duraci\u00f3n de 15 meses.<\/p>\n\n\n\n<p>Este programa se dirige a 14 j\u00f3venes de entre 18 y 21 a\u00f1os y combinar\u00e1 la formaci\u00f3n <em>profesionalizadora<\/em> con un contrato de trabajo de 12 meses en la empresa ID Logistics de la Bisbal del Pened\u00e8s, que presta servicios log\u00edsticos a la compa\u00f1\u00eda KIABI.<\/p>\n\n\n\n<p>En esta primera edici\u00f3n, la formaci\u00f3n se har\u00e1 en el municipio de Calafell y los participantes se preparar\u00e1n realizando un Certificado de Profesionalidad de Actividades auxiliares de almac\u00e9n. Tambi\u00e9n se formar\u00e1n en competencias transversales y competencias digitales.<\/p>\n\n\n\n<p>Durante todo el programa los alumnos contar\u00e1n con el apoyo de una orientadora que los acompa\u00f1ar\u00e1 a lo largo de todo el proceso de formaci\u00f3n y estancia en la empresa. Teniendo en cuenta la excelente aceptaci\u00f3n que est\u00e1 teniendo la Formaci\u00f3n Profesionalidad en modalidad Dual, desde las entidades que formamos parte de esta iniciativa consideramos que &#8220;el programa ser\u00e1 todo un \u00e9xito y permitir\u00e1 la cualificaci\u00f3n e inserci\u00f3n laboral de los j\u00f3venes participantes&#8221;.<\/p>\n\n\n\n<p>La alcaldesa de la Bisbal del Pened\u00e8s y responsable del \u00e1rea d&#8217;Ocupaci\u00f3, Agn\u00e8s Ferr\u00e9, ha destacado que &#8220;esta es una herramienta muy importante para sacar adelante proyectos <em>profesionalizadores<\/em> para j\u00f3venes. Este programa de formaci\u00f3n ocupacional es \u00fanico y pionero y est\u00e1 destinado a j\u00f3venes de entre 18 y 21 a\u00f1os&#8221;. Ferr\u00e9 ha explicado que, con este programa, se contribuye a la formaci\u00f3n de j\u00f3venes de la comarca, ya que &#8220;el hecho de no continuar los estudios a partir de la ense\u00f1anza obligatoria, a los 16 a\u00f1os, m\u00e1s la falta de plazas en los m\u00f3dulos que se ofrecen en la comarca y la falta de ampliaci\u00f3n de este abanico de estudios, hace que un preocupante n\u00famero de j\u00f3venes se queden en casa sin estudiar ni trabajar&#8221;.<\/p>\n\n\n\n<p>Ferr\u00e9 ha a\u00f1adido que &#8220;este programa es fruto de la colaboraci\u00f3n p\u00fablico-privada entre la C\u00e1mara de Comercio de Tarragona, el SOC, los Ayuntamientos de Calafell y La Bisbal del Pened\u00e8s y la empresa ID Log\u00edsticos, ubicada en la Bisbal. Se trata de un proyecto dual, de formaci\u00f3n y trabajo remunerado, que es una buena herramienta para estos j\u00f3venes. Estoy convencida de que tendr\u00e1 una buena acogida y que la seguir\u00e1n otras acciones destinadas a los j\u00f3venes&#8221;.<\/p>\n\n\n\n<p>La selecci\u00f3n de candidatos se iniciar\u00e1 durante esta misma semana y las personas que est\u00e9n interesadas tienen que hacer llegar sus datos al correu fpodual@cambratgn.org o a trav\u00e9s de este enlace: <a href=\"https:\/\/www.cambratgn.com\/cursos-presencials\/formacio\/315-formacio-dual-en-logistica\">https:\/\/www.cambratgn.com\/cursos-presencials\/formacio\/315-formacio-dual-en-logistica<\/a><\/p>\n\n\n\n<p>Esta actuaci\u00f3n est\u00e1 impulsado y subvencionada por el Servicio P\u00fablico de Ocupaci\u00f3n de Catalunya, SOC, con fondos del Servicio P\u00fablico de Ocupaci\u00f3n Estatal, SEPE, y se enmarca dentro de un ambicioso proyecto a nivel de Catalunya que tiene como objetivo llevar a cabo un total de 61 iniciativas como esta, seis de ellas en las Comarcas de Tarragona y, una de ellas, en nuestra comarca. Cabe destacar que, de todas las C\u00e1maras catalanas, solamente la de Tarragona tomar\u00e1 parte de esta iniciativa, justo impulsando la que tendr\u00e1 lugar en el Baix Pened\u00e8s.<\/p>\n","protected":false},"excerpt":{"rendered":"<p>La Cambra de Tarragona, l&#8217;Ajuntament de Calafell, l\u2019empresa ID Logistics i l\u2019empresa KIABI, amb el suport de l&#8217;Ajuntament de la Bisbal del Pened\u00e8s, posen en marxa un programa d&#8217;FP Ocupacional &hellip; <a href=\"https:\/\/bisbalpenedes.com\/web\/2022\/02\/07\/lajuntament-de-la-bisbal-del-penedes-tira-endavant-un-programa-dfp-ocupacional-dual-amb-lajuntament-de-calafell-la-cambra-de-tarragona-lempresa-id-logistics-i-la-companyia-kiabi\/\" class=\"more-link\">Read More<\/a><\/p>\n","protected":false},"author":4,"featured_media":20862,"comment_status":"closed","ping_status":"closed","sticky":false,"template":"","format":"standard","meta":[],"categories":[8,9],"tags":[2069,4127,5063,5064,1136,393],"_links":{"self":[{"href":"https:\/\/bisbalpenedes.com\/web\/wp-json\/wp\/v2\/posts\/20861"}],"collection":[{"href":"https:\/\/bisbalpenedes.com\/web\/wp-json\/wp\/v2\/posts"}],"about":[{"href":"https:\/\/bisbalpenedes.com\/web\/wp-json\/wp\/v2\/types\/post"}],"author":[{"embeddable":true,"href":"https:\/\/bisbalpenedes.com\/web\/wp-json\/wp\/v2\/users\/4"}],"replies":[{"embeddable":true,"href":"https:\/\/bisbalpenedes.com\/web\/wp-json\/wp\/v2\/comments?post=20861"}],"version-history":[{"count":2,"href":"https:\/\/bisbalpenedes.com\/web\/wp-json\/wp\/v2\/posts\/20861\/revisions"}],"predecessor-version":[{"id":20865,"href":"https:\/\/bisbalpenedes.com\/web\/wp-json\/wp\/v2\/posts\/20861\/revisions\/20865"}],"wp:featuredmedia":[{"embeddable":true,"href":"https:\/\/bisbalpenedes.com\/web\/wp-json\/wp\/v2\/media\/20862"}],"wp:attachment":[{"href":"https:\/\/bisbalpenedes.com\/web\/wp-json\/wp\/v2\/media?parent=20861"}],"wp:term":[{"taxonomy":"category","embeddable":true,"href":"https:\/\/bisbalpenedes.com\/web\/wp-json\/wp\/v2\/categories?post=20861"},{"taxonomy":"post_tag","embeddable":true,"href":"https:\/\/bisbalpenedes.com\/web\/wp-json\/wp\/v2\/tags?post=20861"}],"curies":[{"name":"wp","href":"https:\/\/api.w.org\/{rel}","templated":true}]}}