{"id":20857,"date":"2022-02-07T13:51:03","date_gmt":"2022-02-07T11:51:03","guid":{"rendered":"https:\/\/bisbalpenedes.com\/web\/?p=20857"},"modified":"2022-02-07T13:52:10","modified_gmt":"2022-02-07T11:52:10","slug":"lajuntament-explicara-el-projecte-de-millora-dinfraestructures-de-la-riba-als-veins-del-barri","status":"publish","type":"post","link":"https:\/\/bisbalpenedes.com\/web\/2022\/02\/07\/lajuntament-explicara-el-projecte-de-millora-dinfraestructures-de-la-riba-als-veins-del-barri\/","title":{"rendered":"L&#8217;Ajuntament explicar\u00e0 el projecte de millora d&#8217;infraestructures de la Riba als ve\u00efns del barri en diverses reunions"},"content":{"rendered":"\n<p>L&#8217;Ajuntament de la Bisbal del Pened\u00e8s informa que l&#8217;aprovaci\u00f3 inicial del projecte de millora d&#8217;infraestructures del barri de la Riba estar\u00e0 en termini d&#8217;exposici\u00f3 p\u00fablica del 8 de febrer al 21 de mar\u00e7 de 2022, ambd\u00f3s inclosos. Amb l&#8217;objectiu de poder explicar el projecte executiu als ve\u00efns, s&#8217;han convocat reunions informatives, per carrers, per traslladar els detalls del projecte als ve\u00efns -amb el responsable de l&#8217;empresa redactora del projecte i l&#8217;enginyer municipal- i que els ve\u00efns del barri puguin fer les seves consultes o exposar els seus dubtes.<\/p>\n\n\n\n<p>El projecte executiu de millora de les infraestructures del barri de la Riba inclou el canvi de xarxa d&#8217;aigua potable, el canvi de les llumin\u00e0ries dels fanals i el soterrament de la instal\u00b7laci\u00f3 de l&#8217;enllumenat el\u00e8ctric i de les xarxes de telecomunicacions. Les obres comen\u00e7aran el 2023 i l&#8217;import total de l&#8217;execuci\u00f3 del projecte \u00e9s de 1.063.364,44\u20ac.<\/p>\n\n\n\n<p>Enlla\u00e7 a la publicaci\u00f3 de l&#8217;Edicte al Butllet\u00ed Oficial de la Prov\u00edncia de Tarragona (BOPT): <a href=\"https:\/\/www.diputaciodetarragona.cat\/ebop\/index.php?op=anunci&amp;id=944&amp;ebop_any=2022\">https:\/\/www.diputaciodetarragona.cat\/ebop\/index.php?op=anunci&amp;id=944&amp;ebop_any=2022<\/a><\/p>\n\n\n\n<p>Per a m\u00e9s informaci\u00f3 sobre el projecte, podeu consultar aquest enlla\u00e7: <a href=\"https:\/\/bisbalpenedes.com\/web\/2022\/01\/19\/saprova-inicialment-el-projecte-de-millora-dinfraestructures-del-barri-de-la-riba-del-nucli-de-la-bisbal\/\">https:\/\/bisbalpenedes.com\/web\/2022\/01\/19\/saprova-inicialment-el-projecte-de-millora-dinfraestructures-del-barri-de-la-riba-del-nucli-de-la-bisbal\/<\/a><\/p>\n\n\n\n<hr class=\"wp-block-separator\"\/>\n\n\n\n<p><strong>CASTELLANO |<\/strong> El Ayuntamiento de la Bisbal del Pened\u00e8s informa que la aprobaci\u00f3n inicial del proyecto de mejora de infraestructuras del barrio de la Riba estar\u00e1 en plazo de exposici\u00f3n p\u00fablica del 8 de febrero al 21 de marzo de 2022, ambos incluidos. Con el objetivo de poder explicar el proyecto ejecutivo a los vecinos, se han convocado reuniones informativas, por calles, para trasladar los detalles del proyecto a los vecinos -con el responsable de la empresa redactora del proyecto y el ingeniero municipal- y que, los vecinos del barrio puedan hacer sus consultas o exponer sus dudas.<\/p>\n\n\n\n<p>El proyecto ejecutivo de mejora de las infraestructuras del barrio de la Riba incluye el cambio de red de agua potable, el cambio de luminarias de las farolas y el soterramiento de la instalaci\u00f3n del alumbrado el\u00e9ctrico y de las redes de telecomunicaciones. Las obras empezar\u00e1n en el 2023 y el importe total de la ejecuci\u00f3n del proyecto es de 1.063.364,44\u20ac.<\/p>\n\n\n\n<p>Enlace a la publicaci\u00f3n del Edicto en el Bolet\u00edn Oficial de la Provincia de Tarragona (BOPT): <a href=\"https:\/\/www.diputaciodetarragona.cat\/ebop\/index.php?op=anunci&amp;id=944&amp;ebop_any=2022\">https:\/\/www.diputaciodetarragona.cat\/ebop\/index.php?op=anunci&amp;id=944&amp;ebop_any=2022<\/a><\/p>\n\n\n\n<p>Para m\u00e1s informaci\u00f3n sobre el proyecto, pod\u00e9is consultar este enlace: <a href=\"https:\/\/bisbalpenedes.com\/web\/2022\/01\/19\/saprova-inicialment-el-projecte-de-millora-dinfraestructures-del-barri-de-la-riba-del-nucli-de-la-bisbal\/\">https:\/\/bisbalpenedes.com\/web\/2022\/01\/19\/saprova-inicialment-el-projecte-de-millora-dinfraestructures-del-barri-de-la-riba-del-nucli-de-la-bisbal\/<\/a><\/p>\n","protected":false},"excerpt":{"rendered":"<p>L&#8217;Ajuntament de la Bisbal del Pened\u00e8s informa que l&#8217;aprovaci\u00f3 inicial del projecte de millora d&#8217;infraestructures del barri de la Riba estar\u00e0 en termini d&#8217;exposici\u00f3 p\u00fablica del 8 de febrer al &hellip; <a href=\"https:\/\/bisbalpenedes.com\/web\/2022\/02\/07\/lajuntament-explicara-el-projecte-de-millora-dinfraestructures-de-la-riba-als-veins-del-barri\/\" class=\"more-link\">Read More<\/a><\/p>\n","protected":false},"author":4,"featured_media":20671,"comment_status":"closed","ping_status":"closed","sticky":false,"template":"","format":"standard","meta":[],"categories":[3482,8,3352,15],"tags":[161,3115,567,5062,4418,4427,393,1337,441,61],"_links":{"self":[{"href":"https:\/\/bisbalpenedes.com\/web\/wp-json\/wp\/v2\/posts\/20857"}],"collection":[{"href":"https:\/\/bisbalpenedes.com\/web\/wp-json\/wp\/v2\/posts"}],"about":[{"href":"https:\/\/bisbalpenedes.com\/web\/wp-json\/wp\/v2\/types\/post"}],"author":[{"embeddable":true,"href":"https:\/\/bisbalpenedes.com\/web\/wp-json\/wp\/v2\/users\/4"}],"replies":[{"embeddable":true,"href":"https:\/\/bisbalpenedes.com\/web\/wp-json\/wp\/v2\/comments?post=20857"}],"version-history":[{"count":2,"href":"https:\/\/bisbalpenedes.com\/web\/wp-json\/wp\/v2\/posts\/20857\/revisions"}],"predecessor-version":[{"id":20859,"href":"https:\/\/bisbalpenedes.com\/web\/wp-json\/wp\/v2\/posts\/20857\/revisions\/20859"}],"wp:featuredmedia":[{"embeddable":true,"href":"https:\/\/bisbalpenedes.com\/web\/wp-json\/wp\/v2\/media\/20671"}],"wp:attachment":[{"href":"https:\/\/bisbalpenedes.com\/web\/wp-json\/wp\/v2\/media?parent=20857"}],"wp:term":[{"taxonomy":"category","embeddable":true,"href":"https:\/\/bisbalpenedes.com\/web\/wp-json\/wp\/v2\/categories?post=20857"},{"taxonomy":"post_tag","embeddable":true,"href":"https:\/\/bisbalpenedes.com\/web\/wp-json\/wp\/v2\/tags?post=20857"}],"curies":[{"name":"wp","href":"https:\/\/api.w.org\/{rel}","templated":true}]}}