{"id":20851,"date":"2022-02-04T16:00:34","date_gmt":"2022-02-04T14:00:34","guid":{"rendered":"https:\/\/bisbalpenedes.com\/web\/?p=20851"},"modified":"2022-02-04T16:00:34","modified_gmt":"2022-02-04T14:00:34","slug":"es-regularitzen-els-rebuts-descombraries-suspesos-des-del-2013-de-cinc-carrers-del-papagai","status":"publish","type":"post","link":"https:\/\/bisbalpenedes.com\/web\/2022\/02\/04\/es-regularitzen-els-rebuts-descombraries-suspesos-des-del-2013-de-cinc-carrers-del-papagai\/","title":{"rendered":"Es regularitzen els rebuts d\u2019escombraries -suspesos des del 2013- de cinc carrers del Papagai"},"content":{"rendered":"\n<p>La Junta de Govern del 31 de gener de 2022 ha aprovat donar de baixa els rebuts d\u2019escombraries dels anys 2013 al 2018 dels carrers Rossinyol (n\u00fameros parells), Tuc\u00e0, Lloret d\u2019Austr\u00e0lia, Xixella i \u00c0liga Coronada, que no s\u2019havien enviat a cobrar, per un total de 55.300\u20ac. Tamb\u00e9 ha aprovat enviar el cobrament dels rebuts d\u2019escombraries dels anys 2019 al 2021 -i dels mateixos carrers- que no s\u2019havien enviat a cobrar, per un total de 18.480\u20ac. Els ve\u00efns i ve\u00efnes afectats per la regularitzaci\u00f3 han rebut cartes amb tota la informaci\u00f3. A partir d\u2019aquest any 2022, els ve\u00efns d\u2019aquests carrers passaran a pagar la taxa d\u2019escombraries de l\u2019Ajuntament de Sant Jaume dels Domenys.&nbsp;<\/p>\n\n\n\n<p>El passat setembre de 2021 es va modificar el l\u00edmit dels termes municipals de La Bisbal del Pened\u00e8s i Sant Jaume dels Domenys al seu pas pel Papagai -amb el vistiplau de la Generalitat de Catalunya- tornant a la delimitaci\u00f3 que hi havia abans del 2013, gr\u00e0cies a la col\u00b7laboraci\u00f3 d\u2019ambd\u00f3s ajuntaments. Aquesta modificaci\u00f3 afecta els n\u00fameros parells del carrer Rossinyol, el carrer Tuc\u00e0, el carrer Lloret d\u2019Austr\u00e0lia, el carrer Xixella i el carrer \u00c0liga Coronada, que s\u00f3n els carrers que formaven part de Sant Jaume dels Domenys amb la delimitaci\u00f3 anterior al 2013 i que, des del 2012, havien entrat a formar part del terme de La Bisbal del Pened\u00e8s. Ara, amb la nova modificaci\u00f3 del l\u00edmit dels termes municipals, aquests carrers passen a formar part, novament, de Sant Jaume dels Domenys.<\/p>\n\n\n\n<p>L\u2019alcaldessa de la Bisbal del Pened\u00e8s, Agn\u00e8s Ferr\u00e9, ha explicat que \u201cun dels problemes que va comportar aquesta modificaci\u00f3 unilateral va ser el cobrament del rebut d\u2019escombraries. Per evitar duplicitats en el cobrament, es van suspendre els rebuts, tot i que el servei de recollida d\u2019escombraries es continuava efectuant\u201d. La batllessa ha aclarit que \u201cara que la delimitaci\u00f3 \u00e9s correcta i acceptada per la Generalitat de Catalunya, s\u2019han hagut de regularitzar els rebuts que s\u2019havien susp\u00e8s i, per tant, que no s\u2019havien enviat al cobrament\u201d.<\/p>\n\n\n\n<p><strong>PER QU\u00c8 S\u2019HA TORNAT A MODIFICAR AQUESTA DELIMITACI\u00d3?<\/strong><\/p>\n\n\n\n<p>L\u2019alcaldessa de la Bisbal del Pened\u00e8s ha explicat que \u201cla delimitaci\u00f3 original entre els dos termes municipals -La Bisbal del Pened\u00e8s i Sant Jaume dels Domenys- partia parcel\u00b7les entre els dos municipis, fent que una part de la parcel\u00b7la o habitatge fos de Sant Jaume dels Domenys i una part de la Bisbal del Pened\u00e8s. Per resoldre aix\u00f2, i que cada parcel\u00b7la pertany\u00e9s a un municipi, el 1974 els alcaldes d\u2019ambd\u00f3s municipis van arribar a un acord perqu\u00e8 el l\u00edmit pass\u00e9s per carrers, sense partir parcel\u00b7les ni habitatges. No obstant aix\u00f2, l\u2019any 2012, l\u2019Ajuntament de la Bisbal del Pened\u00e8s va aprovar modificar la delimitaci\u00f3 tornant a l\u2019original i, d\u2019aquesta manera, hi havia parcel\u00b7les que passaven a formar part de dos termes municipals, la qual cosa va comportar problemes com ara el del cobrament dels rebuts d\u2019escombraries. Per evitar duplicitats en el cobrament, es van suspendre els rebuts, tot i que el servei de recollida d\u2019escombraries s\u2019ha continuat efectuant\u201d.<\/p>\n\n\n\n<p>Els tr\u00e0mits per tornar a modificar la delimitaci\u00f3 d\u2019ambd\u00f3s termes municipals es van iniciar el 2016 i van finalitzar definitivament el 2021.<\/p>\n\n\n\n<p>Podeu trobar m\u00e9s informaci\u00f3 aqu\u00ed: <a href=\"https:\/\/bisbalpenedes.com\/web\/2021\/11\/23\/els-ajuntaments-de-la-bisbal-i-sant-jaume-han-aconseguit-que-la-delimitacio-dels-municipis-al-papagai-perque-no-divideixi-parcelles\/\">https:\/\/bisbalpenedes.com\/web\/2021\/11\/23\/els-ajuntaments-de-la-bisbal-i-sant-jaume-han-aconseguit-que-la-delimitacio-dels-municipis-al-papagai-perque-no-divideixi-parcelles\/<\/a><\/p>\n\n\n\n<hr class=\"wp-block-separator\"\/>\n\n\n\n<p><strong>CASTELLANO |<\/strong> La Junta de Gobierno del 31 de enero de 2022 ha aprobado dar de baja los recibos de basuras de los a\u00f1os 2013 al 2018 de las calles Rossinyol (n\u00fameros pares), Tuc\u00e0, Lloret d\u2019Austr\u00e0lia, Xixella y \u00c0liga Coronada, que no se hab\u00edan enviado a cobrar, por un total de 55.300\u20ac. Tambi\u00e9n ha aprobado enviar el cobro de los recibos de basuras de los a\u00f1os 2019 al 2021 -y de las mismas calles- que no se hab\u00edan enviado a cobrar, por un total de 18.480\u20ac. Los vecinos y vecinas afectadas por la regularizaci\u00f3n han recibido cartas con toda la informaci\u00f3n. A partir de este a\u00f1o 2022, los vecinos de estas calles pasar\u00e1n a pagar la tasa de basuras del Ayuntamiento de Sant Jaume dels Domenys.<\/p>\n\n\n\n<p>En septiembre del 2021 se modific\u00f3 el l\u00edmite de los t\u00e9rminos municipales de La Bisbal del Pened\u00e8s y Sant Jaume dels Domenys a su paso por el Papagai -con la aprobaci\u00f3n de la Generalitat de Catalunya- volviendo a la delimitaci\u00f3n que hab\u00eda antes del 2013, gracias a la colaboraci\u00f3n de ambos ayuntamientos. Esta modificaci\u00f3n afecta a los n\u00fameros pares de la calle Rossinyol, la calle Tuc\u00e0, la calle Lloret de Australia, la calle Xixella y la calle \u00c0liga Coronada, que son las calles que formaban parte de Sant Jaume dels Domenys con la delimitaci\u00f3n anterior al 2013 y que, desde el 2012, hab\u00edan entrado a formar parte del t\u00e9rmino de la Bisbal del Pened\u00e8s. Ahora, con la nueva modificaci\u00f3n del l\u00edmite de los t\u00e9rminos municipales, estas calles pasan a formar parte, de nuevo, de Sant Jaume dels Domenys.<\/p>\n\n\n\n<p>La alcaldesa de la Bisbal del Pened\u00e8s, Agn\u00e8s Ferr\u00e9, ha explicado que \u201cuno de los problemas que comport\u00f3 esta modificaci\u00f3n unilateral fue el cobro del recibo de basuras. Para evitar duplicidades en el cobro, se suspendieron los recibos, aunque el servicio de recogida de basuras se segu\u00eda efectuando\u201d. La alcaldesa ha aclarado que \u201cahora que la delimitaci\u00f3n es correcta y aceptada por la Generalitat de Catalunya, se han tenido que regularizar los recibos que se hab\u00edan suspendido y, por tanto, que no se hab\u00edan enviado para cobrar\u201d.<\/p>\n\n\n\n<p><strong>\u00bfPOR QU\u00c9 SE HA VUELTO A MODIFICAR ESTA DELIMITACI\u00d3N?<\/strong><\/p>\n\n\n\n<p>La alcaldesa de la Bisbal del Pened\u00e8s ha explicado que \u201cla delimitaci\u00f3n original entre los dos t\u00e9rminos municipales -La Bisbal del Pened\u00e8s y Sant Jaume dels Domenys- part\u00eda parcelas entre dos municipios, haciendo que una parte de la parcela o vivienda fuese de Sant Jaume dels Domenys y una parte de la Bisbal del Pened\u00e8s. Para resolver esto, y que cada parcela perteneciese a un municipio, en el 1974 los alcaldes de ambos municipios llegaron a un acuerdo para que el l\u00edmite pases por calles, sin partir parcelas ni viviendas. No obstante, en el a\u00f1o 2012, el Ayuntamiento de la Bisbal del Pened\u00e8s aprob\u00f3 modificar la delimitaci\u00f3n volviendo a la original y de esta manera, hab\u00eda parcelas que pasaban a formar parte de dos t\u00e9rminos municipales, la cual cosa comport\u00f3 problemas como por ejemplo el del cobro de los recibos de basuras. Para evitar duplicidades en el cobro, se suspendieron los recibos, aunque el servicio de recogida de basuras se ha continuado efectuando\u201d.<\/p>\n\n\n\n<p>Los tr\u00e1mites para volver a modificar la delimitaci\u00f3n de ambos t\u00e9rminos municipales se iniciaron en el 2016 y finalizaron definitivamente en el 2021.<\/p>\n\n\n\n<p>Pod\u00e9is encontrar m\u00e1s informaci\u00f3n aqu\u00ed: <a href=\"https:\/\/bisbalpenedes.com\/web\/2021\/11\/23\/els-ajuntaments-de-la-bisbal-i-sant-jaume-han-aconseguit-que-la-delimitacio-dels-municipis-al-papagai-perque-no-divideixi-parcelles\/\">https:\/\/bisbalpenedes.com\/web\/2021\/11\/23\/els-ajuntaments-de-la-bisbal-i-sant-jaume-han-aconseguit-que-la-delimitacio-dels-municipis-al-papagai-perque-no-divideixi-parcelles\/<\/a><\/p>\n","protected":false},"excerpt":{"rendered":"<p>La Junta de Govern del 31 de gener de 2022 ha aprovat donar de baixa els rebuts d\u2019escombraries dels anys 2013 al 2018 dels carrers Rossinyol (n\u00fameros parells), Tuc\u00e0, Lloret &hellip; <a href=\"https:\/\/bisbalpenedes.com\/web\/2022\/02\/04\/es-regularitzen-els-rebuts-descombraries-suspesos-des-del-2013-de-cinc-carrers-del-papagai\/\" class=\"more-link\">Read More<\/a><\/p>\n","protected":false},"author":4,"featured_media":5519,"comment_status":"closed","ping_status":"closed","sticky":false,"template":"","format":"standard","meta":[],"categories":[2402,2057,4287,8],"tags":[1177,1131,393,1232,5060,1842,5061,5059],"_links":{"self":[{"href":"https:\/\/bisbalpenedes.com\/web\/wp-json\/wp\/v2\/posts\/20851"}],"collection":[{"href":"https:\/\/bisbalpenedes.com\/web\/wp-json\/wp\/v2\/posts"}],"about":[{"href":"https:\/\/bisbalpenedes.com\/web\/wp-json\/wp\/v2\/types\/post"}],"author":[{"embeddable":true,"href":"https:\/\/bisbalpenedes.com\/web\/wp-json\/wp\/v2\/users\/4"}],"replies":[{"embeddable":true,"href":"https:\/\/bisbalpenedes.com\/web\/wp-json\/wp\/v2\/comments?post=20851"}],"version-history":[{"count":1,"href":"https:\/\/bisbalpenedes.com\/web\/wp-json\/wp\/v2\/posts\/20851\/revisions"}],"predecessor-version":[{"id":20852,"href":"https:\/\/bisbalpenedes.com\/web\/wp-json\/wp\/v2\/posts\/20851\/revisions\/20852"}],"wp:featuredmedia":[{"embeddable":true,"href":"https:\/\/bisbalpenedes.com\/web\/wp-json\/wp\/v2\/media\/5519"}],"wp:attachment":[{"href":"https:\/\/bisbalpenedes.com\/web\/wp-json\/wp\/v2\/media?parent=20851"}],"wp:term":[{"taxonomy":"category","embeddable":true,"href":"https:\/\/bisbalpenedes.com\/web\/wp-json\/wp\/v2\/categories?post=20851"},{"taxonomy":"post_tag","embeddable":true,"href":"https:\/\/bisbalpenedes.com\/web\/wp-json\/wp\/v2\/tags?post=20851"}],"curies":[{"name":"wp","href":"https:\/\/api.w.org\/{rel}","templated":true}]}}