{"id":20847,"date":"2022-02-04T15:53:58","date_gmt":"2022-02-04T13:53:58","guid":{"rendered":"https:\/\/bisbalpenedes.com\/web\/?p=20847"},"modified":"2022-02-04T15:53:58","modified_gmt":"2022-02-04T13:53:58","slug":"saprova-un-contracte-menor-per-a-la-installacio-dun-punt-de-recarrega-de-vehicles-electrics-o-hibrids-endollables","status":"publish","type":"post","link":"https:\/\/bisbalpenedes.com\/web\/2022\/02\/04\/saprova-un-contracte-menor-per-a-la-installacio-dun-punt-de-recarrega-de-vehicles-electrics-o-hibrids-endollables\/","title":{"rendered":"S\u2019aprova un contracte menor per a la instal\u00b7laci\u00f3 d\u2019un punt de rec\u00e0rrega de vehicles el\u00e8ctrics o h\u00edbrids endollables"},"content":{"rendered":"\n<p>La Junta de Govern del 31 de gener de 2022 ha aprovat un contracte menor per a la instal\u00b7laci\u00f3 d\u2019un punt de rec\u00e0rrega de vehicles el\u00e8ctrics o h\u00edbrids endollables amb un cost de 6.987,04\u20ac amb Endesa. Es tracta d\u2019un projecte fruit dels pressupostos participatius 2021 del nucli de la Bisbal del Pened\u00e8s.<\/p>\n\n\n\n<p>Quant al punt de rec\u00e0rrega per a vehicles el\u00e8ctrics o h\u00edbrids endollables, aquest s\u2019ha adquirit a trav\u00e9s de la Central de compres de l\u2019Associaci\u00f3 Catalana de Municipis i Comarques (ACM). Es tracta d\u2019un punt de rec\u00e0rrega exterior d\u2019Endesa amb dues sortides de rec\u00e0rrega que t\u00e9 un cost de 8.226,43\u20ac.<\/p>\n\n\n\n<hr class=\"wp-block-separator\"\/>\n\n\n\n<p>La Junta de Gobierno del 31 de enero de 2022 ha aprobado un contrato menor para la instalaci\u00f3n de un punto de recarga de veh\u00edculos el\u00e9ctricos o h\u00edbridos enchufables con un coste de 6.987,04\u20ac con Endesa. Se trata de un proyecto fruto de los presupuestos participativos 2021 del n\u00facleo de la Bisbal del Pened\u00e8s.<\/p>\n\n\n\n<p>En cuanto al punto de recarga para veh\u00edculos el\u00e9ctricos o h\u00edbridos enchufables, este se ha adquirido a trav\u00e9s de la Central de compres de la Associaci\u00f3 Catalana de Municipis i Comarques (ACM). Se trata de un punto de recarga exterior de Endesa con dos salidas de recarga que tiene un coste de 8.226,43\u20ac.<\/p>\n","protected":false},"excerpt":{"rendered":"<p>La Junta de Govern del 31 de gener de 2022 ha aprovat un contracte menor per a la instal\u00b7laci\u00f3 d\u2019un punt de rec\u00e0rrega de vehicles el\u00e8ctrics o h\u00edbrids endollables amb &hellip; <a href=\"https:\/\/bisbalpenedes.com\/web\/2022\/02\/04\/saprova-un-contracte-menor-per-a-la-installacio-dun-punt-de-recarrega-de-vehicles-electrics-o-hibrids-endollables\/\" class=\"more-link\">Read More<\/a><\/p>\n","protected":false},"author":4,"featured_media":20848,"comment_status":"closed","ping_status":"closed","sticky":false,"template":"","format":"standard","meta":[],"categories":[3085,8],"tags":[686,393,1048],"_links":{"self":[{"href":"https:\/\/bisbalpenedes.com\/web\/wp-json\/wp\/v2\/posts\/20847"}],"collection":[{"href":"https:\/\/bisbalpenedes.com\/web\/wp-json\/wp\/v2\/posts"}],"about":[{"href":"https:\/\/bisbalpenedes.com\/web\/wp-json\/wp\/v2\/types\/post"}],"author":[{"embeddable":true,"href":"https:\/\/bisbalpenedes.com\/web\/wp-json\/wp\/v2\/users\/4"}],"replies":[{"embeddable":true,"href":"https:\/\/bisbalpenedes.com\/web\/wp-json\/wp\/v2\/comments?post=20847"}],"version-history":[{"count":1,"href":"https:\/\/bisbalpenedes.com\/web\/wp-json\/wp\/v2\/posts\/20847\/revisions"}],"predecessor-version":[{"id":20849,"href":"https:\/\/bisbalpenedes.com\/web\/wp-json\/wp\/v2\/posts\/20847\/revisions\/20849"}],"wp:featuredmedia":[{"embeddable":true,"href":"https:\/\/bisbalpenedes.com\/web\/wp-json\/wp\/v2\/media\/20848"}],"wp:attachment":[{"href":"https:\/\/bisbalpenedes.com\/web\/wp-json\/wp\/v2\/media?parent=20847"}],"wp:term":[{"taxonomy":"category","embeddable":true,"href":"https:\/\/bisbalpenedes.com\/web\/wp-json\/wp\/v2\/categories?post=20847"},{"taxonomy":"post_tag","embeddable":true,"href":"https:\/\/bisbalpenedes.com\/web\/wp-json\/wp\/v2\/tags?post=20847"}],"curies":[{"name":"wp","href":"https:\/\/api.w.org\/{rel}","templated":true}]}}