{"id":20832,"date":"2022-02-03T14:34:43","date_gmt":"2022-02-03T12:34:43","guid":{"rendered":"https:\/\/bisbalpenedes.com\/web\/?p=20832"},"modified":"2022-02-03T14:36:16","modified_gmt":"2022-02-03T12:36:16","slug":"la-junta-de-govern-del-dilluns-31-de-gener-va-aprovar-una-proposta-amb-competencia-delegada-del-ple","status":"publish","type":"post","link":"https:\/\/bisbalpenedes.com\/web\/2022\/02\/03\/la-junta-de-govern-del-dilluns-31-de-gener-va-aprovar-una-proposta-amb-competencia-delegada-del-ple\/","title":{"rendered":"La Junta de Govern del dilluns 31 de gener va aprovar una proposta amb compet\u00e8ncia delegada del Ple"},"content":{"rendered":"\n<p>La Junta de Govern del passat dilluns 31 de gener va aprovar una proposta amb compet\u00e8ncies del Ple delegades a la Junta de Govern. \u00c9s la seg\u00fcent:<\/p>\n\n\n\n<ul><li>Notificaci\u00f3 a la vuitena empresa classificada en les obres de la fase 1 del poliesportiu municipal perqu\u00e8 pugui al\u00b7legar en l\u2019expedient iniciat de penalitzaci\u00f3, si s\u2019escau.\u00a0<\/li><\/ul>\n\n\n\n<p>La Junta de Govern del 17 de gener va aprovar la retirada de l\u2019oferta de l\u2019empresa classificada en vuitena posici\u00f3 per executar les obres de remodelaci\u00f3 del pavell\u00f3 poliesportiu i la construcci\u00f3 de l\u2019edifici annex destinat a vestidors (fases 1.1. i 1.2.) i s\u2019ha iniciat l\u2019expedient amb relaci\u00f3 a la imposici\u00f3 de penalitats -si correspon- per la retirada de l\u2019oferta d\u2019aquesta empresa.&nbsp;<\/p>\n\n\n\n<p>Les sessions de la Junta de Govern Local no s\u00f3n p\u00fabliques, per\u00f2 quan actua amb compet\u00e8ncies delegades del Ple, la sessi\u00f3 se sotmet als mateixos requisits de publicitat que les sessions del Ple, que s\u00f3n p\u00fabliques. Aix\u00ed ho va declarar la STS 161\/2013, de 26 de setembre. Per aquest motiu,\u00a0el dilluns 31 de gener, a les 19:30h, es van obrir les portes de la sala de Plens perqu\u00e8, qui ho desitg\u00e9s, pogu\u00e9s assistir com a p\u00fablic\u00a0a l\u2019explicaci\u00f3 i votaci\u00f3 d\u2019aquests punts de la Junta de Govern.<\/p>\n\n\n\n<p>Per tot plegat, es va fer arribar la informaci\u00f3 d\u2019aquesta proposta als regidors i regidores de l\u2019oposici\u00f3, convidant-los a assistir com a p\u00fablic. Tot i que aquest punt es va obrir a l\u2019assist\u00e8ncia de p\u00fablic, tamb\u00e9 es va gravar i hem publicat el v\u00eddeo per garantir la seva publicitat.<\/p>\n\n\n\n<hr class=\"wp-block-separator\"\/>\n\n\n\n<p>La Junta de Gobierno del pasado lunes 31 de enero aprob\u00f3 una propuesta con competencias del Pleno delegadas a la Junta de Gobierno. Es la siguiente:<\/p>\n\n\n\n<ul><li>Notificaci\u00f3n a la octava empresa clasificada en las obras de la fase 1 del polideportivo municipal para que pueda alegar en el expediente iniciado de penalizaci\u00f3n, si corresponde.<\/li><\/ul>\n\n\n\n<p>La Junta de Gobierno del 17 de enero aprob\u00f3 la retirada de la oferta de la empresa clasificada en la octava posici\u00f3n para ejecutar las obres de remodelaci\u00f3n del pabell\u00f3n polideportivo y la construcci\u00f3n del edificio anexo destinado a vestidores (fases 1.1. y 1.2.) y se ha iniciado el expediente en relaci\u00f3n con la imposici\u00f3n de penalidades -si corresponde- para la retirada de la oferta de esta empresa.<\/p>\n\n\n\n<p>Las sesiones de la Junta de Gobierno Local no son p\u00fablicas, pero cuando act\u00faa con competencias delegadas del Pleno, la sesi\u00f3n se somete a los mismos requisitos de publicidad que las sesiones del Pleno, que son p\u00fablicas<strong>. <\/strong>As\u00ed lo declar\u00f3 la STS 161\/2013, de 26 de septiembre. Por este motivo,\u00a0el lunes 31 de diciembre, a las 19:30h, se abrieron las puertas de la sala de Plenos para que, qui\u00e9n lo desease, pudiese asistir como p\u00fablico\u00a0a la explicaci\u00f3n y votaci\u00f3n de estos puntos de la Junta de Gobierno.\u00a0<\/p>\n\n\n\n<p>Por todo ello, se les hizo llegar a los concejales y concejalas de la oposici\u00f3n la informaci\u00f3n sobre esta propuesta, invit\u00e1ndoles a asistir como p\u00fablico. Aunque este punto se abri\u00f3 a la asistencia de p\u00fablico, tambi\u00e9n se grab\u00f3 y hemos publicado el v\u00eddeo para garantizar su publicidad.<\/p>\n\n\n\n<p><\/p>\n","protected":false},"excerpt":{"rendered":"<p>La Junta de Govern del passat dilluns 31 de gener va aprovar una proposta amb compet\u00e8ncies del Ple delegades a la Junta de Govern. \u00c9s la seg\u00fcent: Notificaci\u00f3 a la &hellip; <a href=\"https:\/\/bisbalpenedes.com\/web\/2022\/02\/03\/la-junta-de-govern-del-dilluns-31-de-gener-va-aprovar-una-proposta-amb-competencia-delegada-del-ple\/\" class=\"more-link\">Read More<\/a><\/p>\n","protected":false},"author":4,"featured_media":20833,"comment_status":"closed","ping_status":"closed","sticky":false,"template":"","format":"standard","meta":[],"categories":[19,3085,8,2250,15],"tags":[5054,393,267,483],"_links":{"self":[{"href":"https:\/\/bisbalpenedes.com\/web\/wp-json\/wp\/v2\/posts\/20832"}],"collection":[{"href":"https:\/\/bisbalpenedes.com\/web\/wp-json\/wp\/v2\/posts"}],"about":[{"href":"https:\/\/bisbalpenedes.com\/web\/wp-json\/wp\/v2\/types\/post"}],"author":[{"embeddable":true,"href":"https:\/\/bisbalpenedes.com\/web\/wp-json\/wp\/v2\/users\/4"}],"replies":[{"embeddable":true,"href":"https:\/\/bisbalpenedes.com\/web\/wp-json\/wp\/v2\/comments?post=20832"}],"version-history":[{"count":3,"href":"https:\/\/bisbalpenedes.com\/web\/wp-json\/wp\/v2\/posts\/20832\/revisions"}],"predecessor-version":[{"id":20836,"href":"https:\/\/bisbalpenedes.com\/web\/wp-json\/wp\/v2\/posts\/20832\/revisions\/20836"}],"wp:featuredmedia":[{"embeddable":true,"href":"https:\/\/bisbalpenedes.com\/web\/wp-json\/wp\/v2\/media\/20833"}],"wp:attachment":[{"href":"https:\/\/bisbalpenedes.com\/web\/wp-json\/wp\/v2\/media?parent=20832"}],"wp:term":[{"taxonomy":"category","embeddable":true,"href":"https:\/\/bisbalpenedes.com\/web\/wp-json\/wp\/v2\/categories?post=20832"},{"taxonomy":"post_tag","embeddable":true,"href":"https:\/\/bisbalpenedes.com\/web\/wp-json\/wp\/v2\/tags?post=20832"}],"curies":[{"name":"wp","href":"https:\/\/api.w.org\/{rel}","templated":true}]}}