{"id":20801,"date":"2022-02-01T21:26:56","date_gmt":"2022-02-01T19:26:56","guid":{"rendered":"https:\/\/bisbalpenedes.com\/web\/?p=20801"},"modified":"2022-02-01T21:53:45","modified_gmt":"2022-02-01T19:53:45","slug":"lajuntament-es-reuneix-amb-les-associacions-de-veins-propietaris-i-comissions-de-festes-del-municipi","status":"publish","type":"post","link":"https:\/\/bisbalpenedes.com\/web\/2022\/02\/01\/lajuntament-es-reuneix-amb-les-associacions-de-veins-propietaris-i-comissions-de-festes-del-municipi\/","title":{"rendered":"L\u2019Ajuntament es reuneix amb les associacions de ve\u00efns, propietaris i comissions de festes del municipi"},"content":{"rendered":"\n<p>El passat divendres 28 de gener, a les 20h, la Sala de Plens va acollir una reuni\u00f3 convocada des de la Regidoria de Barris amb les diferents entitats ve\u00efnals, de propietaris i comissions de festes del municipi amb l\u2019objectiu de mantenir el contacte amb elles i crear un espai per posar en com\u00fa preguntes, dubtes i propostes des de les entitats.<\/p>\n\n\n\n<p>La trobada va tenir una durada d\u2019una hora i va incloure la presentaci\u00f3 dels assistents, l\u2019aprovaci\u00f3 del calendari de sessions per al 2022, l\u2019explicaci\u00f3 dels pressupostos municipals 2022, l\u2019explicaci\u00f3 del funcionament dels nous serveis engegats el 2021 (bus urb\u00e0, recollida org\u00e0nica, recollida de poda porta a porta i servei d\u2019incid\u00e8ncies L\u00ednea Verde), calendari de les festes d\u2019estiu del municipi i el torn de precs i preguntes, en que els assistents van poder exposar aquells\/es que tenien relaci\u00f3 amb el seu barri o urbanitzaci\u00f3.<\/p>\n\n\n\n<p>L\u2019alcaldessa de la Bisbal del Pened\u00e8s, Agn\u00e8s Ferr\u00e9, ha explicat que \u201cla reuni\u00f3 ha estat molt enriquidora i profitosa pel b\u00e9 del conjunt del municipi. \u00c9s molt important que els temes comuns de les urbanitzacions es tractin i debatin en reunions com la del passat divendres, amb representants de cada associaci\u00f3. Tot i que ja els ho vaig comentar divendres, ho torno a reiterar: des de l\u2019Ajuntament estem molt agra\u00efts i agra\u00efdes de la gran tasca que fan les associacions pel b\u00e9 com\u00fa\u201d.<\/p>\n\n\n\n<p>La reuni\u00f3 va comptar amb l\u2019assist\u00e8ncia de l\u2019alcaldessa de la Bisbal del Pened\u00e8s, Agn\u00e8s Ferr\u00e9; i la primera tinenta d\u2019alcaldia, Judith Vidal. El regidor de Barris no va poder-hi assistir per motius de salut. Quant a les entitats, van participar-hi les set entitats que estan inscrites en el registre d\u2019entitats del municipi: l\u2019Associaci\u00f3 de ve\u00efns del barri del Priorat de la Bisbal; la Asociaci\u00f3n de vecinos y amigos del Priorat; la Asociaci\u00f3n de vecinos de la Miralba; l\u2019Associaci\u00f3 de ve\u00efns de Can Gordei; la Comisi\u00f3n de Fiestas de Can Gordei-La Carcaj\u00e1; la Asociaci\u00f3n de vecinos de l\u2019Esplai; i l\u2019Associaci\u00f3 de propietaris de la Pineda de Santa Cristina.<\/p>\n\n\n\n<hr class=\"wp-block-separator\"\/>\n\n\n\n<p><strong>CASTELLANO | <\/strong>El pasado viernes 28 de enero, a las 20h, la Sala de Plenos acogi\u00f3 una reuni\u00f3n convocada desde la Concejal\u00eda de Barrios con las distintas entidades vecinales, de propietarios y comisiones de fiestas del municipio con el objetivo de mantener el contacto con ellas y crear un espacio para poner en com\u00fan preguntas, dudas y propuestas desde las entidades.<\/p>\n\n\n\n<p>El encuentro tuvo una duraci\u00f3n de una hora e incluy\u00f3 la presentaci\u00f3n de los asistentes, la aprobaci\u00f3n del calendario de sesiones para el 2022, la explicaci\u00f3n de los presupuestos municipales 2022, la explicaci\u00f3n del funcionamiento de los nuevos servicios iniciados en el 2021 (bus urbano, recogida org\u00e1nica, recogida de poda puerta por puerta y servicio de incidencias L\u00ednea Verde), calendario de las fiestas de verano del municipio y el turno de ruegos y preguntas, en el que los asistentes pudieron exponer aquellos\/as que ten\u00edan relaci\u00f3n con su barrio o urbanizaci\u00f3n.<\/p>\n\n\n\n<p>La alcaldesa de la Bisbal del Pened\u00e8s, Agn\u00e8s Ferr\u00e9, ha explicado que \u201cla reuni\u00f3n ha sido muy enriquecedora y provechosa por el bien del conjunto del municipio. Es muy importante que los temas comunes de las urbanizaciones se traten y debatan en reuniones como la del pasado viernes, con representantes de cada asociaci\u00f3n. Aunque ya lo coment\u00e9 el viernes, lo vuelvo a reiterar: desde el Ayuntamiento estamos muy agradecidos y agradecidas del gran trabajo que hacen las asociaciones por el bien com\u00fan\u201d.<\/p>\n\n\n\n<p>La reuni\u00f3n cont\u00f3 con la asistencia de la alcaldesa de la Bisbal del Pened\u00e8s, Agn\u00e8s Ferr\u00e9; y la primera tenienta de alcald\u00eda, Judith Vidal. El concejal de Barrios no pudo asistir a la misma por motivos de salud. En cuanto a las entidades, participaron en el encuentro las siete entidades que est\u00e1n inscritas en el registro de entidades del municipio: la Associaci\u00f3 de ve\u00efns del barri del Priorat de la Bisbal; la Asociaci\u00f3n de vecinos y amigos del Priorat; la Asociaci\u00f3n de vecinos de la Miralba; la Associaci\u00f3 de ve\u00efns de Can Gordei; la Comisi\u00f3n de Fiestas de Can Gordei-La Carcaj\u00e1; la Asociaci\u00f3n de vecinos de l\u2019Esplai; y la Associaci\u00f3 de propietaris de la Pineda de Santa Cristina.<\/p>\n","protected":false},"excerpt":{"rendered":"<p>El passat divendres 28 de gener, a les 20h, la Sala de Plens va acollir una reuni\u00f3 convocada des de la Regidoria de Barris amb les diferents entitats ve\u00efnals, de &hellip; <a href=\"https:\/\/bisbalpenedes.com\/web\/2022\/02\/01\/lajuntament-es-reuneix-amb-les-associacions-de-veins-propietaris-i-comissions-de-festes-del-municipi\/\" class=\"more-link\">Read More<\/a><\/p>\n","protected":false},"author":4,"featured_media":20802,"comment_status":"closed","ping_status":"closed","sticky":false,"template":"","format":"standard","meta":[],"categories":[4287,8],"tags":[5048,5045,5049,5046,4839,77,5047,393,397],"_links":{"self":[{"href":"https:\/\/bisbalpenedes.com\/web\/wp-json\/wp\/v2\/posts\/20801"}],"collection":[{"href":"https:\/\/bisbalpenedes.com\/web\/wp-json\/wp\/v2\/posts"}],"about":[{"href":"https:\/\/bisbalpenedes.com\/web\/wp-json\/wp\/v2\/types\/post"}],"author":[{"embeddable":true,"href":"https:\/\/bisbalpenedes.com\/web\/wp-json\/wp\/v2\/users\/4"}],"replies":[{"embeddable":true,"href":"https:\/\/bisbalpenedes.com\/web\/wp-json\/wp\/v2\/comments?post=20801"}],"version-history":[{"count":3,"href":"https:\/\/bisbalpenedes.com\/web\/wp-json\/wp\/v2\/posts\/20801\/revisions"}],"predecessor-version":[{"id":20805,"href":"https:\/\/bisbalpenedes.com\/web\/wp-json\/wp\/v2\/posts\/20801\/revisions\/20805"}],"wp:featuredmedia":[{"embeddable":true,"href":"https:\/\/bisbalpenedes.com\/web\/wp-json\/wp\/v2\/media\/20802"}],"wp:attachment":[{"href":"https:\/\/bisbalpenedes.com\/web\/wp-json\/wp\/v2\/media?parent=20801"}],"wp:term":[{"taxonomy":"category","embeddable":true,"href":"https:\/\/bisbalpenedes.com\/web\/wp-json\/wp\/v2\/categories?post=20801"},{"taxonomy":"post_tag","embeddable":true,"href":"https:\/\/bisbalpenedes.com\/web\/wp-json\/wp\/v2\/tags?post=20801"}],"curies":[{"name":"wp","href":"https:\/\/api.w.org\/{rel}","templated":true}]}}