{"id":20797,"date":"2022-01-28T15:48:39","date_gmt":"2022-01-28T13:48:39","guid":{"rendered":"https:\/\/bisbalpenedes.com\/web\/?p=20797"},"modified":"2022-01-28T15:48:39","modified_gmt":"2022-01-28T13:48:39","slug":"aquest-dijous-27-de-gener-shan-iniciat-els-treballs-de-desbrossament-de-zones-verdes-i-parcelles-municipals","status":"publish","type":"post","link":"https:\/\/bisbalpenedes.com\/web\/2022\/01\/28\/aquest-dijous-27-de-gener-shan-iniciat-els-treballs-de-desbrossament-de-zones-verdes-i-parcelles-municipals\/","title":{"rendered":"Aquest dijous 27 de gener s&#8217;han iniciat els treballs de desbrossament de zones verdes i parcel\u00b7les municipals"},"content":{"rendered":"\n<p>Aquest dijous 27 de gener s&#8217;han iniciat els treballs de desbrossament de zones verdes i parcel\u00b7les municipals. Aquestes tasques les fan cinc persones contractades amb un Pla d&#8217;Ocupaci\u00f3 de la brigada forestal de la Diputaci\u00f3 de Tarragona, dins del conveni d&#8217;Ocupaci\u00f3 que l&#8217;Ajuntament de La Bisbal del Pened\u00e8s signa cada any amb el Consell Comarcal del Baix Pened\u00e8s, i es tracta d&#8217;una de les accions que s&#8217;emprenen en l&#8217;\u00e0mbit de les pol\u00edtiques actives d&#8217;ocupaci\u00f3.\u00a0<\/p>\n\n\n\n<hr class=\"wp-block-separator\"\/>\n\n\n\n<p>Este jueves 27 de enero se han iniciado los trabajos de desbroce de zonas vedes y parcelas municipales. Estas tareas las llevan a cabo cinco personas contratadas con un Plan de Ocupaci\u00f3n de la brigada forestal de la Diputaci\u00f3n de Tarragona, dentro del convenio de Ocupaci\u00f3n que el Ayuntamiento de la Bisbal del Pened\u00e8s firma cada a\u00f1o con el Consell Comarcal del Baix Pened\u00e8s, y se trata de una de las acciones que se emprenden en el \u00e1mbito de las pol\u00edticas activas de ocupaci\u00f3n.<\/p>\n","protected":false},"excerpt":{"rendered":"<p>Aquest dijous 27 de gener s&#8217;han iniciat els treballs de desbrossament de zones verdes i parcel\u00b7les municipals. Aquestes tasques les fan cinc persones contractades amb un Pla d&#8217;Ocupaci\u00f3 de la &hellip; <a href=\"https:\/\/bisbalpenedes.com\/web\/2022\/01\/28\/aquest-dijous-27-de-gener-shan-iniciat-els-treballs-de-desbrossament-de-zones-verdes-i-parcelles-municipals\/\" class=\"more-link\">Read More<\/a><\/p>\n","protected":false},"author":4,"featured_media":20798,"comment_status":"closed","ping_status":"closed","sticky":false,"template":"","format":"standard","meta":[],"categories":[32,8,9],"tags":[1056,739,393,220,5044,1169],"_links":{"self":[{"href":"https:\/\/bisbalpenedes.com\/web\/wp-json\/wp\/v2\/posts\/20797"}],"collection":[{"href":"https:\/\/bisbalpenedes.com\/web\/wp-json\/wp\/v2\/posts"}],"about":[{"href":"https:\/\/bisbalpenedes.com\/web\/wp-json\/wp\/v2\/types\/post"}],"author":[{"embeddable":true,"href":"https:\/\/bisbalpenedes.com\/web\/wp-json\/wp\/v2\/users\/4"}],"replies":[{"embeddable":true,"href":"https:\/\/bisbalpenedes.com\/web\/wp-json\/wp\/v2\/comments?post=20797"}],"version-history":[{"count":1,"href":"https:\/\/bisbalpenedes.com\/web\/wp-json\/wp\/v2\/posts\/20797\/revisions"}],"predecessor-version":[{"id":20799,"href":"https:\/\/bisbalpenedes.com\/web\/wp-json\/wp\/v2\/posts\/20797\/revisions\/20799"}],"wp:featuredmedia":[{"embeddable":true,"href":"https:\/\/bisbalpenedes.com\/web\/wp-json\/wp\/v2\/media\/20798"}],"wp:attachment":[{"href":"https:\/\/bisbalpenedes.com\/web\/wp-json\/wp\/v2\/media?parent=20797"}],"wp:term":[{"taxonomy":"category","embeddable":true,"href":"https:\/\/bisbalpenedes.com\/web\/wp-json\/wp\/v2\/categories?post=20797"},{"taxonomy":"post_tag","embeddable":true,"href":"https:\/\/bisbalpenedes.com\/web\/wp-json\/wp\/v2\/tags?post=20797"}],"curies":[{"name":"wp","href":"https:\/\/api.w.org\/{rel}","templated":true}]}}