{"id":20779,"date":"2022-01-28T11:13:56","date_gmt":"2022-01-28T09:13:56","guid":{"rendered":"https:\/\/bisbalpenedes.com\/web\/?p=20779"},"modified":"2022-01-28T11:13:56","modified_gmt":"2022-01-28T09:13:56","slug":"la-junta-de-govern-del-proper-dilluns-31-de-gener-inclou-una-proposta-amb-competencies-delegades-del-ple","status":"publish","type":"post","link":"https:\/\/bisbalpenedes.com\/web\/2022\/01\/28\/la-junta-de-govern-del-proper-dilluns-31-de-gener-inclou-una-proposta-amb-competencies-delegades-del-ple\/","title":{"rendered":"La Junta de Govern del proper dilluns 31 de gener inclou una proposta amb compet\u00e8ncies delegades del Ple"},"content":{"rendered":"\n<p>La Junta de Govern del proper dilluns 31 de gener inclou una proposta amb compet\u00e8ncies del Ple delegades a la Junta de Govern. \u00c9s la seg\u00fcent:<\/p>\n\n\n\n<ul><li>Notificaci\u00f3 a la vuitena empresa classificada en les obres de la fase 1 del poliesportiu municipal perqu\u00e8 pugui al\u00b7legar en l\u2019expedient iniciat de penalitzaci\u00f3, si s\u2019escau.<\/li><\/ul>\n\n\n\n<p>La Junta de Govern del 17 de gener va aprovar la retirada de l\u2019oferta de l\u2019empresa classificada en vuitena posici\u00f3 per executar les obres de remodelaci\u00f3 del pavell\u00f3 poliesportiu i la construcci\u00f3 de l\u2019edifici annex destinat a vestidors (fases 1.1. i 1.2.) i s\u2019ha iniciat l\u2019expedient amb relaci\u00f3 a la imposici\u00f3 de penalitats -si correspon- per la retirada de l\u2019oferta d\u2019aquesta empresa.<\/p>\n\n\n\n<p>Les sessions de la Junta de Govern Local no s\u00f3n p\u00fabliques, per\u00f2 quan actua amb compet\u00e8ncies delegades del Ple, la sessi\u00f3 se sotmet als mateixos requisits de publicitat que les sessions del Ple, que s\u00f3n p\u00fabliques. Aix\u00ed ho va declarar la STS 161\/2013, de 26 de setembre. Per aquest motiu,&nbsp;<strong>el dilluns 31 de gener, a les 19:30h, s\u2019obriran les portes de la sala de Plens perqu\u00e8, qui ho desitgi, pugui assistir com a p\u00fablic<\/strong>&nbsp;a l\u2019explicaci\u00f3 i votaci\u00f3 d\u2019aquests punts de la Junta de Govern.<\/p>\n\n\n\n<p>Per tot plegat, s\u2019ha fet arribar la informaci\u00f3 d\u2019aquesta proposta als regidors i regidores de l\u2019oposici\u00f3, convidant-los assistir com a p\u00fablic. Tot i que aquest punt s\u2019obre a l\u2019assist\u00e8ncia de p\u00fablic, tamb\u00e9 es gravar\u00e0 i es publicar\u00e0 el v\u00eddeo durant els propers dies per garantir la seva publicitat.<\/p>\n\n\n\n<hr class=\"wp-block-separator\"\/>\n\n\n\n<p>La Junta de Gobierno del pr\u00f3ximo lunes 31 de enero incluye una propuesta con competencias del Pleno delegadas a la Junta de Gobierno. Es la siguiente:<\/p>\n\n\n\n<ul><li>Notificaci\u00f3n a la octava empresa clasificada en las obres de la fase 1 del polideportivo municipal para que pueda alegar en el expediente iniciado de penalizaci\u00f3n, si corresponde.<\/li><\/ul>\n\n\n\n<p>La Junta de Gobierno del 17 de enero aprob\u00f3 la retirada de la oferta de la empresa clasificada en la octava posici\u00f3n para ejecutar las obres de remodelaci\u00f3n del pabell\u00f3n polideportivo y la construcci\u00f3n del edificio anexo destinado a vestidores (fases 1.1. y 1.2.) y se ha iniciado el expediente en relaci\u00f3n con la imposici\u00f3n de penalidades -si corresponde- para la retirada de la oferta de esta empresa.<\/p>\n\n\n\n<p>Las sesiones de la Junta de Gobierno Local no son p\u00fablicas, pero cuando act\u00faa con competencias delegadas del Pleno, la sesi\u00f3n se somete a los mismos requisitos de publicidad que las sesiones del Pleno, que son p\u00fablicas<strong>. <\/strong>As\u00ed lo declar\u00f3 la STS 161\/2013, de 26 de septiembre. Por este motivo,\u00a0<strong>el lunes 31 de diciembre, a las 19:30h, se abrir\u00e1n las puertas de la sala de Plenos para que, qui\u00e9n lo desee, pueda asistir como p\u00fablico<\/strong>\u00a0a la explicaci\u00f3n y votaci\u00f3n de estos puntos de la Junta de Gobierno. <\/p>\n\n\n\n<p>Por todo ello, se les ha hecho llegar a los concejales y concejalas de la oposici\u00f3n la informaci\u00f3n sobre esta propuesta, invit\u00e1ndoles a asistir como p\u00fablico. Aunque este punto se abre a la asistencia de p\u00fablico, tambi\u00e9n se grabar\u00e1 y se publicar\u00e1 el v\u00eddeo durante los pr\u00f3ximos d\u00edas para garantizar su publicidad.<\/p>\n","protected":false},"excerpt":{"rendered":"<p>La Junta de Govern del proper dilluns 31 de gener inclou una proposta amb compet\u00e8ncies del Ple delegades a la Junta de Govern. \u00c9s la seg\u00fcent: Notificaci\u00f3 a la vuitena &hellip; <a href=\"https:\/\/bisbalpenedes.com\/web\/2022\/01\/28\/la-junta-de-govern-del-proper-dilluns-31-de-gener-inclou-una-proposta-amb-competencies-delegades-del-ple\/\" class=\"more-link\">Read More<\/a><\/p>\n","protected":false},"author":4,"featured_media":20666,"comment_status":"closed","ping_status":"closed","sticky":false,"template":"","format":"standard","meta":[],"categories":[3085,8],"tags":[5011,4175,686,393],"_links":{"self":[{"href":"https:\/\/bisbalpenedes.com\/web\/wp-json\/wp\/v2\/posts\/20779"}],"collection":[{"href":"https:\/\/bisbalpenedes.com\/web\/wp-json\/wp\/v2\/posts"}],"about":[{"href":"https:\/\/bisbalpenedes.com\/web\/wp-json\/wp\/v2\/types\/post"}],"author":[{"embeddable":true,"href":"https:\/\/bisbalpenedes.com\/web\/wp-json\/wp\/v2\/users\/4"}],"replies":[{"embeddable":true,"href":"https:\/\/bisbalpenedes.com\/web\/wp-json\/wp\/v2\/comments?post=20779"}],"version-history":[{"count":2,"href":"https:\/\/bisbalpenedes.com\/web\/wp-json\/wp\/v2\/posts\/20779\/revisions"}],"predecessor-version":[{"id":20781,"href":"https:\/\/bisbalpenedes.com\/web\/wp-json\/wp\/v2\/posts\/20779\/revisions\/20781"}],"wp:featuredmedia":[{"embeddable":true,"href":"https:\/\/bisbalpenedes.com\/web\/wp-json\/wp\/v2\/media\/20666"}],"wp:attachment":[{"href":"https:\/\/bisbalpenedes.com\/web\/wp-json\/wp\/v2\/media?parent=20779"}],"wp:term":[{"taxonomy":"category","embeddable":true,"href":"https:\/\/bisbalpenedes.com\/web\/wp-json\/wp\/v2\/categories?post=20779"},{"taxonomy":"post_tag","embeddable":true,"href":"https:\/\/bisbalpenedes.com\/web\/wp-json\/wp\/v2\/tags?post=20779"}],"curies":[{"name":"wp","href":"https:\/\/api.w.org\/{rel}","templated":true}]}}