{"id":20767,"date":"2022-01-27T13:06:41","date_gmt":"2022-01-27T11:06:41","guid":{"rendered":"https:\/\/bisbalpenedes.com\/web\/?p=20767"},"modified":"2022-01-27T13:06:41","modified_gmt":"2022-01-27T11:06:41","slug":"els-esventats-faran-la-seva-assemblea-general-el-diumenge-6-de-febrer-a-les-11h","status":"publish","type":"post","link":"https:\/\/bisbalpenedes.com\/web\/2022\/01\/27\/els-esventats-faran-la-seva-assemblea-general-el-diumenge-6-de-febrer-a-les-11h\/","title":{"rendered":"Els Esventats faran la seva assemblea general el diumenge 6 de febrer a les 11h"},"content":{"rendered":"\n<p>Els Esventats faran la seva assemblea general el diumenge 6 de febrer, a les 11h, al CMC. Est\u00e0 oberta a tots els joves del poble que vulguin entrar a formar part de l&#8217;entitat.<br><\/p>\n\n\n\n<hr class=\"wp-block-separator\"\/>\n\n\n\n<p><br>Els Esventats har\u00e1n su asamblea general el domingo 6 de febrero, a las 11h, en el CMC. Est\u00e1 abierta a todos los j\u00f3venes del pueblo que quieran entrar a formar parte de la entidad.<br>#EntitatsBisbalPened\u00e8s #LaBisbalDelPened\u00e8s #BaixPened\u00e8s #Pened\u00e8s<\/p>\n","protected":false},"excerpt":{"rendered":"<p>Els Esventats faran la seva assemblea general el diumenge 6 de febrer, a les 11h, al CMC. Est\u00e0 oberta a tots els joves del poble que vulguin entrar a formar &hellip; <a href=\"https:\/\/bisbalpenedes.com\/web\/2022\/01\/27\/els-esventats-faran-la-seva-assemblea-general-el-diumenge-6-de-febrer-a-les-11h\/\" class=\"more-link\">Read More<\/a><\/p>\n","protected":false},"author":4,"featured_media":20769,"comment_status":"closed","ping_status":"closed","sticky":false,"template":"","format":"standard","meta":[],"categories":[20,8],"tags":[5040,2179,689,393],"_links":{"self":[{"href":"https:\/\/bisbalpenedes.com\/web\/wp-json\/wp\/v2\/posts\/20767"}],"collection":[{"href":"https:\/\/bisbalpenedes.com\/web\/wp-json\/wp\/v2\/posts"}],"about":[{"href":"https:\/\/bisbalpenedes.com\/web\/wp-json\/wp\/v2\/types\/post"}],"author":[{"embeddable":true,"href":"https:\/\/bisbalpenedes.com\/web\/wp-json\/wp\/v2\/users\/4"}],"replies":[{"embeddable":true,"href":"https:\/\/bisbalpenedes.com\/web\/wp-json\/wp\/v2\/comments?post=20767"}],"version-history":[{"count":1,"href":"https:\/\/bisbalpenedes.com\/web\/wp-json\/wp\/v2\/posts\/20767\/revisions"}],"predecessor-version":[{"id":20770,"href":"https:\/\/bisbalpenedes.com\/web\/wp-json\/wp\/v2\/posts\/20767\/revisions\/20770"}],"wp:featuredmedia":[{"embeddable":true,"href":"https:\/\/bisbalpenedes.com\/web\/wp-json\/wp\/v2\/media\/20769"}],"wp:attachment":[{"href":"https:\/\/bisbalpenedes.com\/web\/wp-json\/wp\/v2\/media?parent=20767"}],"wp:term":[{"taxonomy":"category","embeddable":true,"href":"https:\/\/bisbalpenedes.com\/web\/wp-json\/wp\/v2\/categories?post=20767"},{"taxonomy":"post_tag","embeddable":true,"href":"https:\/\/bisbalpenedes.com\/web\/wp-json\/wp\/v2\/tags?post=20767"}],"curies":[{"name":"wp","href":"https:\/\/api.w.org\/{rel}","templated":true}]}}