{"id":20763,"date":"2022-01-27T12:25:13","date_gmt":"2022-01-27T10:25:13","guid":{"rendered":"https:\/\/bisbalpenedes.com\/web\/?p=20763"},"modified":"2022-01-27T12:25:13","modified_gmt":"2022-01-27T10:25:13","slug":"consulta-publica-per-a-la-confeccio-del-reglament-del-nou-servei-de-recarrega-de-vehicles-electrics-o-hibrids-endollables","status":"publish","type":"post","link":"https:\/\/bisbalpenedes.com\/web\/2022\/01\/27\/consulta-publica-per-a-la-confeccio-del-reglament-del-nou-servei-de-recarrega-de-vehicles-electrics-o-hibrids-endollables\/","title":{"rendered":"Consulta p\u00fablica per a la confecci\u00f3 del reglament del nou servei de rec\u00e0rrega de vehicles el\u00e8ctrics o h\u00edbrids endollables"},"content":{"rendered":"\n<p>Fins al 9 de mar\u00e7 de 2022 podeu participar en la consulta p\u00fablica per a la confecci\u00f3 del reglament del nou servei de rec\u00e0rrega de vehicles el\u00e8ctrics o h\u00edbrids endollables.&nbsp;<\/p>\n\n\n\n<p>L\u2019objectiu de la consulta \u00e9s recollir l\u2019opini\u00f3 dels bisbalencs i bisbalencs sobre aquest nou servei.&nbsp;<\/p>\n\n\n\n<p><strong>Podeu participar en la consulta accedint a l\u2019enlla\u00e7:<\/strong><\/p>\n\n\n\n<figure class=\"wp-block-embed is-type-wp-embed is-provider-ajuntament-de-la-bisbal-del-penedes wp-block-embed-ajuntament-de-la-bisbal-del-penedes\"><div class=\"wp-block-embed__wrapper\">\n<blockquote class=\"wp-embedded-content\" data-secret=\"D53IIgsMnK\"><a href=\"https:\/\/bisbalpenedes.com\/web\/consulta-publica-reglament-recarrega-de-vehicles-electrics\/\">Consulta p\u00fablica reglament rec\u00e0rrega de vehicles el\u00e8ctrics<\/a><\/blockquote><iframe class=\"wp-embedded-content\" sandbox=\"allow-scripts\" security=\"restricted\" style=\"position: absolute; clip: rect(1px, 1px, 1px, 1px);\" title=\"&#8220;Consulta p\u00fablica reglament rec\u00e0rrega de vehicles el\u00e8ctrics&#8221; &#8212; Ajuntament de la Bisbal del Pened\u00e8s\" src=\"https:\/\/bisbalpenedes.com\/web\/consulta-publica-reglament-recarrega-de-vehicles-electrics\/embed\/#?secret=D53IIgsMnK\" data-secret=\"D53IIgsMnK\" width=\"600\" height=\"338\" frameborder=\"0\" marginwidth=\"0\" marginheight=\"0\" scrolling=\"no\"><\/iframe>\n<\/div><\/figure>\n\n\n\n<p>Una vegada redactada la proposta de reglament, aquesta haur\u00e0 d\u2019aprovar-se al Ple de la Corporaci\u00f3 municipal.<\/p>\n\n\n\n<hr class=\"wp-block-separator\"\/>\n\n\n\n<p>Hasta el 9 de marzo de 2022 pod\u00e9is participar en la consulta p\u00fablica para la confecci\u00f3n del reglamento del nuevo servicio de recarga de veh\u00edculos el\u00e9ctricos o h\u00edbridos enchufables.<\/p>\n\n\n\n<p>El objetivo de la consulta es recoger la opini\u00f3n de los bisbalencs y bisbalenques sobre este nuevo servicio.&nbsp;<\/p>\n\n\n\n<p>Pod\u00e9is participar en la consulta accediendo al enlace: <\/p>\n\n\n\n<figure class=\"wp-block-embed is-type-wp-embed is-provider-ajuntament-de-la-bisbal-del-penedes wp-block-embed-ajuntament-de-la-bisbal-del-penedes\"><div class=\"wp-block-embed__wrapper\">\n<blockquote class=\"wp-embedded-content\" data-secret=\"D53IIgsMnK\"><a href=\"https:\/\/bisbalpenedes.com\/web\/consulta-publica-reglament-recarrega-de-vehicles-electrics\/\">Consulta p\u00fablica reglament rec\u00e0rrega de vehicles el\u00e8ctrics<\/a><\/blockquote><iframe class=\"wp-embedded-content\" sandbox=\"allow-scripts\" security=\"restricted\" style=\"position: absolute; clip: rect(1px, 1px, 1px, 1px);\" title=\"&#8220;Consulta p\u00fablica reglament rec\u00e0rrega de vehicles el\u00e8ctrics&#8221; &#8212; Ajuntament de la Bisbal del Pened\u00e8s\" src=\"https:\/\/bisbalpenedes.com\/web\/consulta-publica-reglament-recarrega-de-vehicles-electrics\/embed\/#?secret=D53IIgsMnK\" data-secret=\"D53IIgsMnK\" width=\"600\" height=\"338\" frameborder=\"0\" marginwidth=\"0\" marginheight=\"0\" scrolling=\"no\"><\/iframe>\n<\/div><\/figure>\n\n\n\n<p>Una vez se haya redactado la propuesta de reglamento, esta se tendr\u00e1 que aprobar en el Pleno de la Corporaci\u00f3n municipal.<\/p>\n","protected":false},"excerpt":{"rendered":"<p>Fins al 9 de mar\u00e7 de 2022 podeu participar en la consulta p\u00fablica per a la confecci\u00f3 del reglament del nou servei de rec\u00e0rrega de vehicles el\u00e8ctrics o h\u00edbrids endollables.&nbsp; &hellip; <a href=\"https:\/\/bisbalpenedes.com\/web\/2022\/01\/27\/consulta-publica-per-a-la-confeccio-del-reglament-del-nou-servei-de-recarrega-de-vehicles-electrics-o-hibrids-endollables\/\" class=\"more-link\">Read More<\/a><\/p>\n","protected":false},"author":4,"featured_media":20764,"comment_status":"closed","ping_status":"closed","sticky":false,"template":"","format":"standard","meta":[],"categories":[3099,8],"tags":[3096,393,5038,5039],"_links":{"self":[{"href":"https:\/\/bisbalpenedes.com\/web\/wp-json\/wp\/v2\/posts\/20763"}],"collection":[{"href":"https:\/\/bisbalpenedes.com\/web\/wp-json\/wp\/v2\/posts"}],"about":[{"href":"https:\/\/bisbalpenedes.com\/web\/wp-json\/wp\/v2\/types\/post"}],"author":[{"embeddable":true,"href":"https:\/\/bisbalpenedes.com\/web\/wp-json\/wp\/v2\/users\/4"}],"replies":[{"embeddable":true,"href":"https:\/\/bisbalpenedes.com\/web\/wp-json\/wp\/v2\/comments?post=20763"}],"version-history":[{"count":1,"href":"https:\/\/bisbalpenedes.com\/web\/wp-json\/wp\/v2\/posts\/20763\/revisions"}],"predecessor-version":[{"id":20765,"href":"https:\/\/bisbalpenedes.com\/web\/wp-json\/wp\/v2\/posts\/20763\/revisions\/20765"}],"wp:featuredmedia":[{"embeddable":true,"href":"https:\/\/bisbalpenedes.com\/web\/wp-json\/wp\/v2\/media\/20764"}],"wp:attachment":[{"href":"https:\/\/bisbalpenedes.com\/web\/wp-json\/wp\/v2\/media?parent=20763"}],"wp:term":[{"taxonomy":"category","embeddable":true,"href":"https:\/\/bisbalpenedes.com\/web\/wp-json\/wp\/v2\/categories?post=20763"},{"taxonomy":"post_tag","embeddable":true,"href":"https:\/\/bisbalpenedes.com\/web\/wp-json\/wp\/v2\/tags?post=20763"}],"curies":[{"name":"wp","href":"https:\/\/api.w.org\/{rel}","templated":true}]}}