{"id":20748,"date":"2022-01-26T14:12:17","date_gmt":"2022-01-26T12:12:17","guid":{"rendered":"https:\/\/bisbalpenedes.com\/web\/?p=20748"},"modified":"2022-01-26T14:12:17","modified_gmt":"2022-01-26T12:12:17","slug":"la-biblioteca-recupera-lactivitat-dabans-de-la-pandemia-amb-lampliacio-de-loferta-lectora-i-la-recuperacio-dactivitats","status":"publish","type":"post","link":"https:\/\/bisbalpenedes.com\/web\/2022\/01\/26\/la-biblioteca-recupera-lactivitat-dabans-de-la-pandemia-amb-lampliacio-de-loferta-lectora-i-la-recuperacio-dactivitats\/","title":{"rendered":"La biblioteca recupera l\u2019activitat d\u2019abans de la pand\u00e8mia amb l\u2019ampliaci\u00f3 de l\u2019oferta lectora i la recuperaci\u00f3 d\u2019activitats"},"content":{"rendered":"\n<p>La Biblioteca p\u00fablica de la Bisbal del Pened\u00e8s ha recuperat el nombre d\u2019activitats previ a la pand\u00e8mia entre els darrers mesos de 2021 i l\u2019inici del 2022. Aix\u00f2 ha estat gr\u00e0cies a la recuperaci\u00f3 de les visites guiades escolars i dels casals, aix\u00ed com altres activitats com ara les sessions de l\u2019hora del conte, les confer\u00e8ncies, les exposicions i les presentacions. Tamb\u00e9 s\u2019han tornat a programar cicles com el Biblioteques amb DO, l\u2019ArtTer o els dedicats a la setmana del reciclatge, a les dones o a la Marat\u00f3; a m\u00e9s d\u2019intensificar la col\u00b7laboraci\u00f3 amb el Cicle Gaud\u00ed -fent expositors tem\u00e0tics relacionats amb alguns dels films projectats- i amb les activitats de Nadal, acollint les visites del casal i creant un espai de ludoteca al Parc de Nadal.<\/p>\n\n\n\n<p>Durant aquests darrers mesos, tamb\u00e9 s\u2019han incorporat noves activitats entre les quals destaquen un club de lectura o la col\u00b7laboraci\u00f3 per acollir les reunions del Cercle Po\u00e8tic Bisbalenc, a m\u00e9s de comptar amb una ampliaci\u00f3 del personal bibliotecari, gr\u00e0cies a la contractaci\u00f3 d\u2019una jove en pr\u00e0ctiques per donar suport a les tasques d\u2019atenci\u00f3 al p\u00fablic. Tot aix\u00f2 ha perm\u00e8s elevar el nombre d\u2019activitats fins a una xifra pr\u00f2xima a l\u2019anterior a la pand\u00e8mia, amb una cinquantena d\u2019activitats i gaireb\u00e9 un miler d\u2019usuaris\/participants.<\/p>\n\n\n\n<p>Cal recordar que, l\u2019any 2020, la biblioteca va estar tancada parcialment. Per contra, aquest darrer any la biblioteca ha pogut restar oberta m\u00e9s de 200 dies l\u2019any, tot i que l\u2019assist\u00e8ncia no ha tornat encara a nivells prepand\u00e8mics, ja que s\u2019han registrat un 35% menys de visites respecte al 2019, en part a causa de les reduccions d\u2019aforament. Tot i aix\u00f2, s\u00ed que s\u2019ha recuperat l\u2019activitat lectora, amb m\u00e9s de 2.400 pr\u00e9stecs realitzats, el volum m\u00e9s alt des de la incorporaci\u00f3 de la biblioteca al servei de biblioteques p\u00fabliques de Catalunya. Des de la biblioteca s\u2019ha explicat que \u201caquest augment en l\u2019\u00fas i els \u00edndexs lectors ha estat tamb\u00e9 possible gr\u00e0cies als 900 documents adquirits aquest any, des de llibres a DVD o revistes, gr\u00e0cies a les partides i subvencions sol\u00b7licitades des de la biblioteca per tal d\u2019impulsar nous projectes i adquirir novetats; que han servit per crear un nou espai dedicat exclusivament al c\u00f2mic i al manga, ampliar la novel\u00b7la en castell\u00e0 i mantenir al dia de les \u00faltimes novetats editorials tant en novel\u00b7la en catal\u00e0 com en publicacions infantils i juvenils\u201d.<\/p>\n\n\n\n<p>Val a dir que la biblioteca bisbalenca ha rebut \u00a0subvencions per part del Departament de Cultura de la Generalitat de Catalunya per adquisicions en esp\u00e8cie, destinades a dotar de novetats el fons de la biblioteca, per valor de m\u00e9s de 6000\u20ac, i dues subvencions destinades a projectes basats en la compra de proximitat, per un valor total de 3.020\u20ac, i que han servit per incrementar el fons de coneixement adult i crear i ampliar un nou espai destinat a c\u00f2mic infantil i c\u00f2mic i manga d\u2019adults.<\/p>\n\n\n\n<hr class=\"wp-block-separator\"\/>\n\n\n\n<p><strong>CASTELLANO |<\/strong> La Biblioteca p\u00fablica de la Bisbal del Pened\u00e8s ha recuperado el n\u00famero de actividades previo a la pandemia entre los \u00faltimos meses del 2021 y el inicio del 2022. Esto ha sido gracias a la recuperaci\u00f3n de las visitas guiadas escolares y los casals, as\u00ed como otras actividades como por ejemplo las sesiones de la hora del cuento, las conferencias, las exposiciones y las presentaciones. Tambi\u00e9n se han vuelto a programar ciclos como el &#8216;Biblioteques amb DO&#8217;, el &#8216;ArtTer&#8217; o los dedicados a la semana del reciclaje, las mujeres o la Marat\u00f3; adem\u00e1s de intensificar la colaboraci\u00f3n con el Cicle Gaud\u00ed -haciendo expositores tem\u00e1ticos relacionados con algunas de las pel\u00edculas proyectadas- y con las actividades de Navidad, acogiendo las visitas del casal y creando un espacio de ludoteca en el Parque de Navidad.<\/p>\n\n\n\n<p>Durante los \u00faltimos meses, tambi\u00e9n se han incorporado nuevas actividades entre las cuales destacan un club de lectura o la colaboraci\u00f3n para acoger las reuniones del &#8216;Cercle P\u00f2etic Bisbalenc&#8217;, adem\u00e1s de contar con una ampliaci\u00f3n del personal bibliotecario, gracias a la contrataci\u00f3n de una joven en pr\u00e1cticas para dar apoyo a las tareas de atenci\u00f3n al p\u00fablico. Todo esto ha permitido elevar el n\u00famero de actividades hasta una cifra pr\u00f3xima a la anterior a la pandemia, con una cincuentena de actividades y casi un millar de usuarios\/participantes.<\/p>\n\n\n\n<p>Cabe recordar que, el a\u00f1o 2020, la biblioteca estuvo cerrada parcialmente. Por contra, este \u00faltimo a\u00f1o la biblioteca ha podido estar abierta m\u00e1s de 200 d\u00edas al a\u00f1o, aunque la asistencia no ha vuelto todav\u00eda a niveles pre pand\u00e9micos, ya que se han registrado un 35% menos de visitas respecto al 2019, en parte a causa de las reducciones de aforo. Aun as\u00ed, s\u00ed que se ha recuperado la actividad lectora, con m\u00e1s de 2.400 pr\u00e9stamos realizados, el volumen m\u00e1s alto desde la incorporaci\u00f3n de la biblioteca en el servicio de bibliotecas p\u00fablicas de Catalunya. Desde la biblioteca se ha explicado que &#8220;este aumento en el uso y los \u00edndices lectores ha sido tambi\u00e9n posible gracias a los 900 documentos adquiridos este a\u00f1o, desde libros a DVD o revistas, gracias a las partidas y subvenciones solicitadas desde la biblioteca con tal de impulsar nuevos proyectos y adquirir novedades; que han servido para crear un nuevo espacio dedicado exclusivamente al c\u00f3mic y al. manga, ampliar la novela en castellano y mantener al d\u00eda las \u00faltimas novedades editoriales tanto en novela en catal\u00e1n como en publicaciones infantiles y juveniles&#8221;.<\/p>\n\n\n\n<p>Cabe mencionar que la biblioteca de la Bisbal ha recibido subvenciones por parte del Departamento de Cultura de la Generalitat de Catalunya por adquisiciones en especie, destinadas a dotar de novedades el fondo de la biblioteca, por valor de m\u00e1s de 6000\u20ac, y dos subvenciones destinadas a proyectos basados en la compra de proximidad, por un valor total de 3.020\u20ac, y que han servicio para incrementar el fondo de conocimiento adulto y crear y ampliar un nuevo espacio destinado al c\u00f3mic infantil y c\u00f3mic y manga de adultos.<\/p>\n","protected":false},"excerpt":{"rendered":"<p>La Biblioteca p\u00fablica de la Bisbal del Pened\u00e8s ha recuperat el nombre d\u2019activitats previ a la pand\u00e8mia entre els darrers mesos de 2021 i l\u2019inici del 2022. Aix\u00f2 ha estat &hellip; <a href=\"https:\/\/bisbalpenedes.com\/web\/2022\/01\/26\/la-biblioteca-recupera-lactivitat-dabans-de-la-pandemia-amb-lampliacio-de-loferta-lectora-i-la-recuperacio-dactivitats\/\" class=\"more-link\">Read More<\/a><\/p>\n","protected":false},"author":4,"featured_media":20749,"comment_status":"closed","ping_status":"closed","sticky":false,"template":"","format":"standard","meta":[],"categories":[2478,13,8,2809],"tags":[180,225,393],"_links":{"self":[{"href":"https:\/\/bisbalpenedes.com\/web\/wp-json\/wp\/v2\/posts\/20748"}],"collection":[{"href":"https:\/\/bisbalpenedes.com\/web\/wp-json\/wp\/v2\/posts"}],"about":[{"href":"https:\/\/bisbalpenedes.com\/web\/wp-json\/wp\/v2\/types\/post"}],"author":[{"embeddable":true,"href":"https:\/\/bisbalpenedes.com\/web\/wp-json\/wp\/v2\/users\/4"}],"replies":[{"embeddable":true,"href":"https:\/\/bisbalpenedes.com\/web\/wp-json\/wp\/v2\/comments?post=20748"}],"version-history":[{"count":1,"href":"https:\/\/bisbalpenedes.com\/web\/wp-json\/wp\/v2\/posts\/20748\/revisions"}],"predecessor-version":[{"id":20750,"href":"https:\/\/bisbalpenedes.com\/web\/wp-json\/wp\/v2\/posts\/20748\/revisions\/20750"}],"wp:featuredmedia":[{"embeddable":true,"href":"https:\/\/bisbalpenedes.com\/web\/wp-json\/wp\/v2\/media\/20749"}],"wp:attachment":[{"href":"https:\/\/bisbalpenedes.com\/web\/wp-json\/wp\/v2\/media?parent=20748"}],"wp:term":[{"taxonomy":"category","embeddable":true,"href":"https:\/\/bisbalpenedes.com\/web\/wp-json\/wp\/v2\/categories?post=20748"},{"taxonomy":"post_tag","embeddable":true,"href":"https:\/\/bisbalpenedes.com\/web\/wp-json\/wp\/v2\/tags?post=20748"}],"curies":[{"name":"wp","href":"https:\/\/api.w.org\/{rel}","templated":true}]}}