{"id":20730,"date":"2022-01-25T15:56:33","date_gmt":"2022-01-25T13:56:33","guid":{"rendered":"https:\/\/bisbalpenedes.com\/web\/?p=20730"},"modified":"2022-01-25T15:56:33","modified_gmt":"2022-01-25T13:56:33","slug":"entrevista-a-lalcaldessa-agnes-ferre-sobre-temes-municipals-al-programa-lull-al-dia-3","status":"publish","type":"post","link":"https:\/\/bisbalpenedes.com\/web\/2022\/01\/25\/entrevista-a-lalcaldessa-agnes-ferre-sobre-temes-municipals-al-programa-lull-al-dia-3\/","title":{"rendered":"Entrevista a l\u2019alcaldessa Agn\u00e8s Ferr\u00e9 sobre temes municipals al programa L\u2019Ull al dia"},"content":{"rendered":"\n<p>El programa l&#8217;Ull al dia d&#8217;ETV ha entrevistat l&#8217;alcaldessa de La Bisbal del Pened\u00e8s, Agn\u00e8s Ferr\u00e9, aquest mes de gener. L&#8217;entrevista s\u2019ha centrat en la COVID-19, el pressupost 2022 i les inversions previstes a curt termini -com ara l\u2019inici de les obres de \u2018la fassina\u2019, les obres d\u2019ampliaci\u00f3 del local social del Priorat, que van comen\u00e7ar la setmana passada, o les obres del poliesportiu municipal-, les franges forestals de la Bisbal, el servei del Whatsapp de l\u2019alcaldessa, els Fons Next Generation EU i les comunitats energ\u00e8tiques.<br>Enlla\u00e7 a l&#8217;entrevista: <a href=\"https:\/\/etv.alacarta.cat\/l-ull-al-dia\/capitol\/agnes-ferre_19-01-22\" target=\"_blank\" rel=\"noreferrer noopener\">https:\/\/etv.alacarta.cat\/l-ull-al-dia\/capitol\/agnes-ferre_19-01-22<\/a><\/p>\n\n\n\n<hr class=\"wp-block-separator\"\/>\n\n\n\n<p>El programa l&#8217;Ull al dia de ETV ha entrevistado a la alcaldesa de La Bisbal Pened\u00e8s, Agn\u00e8s Ferr\u00e9, este mes de diciembre. La entrevista se ha centrado en la COVID-19, el presupuesto 2022 y las inversiones previstas a corto plazo -como por ejemplo el inicio de las obras de \u2018la fassina\u2019, las obras de ampliaci\u00f3n del local social del Priorat, que empezaron la semana pasada, o las obras del polideportivo municipal-, las franjas forestales de la Bisbal, el servicio del Whatsapp de la alcaldesa, los Fondos Next Generation EU y las comunidades energ\u00e9ticas.<br>Enlace a la entrevista: <a href=\"https:\/\/etv.alacarta.cat\/l-ull-al-dia\/capitol\/agnes-ferre_19-01-22\" target=\"_blank\" rel=\"noreferrer noopener\">https:\/\/etv.alacarta.cat\/l-ull-al-dia\/capitol\/agnes-ferre_19-01-22<\/a><br><\/p>\n","protected":false},"excerpt":{"rendered":"<p>El programa l&#8217;Ull al dia d&#8217;ETV ha entrevistat l&#8217;alcaldessa de La Bisbal del Pened\u00e8s, Agn\u00e8s Ferr\u00e9, aquest mes de gener. L&#8217;entrevista s\u2019ha centrat en la COVID-19, el pressupost 2022 i &hellip; <a href=\"https:\/\/bisbalpenedes.com\/web\/2022\/01\/25\/entrevista-a-lalcaldessa-agnes-ferre-sobre-temes-municipals-al-programa-lull-al-dia-3\/\" class=\"more-link\">Read More<\/a><\/p>\n","protected":false},"author":4,"featured_media":20731,"comment_status":"closed","ping_status":"closed","sticky":false,"template":"","format":"standard","meta":[],"categories":[2057,8],"tags":[],"_links":{"self":[{"href":"https:\/\/bisbalpenedes.com\/web\/wp-json\/wp\/v2\/posts\/20730"}],"collection":[{"href":"https:\/\/bisbalpenedes.com\/web\/wp-json\/wp\/v2\/posts"}],"about":[{"href":"https:\/\/bisbalpenedes.com\/web\/wp-json\/wp\/v2\/types\/post"}],"author":[{"embeddable":true,"href":"https:\/\/bisbalpenedes.com\/web\/wp-json\/wp\/v2\/users\/4"}],"replies":[{"embeddable":true,"href":"https:\/\/bisbalpenedes.com\/web\/wp-json\/wp\/v2\/comments?post=20730"}],"version-history":[{"count":1,"href":"https:\/\/bisbalpenedes.com\/web\/wp-json\/wp\/v2\/posts\/20730\/revisions"}],"predecessor-version":[{"id":20732,"href":"https:\/\/bisbalpenedes.com\/web\/wp-json\/wp\/v2\/posts\/20730\/revisions\/20732"}],"wp:featuredmedia":[{"embeddable":true,"href":"https:\/\/bisbalpenedes.com\/web\/wp-json\/wp\/v2\/media\/20731"}],"wp:attachment":[{"href":"https:\/\/bisbalpenedes.com\/web\/wp-json\/wp\/v2\/media?parent=20730"}],"wp:term":[{"taxonomy":"category","embeddable":true,"href":"https:\/\/bisbalpenedes.com\/web\/wp-json\/wp\/v2\/categories?post=20730"},{"taxonomy":"post_tag","embeddable":true,"href":"https:\/\/bisbalpenedes.com\/web\/wp-json\/wp\/v2\/tags?post=20730"}],"curies":[{"name":"wp","href":"https:\/\/api.w.org\/{rel}","templated":true}]}}