{"id":20719,"date":"2022-01-25T14:04:49","date_gmt":"2022-01-25T12:04:49","guid":{"rendered":"https:\/\/bisbalpenedes.com\/web\/?p=20719"},"modified":"2022-01-25T15:58:25","modified_gmt":"2022-01-25T13:58:25","slug":"aquest-dimarts-25-de-gener-ha-comencat-el-contacontes-per-a-la-gent-gran-de-la-residencia-el-colomer","status":"publish","type":"post","link":"https:\/\/bisbalpenedes.com\/web\/2022\/01\/25\/aquest-dimarts-25-de-gener-ha-comencat-el-contacontes-per-a-la-gent-gran-de-la-residencia-el-colomer\/","title":{"rendered":"Aquest dimarts 25 de gener ha comen\u00e7at el contacontes per a la Gent Gran de la Resid\u00e8ncia El Colomer"},"content":{"rendered":"\n<p>La regidora de la Gent Gran, Paqui Cepas; i la regidora de Cultura, Judith Vidal; han fet de volunt\u00e0ries del contacontes a la resid\u00e8ncia de la gent gran de la Bisbal, El Colomer, aquest dimarts al mat\u00ed. <\/p>\n\n\n\n<p>Aquesta \u00e9s una activitat que s&#8217;ha engegat avui, arran de les converses mantingudes amb la resid\u00e8ncia per establir alguna col\u00b7laboraci\u00f3, i que es repetir\u00e0 de forma mensual amb diferents voluntaris i volunt\u00e0ries, amb l&#8217;objectiu de fer passar una bona estona a la gent gran que viu a la resid\u00e8ncia.&nbsp;<\/p>\n\n\n\n<p>Des de l&#8217;Ajuntament de la Bisbal del Pened\u00e8s volem agrair l&#8217;acollida que ha tingut aquest primer contacontes entre els usuaris i usu\u00e0ries de la resid\u00e8ncia i el personal que hi treballa.<\/p>\n\n\n\n<hr class=\"wp-block-separator\"\/>\n\n\n\n<p>La concejala de la Gente Mayor, Paqui Cepas; y la concejala de Cultura, Judith Vidal; han hecho un voluntariado del cuentacuentos en la residencia de la gente mayor de la Bisbal, El Colomer, este martes por la ma\u00f1ana. <\/p>\n\n\n\n<p>Esta es una actividad que se ha iniciado hoy, a ra\u00edz de las conversaciones mantenidas con la residencia para establecer alguna colaboraci\u00f3n, y que se repetir\u00e1 de manera mensual con distintos voluntarios y voluntarias, con el objetivo de hacer pasar un buen rato a la gente mayor que vive en la residencia.&nbsp;<\/p>\n\n\n\n<p>Desde el Ayuntamiento de la Bisbal del Pened\u00e8s queremos agradecer la acogida que ha tenido este primer cuentacuentos entre los usuarios y usuarias de la residencia y el personal que trabaja en ella.<\/p>\n","protected":false},"excerpt":{"rendered":"<p>La regidora de la Gent Gran, Paqui Cepas; i la regidora de Cultura, Judith Vidal; han fet de volunt\u00e0ries del contacontes a la resid\u00e8ncia de la gent gran de la &hellip; <a href=\"https:\/\/bisbalpenedes.com\/web\/2022\/01\/25\/aquest-dimarts-25-de-gener-ha-comencat-el-contacontes-per-a-la-gent-gran-de-la-residencia-el-colomer\/\" class=\"more-link\">Read More<\/a><\/p>\n","protected":false},"author":4,"featured_media":20720,"comment_status":"closed","ping_status":"closed","sticky":false,"template":"","format":"standard","meta":[],"categories":[13,464,8],"tags":[421,1858,305,393,3613,1451,468],"_links":{"self":[{"href":"https:\/\/bisbalpenedes.com\/web\/wp-json\/wp\/v2\/posts\/20719"}],"collection":[{"href":"https:\/\/bisbalpenedes.com\/web\/wp-json\/wp\/v2\/posts"}],"about":[{"href":"https:\/\/bisbalpenedes.com\/web\/wp-json\/wp\/v2\/types\/post"}],"author":[{"embeddable":true,"href":"https:\/\/bisbalpenedes.com\/web\/wp-json\/wp\/v2\/users\/4"}],"replies":[{"embeddable":true,"href":"https:\/\/bisbalpenedes.com\/web\/wp-json\/wp\/v2\/comments?post=20719"}],"version-history":[{"count":3,"href":"https:\/\/bisbalpenedes.com\/web\/wp-json\/wp\/v2\/posts\/20719\/revisions"}],"predecessor-version":[{"id":20734,"href":"https:\/\/bisbalpenedes.com\/web\/wp-json\/wp\/v2\/posts\/20719\/revisions\/20734"}],"wp:featuredmedia":[{"embeddable":true,"href":"https:\/\/bisbalpenedes.com\/web\/wp-json\/wp\/v2\/media\/20720"}],"wp:attachment":[{"href":"https:\/\/bisbalpenedes.com\/web\/wp-json\/wp\/v2\/media?parent=20719"}],"wp:term":[{"taxonomy":"category","embeddable":true,"href":"https:\/\/bisbalpenedes.com\/web\/wp-json\/wp\/v2\/categories?post=20719"},{"taxonomy":"post_tag","embeddable":true,"href":"https:\/\/bisbalpenedes.com\/web\/wp-json\/wp\/v2\/tags?post=20719"}],"curies":[{"name":"wp","href":"https:\/\/api.w.org\/{rel}","templated":true}]}}