{"id":20696,"date":"2022-01-20T20:00:00","date_gmt":"2022-01-20T18:00:00","guid":{"rendered":"https:\/\/bisbalpenedes.com\/web\/?p=20696"},"modified":"2022-01-21T09:08:56","modified_gmt":"2022-01-21T07:08:56","slug":"aquest-dissabte-22-de-gener-a-les-19h-tindra-lloc-un-concert-de-la-contraorquestra-a-la-societat","status":"publish","type":"post","link":"https:\/\/bisbalpenedes.com\/web\/2022\/01\/20\/aquest-dissabte-22-de-gener-a-les-19h-tindra-lloc-un-concert-de-la-contraorquestra-a-la-societat\/","title":{"rendered":"Aquest dissabte 22 de gener a les 19h tindr\u00e0 lloc un concert de La ContraOrquestra a la Societat"},"content":{"rendered":"\n<p>La ContraOrquestra i La <a href=\"https:\/\/www.facebook.com\/Societat-Cultural-i-Recreativa-Bisbalenca-121413537921096\/?__cft__[0]=AZVdQ5LYL4SeVUQH7jmwYWbyvUwimgUXRKZY0aOwzqlFofbFN6mYt9ofuUnELzZ3LjPrtMyRQXBC1nBBU5S1W4IS2NDJaawsVS-Qlo-LWbA3nFwrfJsk39e07V_jV0niCCAruTcGhxp67CWD9ek79Oeof4b_lCMFlY_XGFNHXiLnoQ&amp;__tn__=kK-R\">Societat Cultural i Recreativa Bisbalenca<\/a> han organitzat, amb la col\u00b7laboraci\u00f3 de l&#8217;Ajuntament de la Bisbal del Pened\u00e8s, un concert que tindr\u00e0 lloc dem\u00e0 dissabte 22 de gener a les 19h a la Societat.<\/p>\n\n\n\n<p>La ContraOrquestra \u00e9s una orquestra simf\u00f2nica que ens far\u00e0 gaudir de les millors bandes sonores, en directe.<\/p>\n\n\n\n<p>Les entrades estan a la venda per 8\u20ac i es poden adquirir al web <a rel=\"noreferrer noopener\" href=\"http:\/\/www.escolacontrapunt.cat\/?fbclid=IwAR1glYmp0UFCLAXHjXKaPEMBAwDdeiL4C2bWlx7wngviEePPM4laawdUYYQ\" target=\"_blank\">www.escolacontrapunt.cat<\/a><\/p>\n\n\n\n<hr class=\"wp-block-separator\"\/>\n\n\n\n<p>La ContraOrquestra y La Societat han organizado, con la colaboraci\u00f3n del Ayuntamiento de la Bisbal del Pened\u00e8s, un concierto que tendr\u00e1 lugar ma\u00f1ana s\u00e1bado 22 de enero a las 19h en la Societat.<\/p>\n\n\n\n<p>La ContraOrquestra es una orquesta sinf\u00f3nica que nos har\u00e1 disfrutar de las mejores bandas sonoras, en directo.<\/p>\n\n\n\n<p>Las entradas est\u00e1n a la venta por 8\u20ac y se pueden adquirir en la web <a rel=\"noreferrer noopener\" href=\"https:\/\/l.facebook.com\/l.php?u=http%3A%2F%2Fwww.escolacontrapunt.cat%2F%3Ffbclid%3DIwAR0SJWKbWc3RAl4CpJTxgAx6JUopfZ-CjTZCV6Nt5fP892vm0mZwVbmm-R4&amp;h=AT2eKHVZsQybNogy0dguTRLb8ulSbBLSDYr45SdOM7ACJwrBV0wxawnGGP1Ppl0VafKJcYQT0uy7VuX7aywtECpEzeJGR3j_L67VBS_8qYJc9ZDKXuTE11lAvirJ1_BbMSbACvawqQ&amp;__tn__=-UK-R&amp;c[0]=AT3e_W1acrdrAeuUNOsfIzKEaIXefb2YpOLcQxN8JfQBCuT1HT3w3ZZD-SN5Nw1g7qCuHA_UXcsg0RqLUsot7O2Hr4K2pEU2vad-BeS-5Aimwe_tUvq3aXIetPnrf8CfJx5URQZRuCiwOmP_Fk8670vpWm-bue8BqK0Glv35zpDErNrfqUkjDLGrlmyhMbA3P4vhSQ\" target=\"_blank\">www.escolacontrapunt.cat<\/a><\/p>\n","protected":false},"excerpt":{"rendered":"<p>La ContraOrquestra i La Societat Cultural i Recreativa Bisbalenca han organitzat, amb la col\u00b7laboraci\u00f3 de l&#8217;Ajuntament de la Bisbal del Pened\u00e8s, un concert que tindr\u00e0 lloc dem\u00e0 dissabte 22 de &hellip; <a href=\"https:\/\/bisbalpenedes.com\/web\/2022\/01\/20\/aquest-dissabte-22-de-gener-a-les-19h-tindra-lloc-un-concert-de-la-contraorquestra-a-la-societat\/\" class=\"more-link\">Read More<\/a><\/p>\n","protected":false},"author":4,"featured_media":20692,"comment_status":"closed","ping_status":"closed","sticky":false,"template":"","format":"standard","meta":[],"categories":[2942,13,3456,20,8],"tags":[73,3790,781,393,5032,2776],"_links":{"self":[{"href":"https:\/\/bisbalpenedes.com\/web\/wp-json\/wp\/v2\/posts\/20696"}],"collection":[{"href":"https:\/\/bisbalpenedes.com\/web\/wp-json\/wp\/v2\/posts"}],"about":[{"href":"https:\/\/bisbalpenedes.com\/web\/wp-json\/wp\/v2\/types\/post"}],"author":[{"embeddable":true,"href":"https:\/\/bisbalpenedes.com\/web\/wp-json\/wp\/v2\/users\/4"}],"replies":[{"embeddable":true,"href":"https:\/\/bisbalpenedes.com\/web\/wp-json\/wp\/v2\/comments?post=20696"}],"version-history":[{"count":1,"href":"https:\/\/bisbalpenedes.com\/web\/wp-json\/wp\/v2\/posts\/20696\/revisions"}],"predecessor-version":[{"id":20697,"href":"https:\/\/bisbalpenedes.com\/web\/wp-json\/wp\/v2\/posts\/20696\/revisions\/20697"}],"wp:featuredmedia":[{"embeddable":true,"href":"https:\/\/bisbalpenedes.com\/web\/wp-json\/wp\/v2\/media\/20692"}],"wp:attachment":[{"href":"https:\/\/bisbalpenedes.com\/web\/wp-json\/wp\/v2\/media?parent=20696"}],"wp:term":[{"taxonomy":"category","embeddable":true,"href":"https:\/\/bisbalpenedes.com\/web\/wp-json\/wp\/v2\/categories?post=20696"},{"taxonomy":"post_tag","embeddable":true,"href":"https:\/\/bisbalpenedes.com\/web\/wp-json\/wp\/v2\/tags?post=20696"}],"curies":[{"name":"wp","href":"https:\/\/api.w.org\/{rel}","templated":true}]}}