{"id":20694,"date":"2022-01-24T09:00:00","date_gmt":"2022-01-24T07:00:00","guid":{"rendered":"https:\/\/bisbalpenedes.com\/web\/?p=20694"},"modified":"2022-02-08T20:58:36","modified_gmt":"2022-02-08T18:58:36","slug":"el-diumenge-30-de-gener-projectarem-la-pellicula-pan-de-limon-con-semillas-de-amapola-del-cicle-gaudi-al-cmc-2","status":"publish","type":"post","link":"https:\/\/bisbalpenedes.com\/web\/2022\/01\/24\/el-diumenge-30-de-gener-projectarem-la-pellicula-pan-de-limon-con-semillas-de-amapola-del-cicle-gaudi-al-cmc-2\/","title":{"rendered":"El diumenge 30 de gener projectarem la pel\u00b7l\u00edcula \u201cPan de lim\u00f3n con semillas de amapola\u201d del Cicle Gaud\u00ed al CMC"},"content":{"rendered":"\n<figure class=\"wp-block-embed is-type-video is-provider-youtube wp-block-embed-youtube wp-embed-aspect-16-9 wp-has-aspect-ratio\"><div class=\"wp-block-embed__wrapper\">\n<iframe loading=\"lazy\" title=\"Cicle Gaud\u00ed: &quot;Pan de lim\u00f3n con semillas de amapola&quot;\" width=\"1170\" height=\"658\" src=\"https:\/\/www.youtube.com\/embed\/_v3FYdu-7NU?feature=oembed\" frameborder=\"0\" allow=\"accelerometer; autoplay; clipboard-write; encrypted-media; gyroscope; picture-in-picture\" allowfullscreen><\/iframe>\n<\/div><\/figure>\n\n\n\n<p>Aquest mes de gener veurem la pel\u00b7l\u00edcula \u201cPan de lim\u00f3n con semillas de amapola\u201d del Cicle Gaud\u00ed al CMC. La projecci\u00f3 es far\u00e0 el diumenge 30 de gener a les 18h. El preu de l\u2019entrada \u00e9s de 4,5\u20ac i s\u2019ofereix un preu redu\u00eft de 3\u20ac presentant el carnet de la Biblioteca Municipal de la Bisbal.<\/p>\n\n\n\n<p>Quant a la recaptaci\u00f3, aquesta es destinar\u00e0 a l\u2019entitat del poble que gestioni la venda d\u2019entrades en cada projecci\u00f3, en aquest cas l\u2019Associaci\u00f3 de la Gent Gran.<\/p>\n\n\n\n<p><strong>FITXA T\u00c8CNICA<\/strong><\/p>\n\n\n\n<ul><li>Direcci\u00f3: Benito Zambrano<\/li><li>Gui\u00f3: Benito Zambrano, Cristina Campos<\/li><li>Direcci\u00f3 de fotografia: Marc G\u00f3mez del Moral<\/li><li>Estrena: Novembre 2021<\/li><li>Durada: 121 min.<\/li><li>G\u00e8nere: Drama<\/li><li>Int\u00e8rprets: Elia Galera, Eva Mart\u00edn, Mariona Pag\u00e8s, Marilu Marini, Tommy Schlesser, Claudia Faci, Pere Arquillu\u00e9, Pep Tosar, Nansi Nsue, Ana Gracia, Hoji Fortuna, Toni Pons Vera, Joseph Ewonde, Carles Molinet, Luis Dyangani.<\/li><\/ul>\n\n\n\n<p><strong>SINOPSI<\/strong><\/p>\n\n\n\n<p>Basat en la novel\u00b7la de Cristina Campos, el film de Benito Zambrano explica la hist\u00f2ria de dues germanes que es retroben de nou a Valldemossa, un petit poble de l\u2019interior de l\u2019illa de Mallorca, per vendre la pastisseria que han heretat d\u2019una dona a la qui ni tan sols coneixen.<\/p>\n\n\n\n<p>Despr\u00e9s de ser separades en l\u2019adolesc\u00e8ncia i d\u2019haver constru\u00eft les seves dues vides de forma totalment diferent, intentaran descobrir els secrets de la seva misteriosa her\u00e8ncia, alhora que recuperen el temps perdut i fan front a conflictes familiars del passat.<\/p>\n\n\n\n<p>Les protagonistes interpretades per Elia Galera i Eva Mart\u00edn, creen un vincle que va m\u00e9s enll\u00e0 de la pantalla en aquesta profunda hist\u00f2ria de sororitat i d\u2019amor fraternal.<\/p>\n\n\n\n<p>La pel\u00b7l\u00edcula ha rebut el suport de la cr\u00edtica i ha aconseguit una nominaci\u00f3 al Goya al Millor gui\u00f3 adaptat.<\/p>\n\n\n\n<hr class=\"wp-block-separator\"\/>\n\n\n\n<figure class=\"wp-block-embed is-type-video is-provider-youtube wp-block-embed-youtube wp-embed-aspect-16-9 wp-has-aspect-ratio\"><div class=\"wp-block-embed__wrapper\">\n<iframe loading=\"lazy\" title=\"Cicle Gaud\u00ed: &quot;Pan de lim\u00f3n con semillas de amapola&quot;\" width=\"1170\" height=\"658\" src=\"https:\/\/www.youtube.com\/embed\/_v3FYdu-7NU?feature=oembed\" frameborder=\"0\" allow=\"accelerometer; autoplay; clipboard-write; encrypted-media; gyroscope; picture-in-picture\" allowfullscreen><\/iframe>\n<\/div><\/figure>\n\n\n\n<p><strong>CASTELLANO |<\/strong>&nbsp;Este mes de enero veremos la pel\u00edcula \u201cPan de lim\u00f3n con semillas de amapola\u201d del Cicle Gaud\u00ed en el CMC. La proyecci\u00f3n se har\u00e1 el domingo 30 de enero a las 18h. El precio de la entrada es de 4,5\u20ac y se ofrece un precio de 3\u20ac presentando el carn\u00e9 de la Biblioteca Municipal de la Bisbal.<\/p>\n\n\n\n<p>En cuanto a la recaudaci\u00f3n, esta se destinar\u00e1 a la entidad del pueblo que gestione la venta de entradas en cada proyecci\u00f3n, en este caso la Associaci\u00f3 de la Gent Gran de la Bisbal.<\/p>\n\n\n\n<p><strong>FICHA T\u00c9CNICA<\/strong><\/p>\n\n\n\n<ul><li>Direcci\u00f3n: Benito Zambrano<\/li><li>Gui\u00f3n: Benito Zambrano, Cristina Campos<\/li><li>Direcci\u00f3n de fotograf\u00eda: Marc G\u00f3mez del Moral<\/li><li>Estreno: Noviembre 2021<\/li><li>Duraci\u00f3n: 121 minutos<\/li><li>G\u00e9nero: Drama<\/li><li>Int\u00e9rpretes: Elia Galera, Eva Mart\u00edn, Mariona Pag\u00e8s, Marilu Marini, Tommy Schlesser, Claudia Faci, Pere Arquillu\u00e9, Pep Tosar, Nansi Nsue, Ana Gracia, Hoji Fortuna, Toni Pons Vera, Joseph Ewonde, Carles Molinet, Luis Dyangani.<\/li><\/ul>\n\n\n\n<p><strong>SINOPSIS<\/strong><\/p>\n\n\n\n<p>Basado en la novela de Cristina Campos, el film de Benito Zambrano explica la historia de dos hermanas que se reencuentran de nuevo en Valldemossa, un peque\u00f1o pueblo del interior de la isla de Mallorca, para vender la pasteler\u00eda que han heredado de una mujeR a la que ni tan siquiera conocen.<\/p>\n\n\n\n<p>Despu\u00e9s de ser separadas en la adolescencia y de haber construido sus dos vidas de manera totalmente distinta, intentar\u00e1n descubrir los secretos de su misteriosa herencia, a la vez que recuperan el tiempo perdido y se enfrentan a conflictos familiares del pasado.<\/p>\n\n\n\n<p>Las protagonistas interpretadas por Elia Galera y Eva Mart\u00edn, crean un v\u00ednculo m\u00e1s all\u00e1 de la pantalla en esta profunda historia de sororidad y de amor fraternal.<\/p>\n\n\n\n<p>La pel\u00edcula ha recibido el apoyo de la cr\u00edtica y ha conseguido una nominaci\u00f3n al Goya al mejor gui\u00f3n adaptado.<\/p>\n","protected":false},"excerpt":{"rendered":"<p>Aquest mes de gener veurem la pel\u00b7l\u00edcula \u201cPan de lim\u00f3n con semillas de amapola\u201d del Cicle Gaud\u00ed al CMC. La projecci\u00f3 es far\u00e0 el diumenge 30 de gener a les &hellip; <a href=\"https:\/\/bisbalpenedes.com\/web\/2022\/01\/24\/el-diumenge-30-de-gener-projectarem-la-pellicula-pan-de-limon-con-semillas-de-amapola-del-cicle-gaudi-al-cmc-2\/\" class=\"more-link\">Read More<\/a><\/p>\n","protected":false},"author":4,"featured_media":20602,"comment_status":"closed","ping_status":"closed","sticky":false,"template":"","format":"standard","meta":[],"categories":[2942,13,8],"tags":[2930,308,307,225,393],"_links":{"self":[{"href":"https:\/\/bisbalpenedes.com\/web\/wp-json\/wp\/v2\/posts\/20694"}],"collection":[{"href":"https:\/\/bisbalpenedes.com\/web\/wp-json\/wp\/v2\/posts"}],"about":[{"href":"https:\/\/bisbalpenedes.com\/web\/wp-json\/wp\/v2\/types\/post"}],"author":[{"embeddable":true,"href":"https:\/\/bisbalpenedes.com\/web\/wp-json\/wp\/v2\/users\/4"}],"replies":[{"embeddable":true,"href":"https:\/\/bisbalpenedes.com\/web\/wp-json\/wp\/v2\/comments?post=20694"}],"version-history":[{"count":2,"href":"https:\/\/bisbalpenedes.com\/web\/wp-json\/wp\/v2\/posts\/20694\/revisions"}],"predecessor-version":[{"id":20892,"href":"https:\/\/bisbalpenedes.com\/web\/wp-json\/wp\/v2\/posts\/20694\/revisions\/20892"}],"wp:featuredmedia":[{"embeddable":true,"href":"https:\/\/bisbalpenedes.com\/web\/wp-json\/wp\/v2\/media\/20602"}],"wp:attachment":[{"href":"https:\/\/bisbalpenedes.com\/web\/wp-json\/wp\/v2\/media?parent=20694"}],"wp:term":[{"taxonomy":"category","embeddable":true,"href":"https:\/\/bisbalpenedes.com\/web\/wp-json\/wp\/v2\/categories?post=20694"},{"taxonomy":"post_tag","embeddable":true,"href":"https:\/\/bisbalpenedes.com\/web\/wp-json\/wp\/v2\/tags?post=20694"}],"curies":[{"name":"wp","href":"https:\/\/api.w.org\/{rel}","templated":true}]}}