{"id":20674,"date":"2022-01-19T19:37:28","date_gmt":"2022-01-19T17:37:28","guid":{"rendered":"https:\/\/bisbalpenedes.com\/web\/?p=20674"},"modified":"2022-01-19T20:47:40","modified_gmt":"2022-01-19T18:47:40","slug":"aquest-dimecres-19-de-gener-han-comencat-les-obres-de-reforma-i-ampliacio-del-local-social-del-priorat-de-la-bisbal","status":"publish","type":"post","link":"https:\/\/bisbalpenedes.com\/web\/2022\/01\/19\/aquest-dimecres-19-de-gener-han-comencat-les-obres-de-reforma-i-ampliacio-del-local-social-del-priorat-de-la-bisbal\/","title":{"rendered":"Aquest dimecres 19 de gener han comen\u00e7at les obres de reforma i ampliaci\u00f3 del local social del Priorat de la Bisbal"},"content":{"rendered":"\n<p>Avui han comen\u00e7at les obres de reforma i ampliaci\u00f3 del local social del Priorat de la Bisbal: es crear\u00e0 una sala de 75,42m2 amb un separador abatible que permetr\u00e0 crear dues sales que es podran separar, de 32,38m2 i 43,04m2 respectivament. A m\u00e9s, es col\u00b7locaran baranes a la rampa existent.<\/p>\n\n\n\n<p>El cost estimat de la licitaci\u00f3 de l\u2019obra ascendia a 65.358,97\u20ac (IVA incl\u00f2s) i l\u2019Ajuntament de la Bisbal del Pened\u00e8s ha sol\u00b7licitat una subvenci\u00f3 del Pla d\u2019Acci\u00f3 Municipal (PAM) per un 78,50% de l\u2019import de les obres.<\/p>\n\n\n\n<hr class=\"wp-block-separator\"\/>\n\n\n\n<p>Hoy han empezado las obras de reforma y ampliaci\u00f3n del local social del Priorat de la Bisbal: se crear\u00e1 una sala de 75,42m2 con un separador abatible que permitir\u00e1 crear dos salas que se podr\u00e1n separar, de 32,38m2 y 43,04m2 respectivamente. Adem\u00e1s, se colocar\u00e1n barandas en la rampa existente.<\/p>\n\n\n\n<p>El coste estimado de la licitaci\u00f3n de la obra ascend\u00eda a 65.358,97\u20ac (IVA incluido) y el Ayuntamiento de la Bisbal del Pened\u00e8s ha solicitado una subvenci\u00f3n del Plan de Acci\u00f3n Municipal (PAM) por un 78,50% del importe de las obras.<\/p>\n\n\n\n<figure class=\"wp-container-2 wp-block-gallery-1 wp-block-gallery columns-3 is-cropped\"><ul class=\"blocks-gallery-grid\"><li class=\"blocks-gallery-item\"><figure><img loading=\"lazy\" width=\"1024\" height=\"768\" src=\"https:\/\/bisbalpenedes.com\/web\/wp-content\/uploads\/2022\/01\/INICI-OBRES-1-1024x768.jpeg\" alt=\"\" data-id=\"20676\" data-full-url=\"https:\/\/bisbalpenedes.com\/web\/wp-content\/uploads\/2022\/01\/INICI-OBRES-1.jpeg\" data-link=\"https:\/\/bisbalpenedes.com\/web\/?attachment_id=20676\" class=\"wp-image-20676\" srcset=\"https:\/\/bisbalpenedes.com\/web\/wp-content\/uploads\/2022\/01\/INICI-OBRES-1-1024x768.jpeg 1024w, https:\/\/bisbalpenedes.com\/web\/wp-content\/uploads\/2022\/01\/INICI-OBRES-1-600x450.jpeg 600w, https:\/\/bisbalpenedes.com\/web\/wp-content\/uploads\/2022\/01\/INICI-OBRES-1-300x225.jpeg 300w, https:\/\/bisbalpenedes.com\/web\/wp-content\/uploads\/2022\/01\/INICI-OBRES-1-768x576.jpeg 768w, https:\/\/bisbalpenedes.com\/web\/wp-content\/uploads\/2022\/01\/INICI-OBRES-1-1536x1152.jpeg 1536w, https:\/\/bisbalpenedes.com\/web\/wp-content\/uploads\/2022\/01\/INICI-OBRES-1.jpeg 1600w\" sizes=\"(max-width: 1024px) 100vw, 1024px\" \/><\/figure><\/li><li class=\"blocks-gallery-item\"><figure><img loading=\"lazy\" width=\"1024\" height=\"768\" src=\"https:\/\/bisbalpenedes.com\/web\/wp-content\/uploads\/2022\/01\/INICI-OBRES-2-1024x768.jpeg\" alt=\"\" data-id=\"20677\" data-full-url=\"https:\/\/bisbalpenedes.com\/web\/wp-content\/uploads\/2022\/01\/INICI-OBRES-2.jpeg\" data-link=\"https:\/\/bisbalpenedes.com\/web\/?attachment_id=20677\" class=\"wp-image-20677\" srcset=\"https:\/\/bisbalpenedes.com\/web\/wp-content\/uploads\/2022\/01\/INICI-OBRES-2-1024x768.jpeg 1024w, https:\/\/bisbalpenedes.com\/web\/wp-content\/uploads\/2022\/01\/INICI-OBRES-2-600x450.jpeg 600w, https:\/\/bisbalpenedes.com\/web\/wp-content\/uploads\/2022\/01\/INICI-OBRES-2-300x225.jpeg 300w, https:\/\/bisbalpenedes.com\/web\/wp-content\/uploads\/2022\/01\/INICI-OBRES-2-768x576.jpeg 768w, https:\/\/bisbalpenedes.com\/web\/wp-content\/uploads\/2022\/01\/INICI-OBRES-2-1536x1152.jpeg 1536w, https:\/\/bisbalpenedes.com\/web\/wp-content\/uploads\/2022\/01\/INICI-OBRES-2.jpeg 1600w\" sizes=\"(max-width: 1024px) 100vw, 1024px\" \/><\/figure><\/li><li class=\"blocks-gallery-item\"><figure><img loading=\"lazy\" width=\"1024\" height=\"768\" src=\"https:\/\/bisbalpenedes.com\/web\/wp-content\/uploads\/2022\/01\/INICI-OBRES-3-1024x768.jpeg\" alt=\"\" data-id=\"20678\" data-full-url=\"https:\/\/bisbalpenedes.com\/web\/wp-content\/uploads\/2022\/01\/INICI-OBRES-3.jpeg\" data-link=\"https:\/\/bisbalpenedes.com\/web\/?attachment_id=20678\" class=\"wp-image-20678\" srcset=\"https:\/\/bisbalpenedes.com\/web\/wp-content\/uploads\/2022\/01\/INICI-OBRES-3-1024x768.jpeg 1024w, https:\/\/bisbalpenedes.com\/web\/wp-content\/uploads\/2022\/01\/INICI-OBRES-3-600x450.jpeg 600w, https:\/\/bisbalpenedes.com\/web\/wp-content\/uploads\/2022\/01\/INICI-OBRES-3-300x225.jpeg 300w, https:\/\/bisbalpenedes.com\/web\/wp-content\/uploads\/2022\/01\/INICI-OBRES-3-768x576.jpeg 768w, https:\/\/bisbalpenedes.com\/web\/wp-content\/uploads\/2022\/01\/INICI-OBRES-3-1536x1152.jpeg 1536w, https:\/\/bisbalpenedes.com\/web\/wp-content\/uploads\/2022\/01\/INICI-OBRES-3.jpeg 1600w\" sizes=\"(max-width: 1024px) 100vw, 1024px\" \/><\/figure><\/li><\/ul><\/figure>\n","protected":false},"excerpt":{"rendered":"<p>Avui han comen\u00e7at les obres de reforma i ampliaci\u00f3 del local social del Priorat de la Bisbal: es crear\u00e0 una sala de 75,42m2 amb un separador abatible que permetr\u00e0 crear &hellip; <a href=\"https:\/\/bisbalpenedes.com\/web\/2022\/01\/19\/aquest-dimecres-19-de-gener-han-comencat-les-obres-de-reforma-i-ampliacio-del-local-social-del-priorat-de-la-bisbal\/\" class=\"more-link\">Read More<\/a><\/p>\n","protected":false},"author":4,"featured_media":20675,"comment_status":"closed","ping_status":"closed","sticky":false,"template":"","format":"standard","meta":[],"categories":[4287,8,15],"tags":[3638,393,247,520,1517],"_links":{"self":[{"href":"https:\/\/bisbalpenedes.com\/web\/wp-json\/wp\/v2\/posts\/20674"}],"collection":[{"href":"https:\/\/bisbalpenedes.com\/web\/wp-json\/wp\/v2\/posts"}],"about":[{"href":"https:\/\/bisbalpenedes.com\/web\/wp-json\/wp\/v2\/types\/post"}],"author":[{"embeddable":true,"href":"https:\/\/bisbalpenedes.com\/web\/wp-json\/wp\/v2\/users\/4"}],"replies":[{"embeddable":true,"href":"https:\/\/bisbalpenedes.com\/web\/wp-json\/wp\/v2\/comments?post=20674"}],"version-history":[{"count":2,"href":"https:\/\/bisbalpenedes.com\/web\/wp-json\/wp\/v2\/posts\/20674\/revisions"}],"predecessor-version":[{"id":20680,"href":"https:\/\/bisbalpenedes.com\/web\/wp-json\/wp\/v2\/posts\/20674\/revisions\/20680"}],"wp:featuredmedia":[{"embeddable":true,"href":"https:\/\/bisbalpenedes.com\/web\/wp-json\/wp\/v2\/media\/20675"}],"wp:attachment":[{"href":"https:\/\/bisbalpenedes.com\/web\/wp-json\/wp\/v2\/media?parent=20674"}],"wp:term":[{"taxonomy":"category","embeddable":true,"href":"https:\/\/bisbalpenedes.com\/web\/wp-json\/wp\/v2\/categories?post=20674"},{"taxonomy":"post_tag","embeddable":true,"href":"https:\/\/bisbalpenedes.com\/web\/wp-json\/wp\/v2\/tags?post=20674"}],"curies":[{"name":"wp","href":"https:\/\/api.w.org\/{rel}","templated":true}]}}