{"id":20665,"date":"2022-01-19T18:39:06","date_gmt":"2022-01-19T16:39:06","guid":{"rendered":"https:\/\/bisbalpenedes.com\/web\/?p=20665"},"modified":"2022-01-19T18:39:06","modified_gmt":"2022-01-19T16:39:06","slug":"la-junta-de-govern-del-dilluns-17-de-desembre-ha-aprovat-quatre-propostes-amb-competencia-delegada-del-ple","status":"publish","type":"post","link":"https:\/\/bisbalpenedes.com\/web\/2022\/01\/19\/la-junta-de-govern-del-dilluns-17-de-desembre-ha-aprovat-quatre-propostes-amb-competencia-delegada-del-ple\/","title":{"rendered":"La Junta de Govern del dilluns 17 de desembre ha aprovat quatre propostes amb compet\u00e8ncia delegada del Ple"},"content":{"rendered":"\n<p>La Junta de Govern del dilluns 17 de desembre inclo\u00efa -i va aprovar- quatre propostes amb compet\u00e8ncia del Ple delegada a la Junta de Govern:<\/p>\n\n\n\n<ul><li><strong>Notificaci\u00f3 a la setena empresa classificada en les obres de la fase 1 del poliesportiu municipal perqu\u00e8 pugui al\u00b7legar en l\u2019expedient iniciat de penalitzaci\u00f3, si s\u2019escau.<\/strong><\/li><\/ul>\n\n\n\n<p>La Junta de Govern del 27 de desembre va aprovar la retirada de l&#8217;oferta de l&#8217;empresa classificada en setena posici\u00f3 per executar les obres de remodelaci\u00f3 del pavell\u00f3 poliesportiu i la construcci\u00f3 de l&#8217;edifici annex destinat a vestidors (fases 1.1. i 1.2). S&#8217;ha iniciat l&#8217;expedient amb relaci\u00f3 a la imposici\u00f3 de penalitats per la retirada de l&#8217;oferta d&#8217;aquesta empresa, si \u00e9s el cas.<\/p>\n\n\n\n<ul><li><strong>Requerir l\u2019empresa classificada en nov\u00e8 lloc perqu\u00e8 presenti la documentaci\u00f3 per a la seva adjudicaci\u00f3.<\/strong><\/li><\/ul>\n\n\n\n<p>Despr\u00e9s de la ren\u00fancia de les vuit primeres empreses classificades en la licitaci\u00f3 de les obres de la primera fase, es requereix a l&#8217;empresa classificada en nov\u00e8 lloc que presenti la documentaci\u00f3 per a adjudicar-li les obres.<\/p>\n\n\n\n<ul><li><strong>Aprovaci\u00f3 inicial del projecte de millora d\u2019infraestructures del barri de la Riba del nucli de La Bisbal.<\/strong><\/li><\/ul>\n\n\n\n<p>S&#8217;aprova inicialment el projecte executiu de millora de les infraestructures del barri de la Riba, redactat per l&#8217;empresa Engicon Serveis SL. Aquest projecte estar\u00e0 sotm\u00e8s a informaci\u00f3 p\u00fablica durant 30 dies. Una vegada aprovat definitivament, es licitar\u00e0 l&#8217;obra perqu\u00e8 comenci el 2023.<\/p>\n\n\n\n<p>Les obres inclouen el canvi de la xarxa d&#8217;aigua potable, soterrar la instal\u00b7laci\u00f3 d&#8217;enllumenat p\u00fablic i les xarxes de telecomunicacions i instal\u00b7lar enllumenat p\u00fablic que compleixi el nou Reglament d&#8217;efici\u00e8ncia energ\u00e8tica en instal\u00b7lacions d&#8217;enllumenat exterior i la llei d&#8217;ordenaci\u00f3 ambiental de l&#8217;enllumenat per la protecci\u00f3 del medi nocturn.<\/p>\n\n\n\n<ul><li><strong>Pr\u00f2rroga del contracte del servei de comunicaci\u00f3 i dinamitzaci\u00f3 de les xarxes socials<\/strong><\/li><\/ul>\n\n\n\n<p>L&#8217;1 de mar\u00e7 de 2018 va entrar en vigor el contracte del servei de comunicaci\u00f3 i de dinamitzaci\u00f3 de les xarxes socials adjudicat a S\u00f2nia Ferrer. La durada del contracte era de 4 anys m\u00e9s la possibilitat de pr\u00f2rroga. La Junta ha aprovat la pr\u00f2rroga d&#8217;aquest contracte per un any m\u00e9s, de l&#8217;1 de mar\u00e7 de 2022 al 28 de febrer de 2023, per un import de 25.845,60\u20ac (IVA incl\u00f2s).<\/p>\n\n\n\n<p>Les sessions de la Junta de Govern Local no s\u00f3n p\u00fabliques, per\u00f2 quan actua amb compet\u00e8ncies delegades del Ple, la sessi\u00f3 se sotmet als mateixos requisits de publicitat que les sessions del ple, que s\u00f3n p\u00fabliques. Aix\u00ed ho va declarar la STS 161\/2013, de 26 de setembre.<\/p>\n\n\n\n<p>Tenint en compte les mesures vigents fins al 20 de gener per prevenir contagis per la Covid, la Junta del dilluns 17 de gener s\u2019ha celebrat a porta tancada amb l\u2019assist\u00e8ncia de l\u2019equip de govern. Els regidors de l\u2019oposici\u00f3 van rebre la informaci\u00f3 sobre aquestes propostes a la seva b\u00fastia de correu electr\u00f2nic i han estat convidats a assistir-hi. Aquests punts s\u2019han gravat i s\u2019ha publicat el v\u00eddeo a Youtube per garantir la publicitat d\u2019aquestes aprovacions.<\/p>\n\n\n\n<hr class=\"wp-block-separator\"\/>\n\n\n\n<p>La Junta de Gobierno del lunes 17 de diciembre inclu\u00eda -y aprob\u00f3- cuatro propuestas con competencia del Pleno delegadas a la Junta de Gobierno:<\/p>\n\n\n\n<ul><li><strong>Notificaci\u00f3n a la s\u00e9ptima empresa clasificada en las obras de la fase 1 del polideportivo municipal para que pueda alegar en el expediente iniciado de penalizaci\u00f3n, si corresponde.<\/strong><\/li><\/ul>\n\n\n\n<p>La Junta de Gobierno del 27 de diciembre aprob\u00f3 la retirada de la oferta de la empresa clasificada en s\u00e9ptima posici\u00f3n para ejecutar las obras de remodelaci\u00f3n del pabell\u00f3n polideportivo y la construcci\u00f3n del edificio anexo destinado a vestidores (fases 1.1. y 1.2). Se ha iniciado el expediente con relaci\u00f3n a la imposici\u00f3n de penalidades por la retirada de la oferta de esta empresa, si es el caso.<\/p>\n\n\n\n<ul><li><strong>Requerir a la empresa clasificada en noveno lugar para que presente la documentaci\u00f3n para su adjudicaci\u00f3n.<\/strong><\/li><\/ul>\n\n\n\n<p>Despu\u00e9s de la renuncia de las ocho primeras empresas clasificadas en la licitaci\u00f3n de las obras de la primera fase, se requiere a la empresa clasificada en noveno lugar que presente la documentaci\u00f3n para adjudicarle las obras.<\/p>\n\n\n\n<ul><li><strong>Aprobaci\u00f3n inicial del proyecto de mejora de infraestructuras del barrio de la Riba del n\u00facleo de la Bisbal.<\/strong><\/li><\/ul>\n\n\n\n<p>Se aprueba inicialmente el proyecto ejecutivo de mejora de las infraestructuras del barrio de la Riba, redactado por la empresa Engicon Serveis SL. Este proyecto estar\u00e1 sometido a informaci\u00f3n p\u00fablica durante 30 d\u00edas. Una vez aprobado definitivamente, se licitar\u00e1 la obra para que empiece en el 2023.<\/p>\n\n\n\n<p>Las obras incluyen el cambio de la red de agua potable, soterrar la instalaci\u00f3n de alumbrado p\u00fablico y las redes de telecomunicaciones e instalar alumbrado p\u00fablico que cumpla con el nuevo Reglamento de eficiencia energ\u00e9tica en instalaciones de alumbrado exterior y la ley de ordenaci\u00f3n ambiental del alumbrado para la protecci\u00f3n del medio nocturno.<\/p>\n\n\n\n<ul><li><strong>Pr\u00f3rroga del contrato del servicio de comunicaci\u00f3n y dinamizaci\u00f3n de las redes sociales.<\/strong><\/li><\/ul>\n\n\n\n<p>El 1 de marzo de 2018 entr\u00f3 en vigor el contrato del servicio de comunicaci\u00f3n y de dinamizaci\u00f3n de las redes sociales adjudicado a S\u00f2nia Ferrer. La duraci\u00f3n del contrato era de 4 a\u00f1os m\u00e1s la posibilidad de pr\u00f3rroga. La Junta ha aprobado la pr\u00f3rroga de este contrato por un a\u00f1o m\u00e1s, del 1 de marzo de 2022 al 28 de febrero de 2023, por un importe de 25.845,60\u20ac (IVA incluido).<\/p>\n\n\n\n<p>Las sesiones de la Junta de Gobierno no son p\u00fablicas, pero cuando act\u00faa con competencias delegadas del Pleno, la sesi\u00f3n se somete a los mismos requisitos de publicidad que las sesiones del pleno, que son p\u00fablicas. As\u00ed lo declar\u00f3 la STS 161\/2013, del 26 de septiembre.<\/p>\n\n\n\n<p>Teniendo en cuenta las medidas vigentes hasta el 20 de enero para prevenir contagios por la Covid, la Junta del lunes 17 de enero se ha celebrado a puerta cerrada con la asistencia del equipo de gobierno. Los concejales de la oposici\u00f3n recibieron la informaci\u00f3n sobre estas propuestas en su buz\u00f3n de correo electr\u00f3nico y han sido invitados a asistir a la misma. Tambi\u00e9n se han grabado estos puntos y se ha publicado el v\u00eddeo en Youtube para garantizar su publicidad.<\/p>\n","protected":false},"excerpt":{"rendered":"<p>La Junta de Govern del dilluns 17 de desembre inclo\u00efa -i va aprovar- quatre propostes amb compet\u00e8ncia del Ple delegada a la Junta de Govern: Notificaci\u00f3 a la setena empresa &hellip; <a href=\"https:\/\/bisbalpenedes.com\/web\/2022\/01\/19\/la-junta-de-govern-del-dilluns-17-de-desembre-ha-aprovat-quatre-propostes-amb-competencia-delegada-del-ple\/\" class=\"more-link\">Read More<\/a><\/p>\n","protected":false},"author":4,"featured_media":20666,"comment_status":"closed","ping_status":"closed","sticky":false,"template":"","format":"standard","meta":[],"categories":[3085,8],"tags":[3115,686,393,483,5027],"_links":{"self":[{"href":"https:\/\/bisbalpenedes.com\/web\/wp-json\/wp\/v2\/posts\/20665"}],"collection":[{"href":"https:\/\/bisbalpenedes.com\/web\/wp-json\/wp\/v2\/posts"}],"about":[{"href":"https:\/\/bisbalpenedes.com\/web\/wp-json\/wp\/v2\/types\/post"}],"author":[{"embeddable":true,"href":"https:\/\/bisbalpenedes.com\/web\/wp-json\/wp\/v2\/users\/4"}],"replies":[{"embeddable":true,"href":"https:\/\/bisbalpenedes.com\/web\/wp-json\/wp\/v2\/comments?post=20665"}],"version-history":[{"count":1,"href":"https:\/\/bisbalpenedes.com\/web\/wp-json\/wp\/v2\/posts\/20665\/revisions"}],"predecessor-version":[{"id":20667,"href":"https:\/\/bisbalpenedes.com\/web\/wp-json\/wp\/v2\/posts\/20665\/revisions\/20667"}],"wp:featuredmedia":[{"embeddable":true,"href":"https:\/\/bisbalpenedes.com\/web\/wp-json\/wp\/v2\/media\/20666"}],"wp:attachment":[{"href":"https:\/\/bisbalpenedes.com\/web\/wp-json\/wp\/v2\/media?parent=20665"}],"wp:term":[{"taxonomy":"category","embeddable":true,"href":"https:\/\/bisbalpenedes.com\/web\/wp-json\/wp\/v2\/categories?post=20665"},{"taxonomy":"post_tag","embeddable":true,"href":"https:\/\/bisbalpenedes.com\/web\/wp-json\/wp\/v2\/tags?post=20665"}],"curies":[{"name":"wp","href":"https:\/\/api.w.org\/{rel}","templated":true}]}}