{"id":20643,"date":"2022-01-18T08:00:00","date_gmt":"2022-01-18T06:00:00","guid":{"rendered":"https:\/\/bisbalpenedes.com\/web\/?p=20643"},"modified":"2022-01-17T19:46:07","modified_gmt":"2022-01-17T17:46:07","slug":"lalcaldessa-i-les-dues-tinentes-dalcaldia-shan-reunit-amb-lempresa-redactora-del-projecte-de-la-fassina","status":"publish","type":"post","link":"https:\/\/bisbalpenedes.com\/web\/2022\/01\/18\/lalcaldessa-i-les-dues-tinentes-dalcaldia-shan-reunit-amb-lempresa-redactora-del-projecte-de-la-fassina\/","title":{"rendered":"L&#8217;alcaldessa i les dues tinentes d&#8217;alcaldia s&#8217;han reunit amb l&#8217;empresa redactora del projecte de la fassina"},"content":{"rendered":"\n<p>El dimecres 12 de gener, l&#8217;alcaldessa de La Bisbal del Pened\u00e8s, Agn\u00e8s Ferr\u00e9; la regidora de Cultura i primera tinenta d&#8217;alcaldia, Judith Vidal; i la regidora de Via p\u00fablica i segona tinenta d&#8217;alcaldia, Leo Uceda; es van reunir amb els arquitectes de l&#8217;empresa EDDAB Arquitectura SLP, per explicar-los els requeriments que han de tenir en compte a l&#8217;hora de tirar endavant el primer esb\u00f3s del projecte de construcci\u00f3 de magatzems per a la brigada municipal i de la rehabilitaci\u00f3 de la torre de <em>la fassina<\/em>.<\/p>\n\n\n\n<p>Cal recordar que el passat 27 de novembre la Junta de Govern local va adjudicar definitivament la redacci\u00f3 del projecte de construcci\u00f3 de magatzems per a la brigada municipal -i altres espais de <em>la fassina<\/em>, i de la rehabilitaci\u00f3 de la torre de <em>la fassina<\/em> a l&#8217;empresa EDDAB Arquitectura SLP. L&#8217;adjudicaci\u00f3 definitiva s&#8217;ha fet per un import de 15.000\u20ac i un termini d&#8217;un mes per a la redacci\u00f3 del projecte. Durant els propers dies se signar\u00e0 el contracte i s&#8217;iniciar\u00e0 la redacci\u00f3 del projecte.<\/p>\n\n\n\n<hr class=\"wp-block-separator\"\/>\n\n\n\n<p><strong>CASTELLANO |<\/strong> El mi\u00e9rcoles 12 de enero, la alcaldesa de La Bisbal del Pened\u00e8s, Agn\u00e8s Ferr\u00e9; la concejala de Cultura y primera teniente de alcaldesa, Judith Vidal; y la concejala de V\u00eda p\u00fablica y segunda teniente de alcaldesa, Leo Uceda; se reunieron con los arquitectos de la empresa EDDAB Arquitectura SLP, para explicarles los requerimientos que deben tener en cuenta a la hora de llevar a cabo el primer esbozo del proyecto de construcci\u00f3n de almacenes para la brigada municipal y de la rehabilitaci\u00f3n de la torre de <em>la fassina.<\/em><\/p>\n\n\n\n<p>Cabe recordar que el pasado 27 de noviembre la Junta de Gobierno local adjudic\u00f3 definitivamente la redacci\u00f3n del proyecto de construcci\u00f3n de almacenes para la brigada municipal -y otros espacios de <em>la fassina<\/em>, y de la rehabilitaci\u00f3n de la torre de <em>la fassina<\/em> a la empresa EDDAB Arquitectura SLP. La adjudicaci\u00f3n definitiva se ha hecho por un importe de 15.000\u20ac y un plazo de un mes para la redacci\u00f3n del proyecto. Durante los pr\u00f3ximos d\u00edas se firmar\u00e1 el contrato y se iniciar\u00e1 la redacci\u00f3n del proyecto.<\/p>\n","protected":false},"excerpt":{"rendered":"<p>El dimecres 12 de gener, l&#8217;alcaldessa de La Bisbal del Pened\u00e8s, Agn\u00e8s Ferr\u00e9; la regidora de Cultura i primera tinenta d&#8217;alcaldia, Judith Vidal; i la regidora de Via p\u00fablica i &hellip; <a href=\"https:\/\/bisbalpenedes.com\/web\/2022\/01\/18\/lalcaldessa-i-les-dues-tinentes-dalcaldia-shan-reunit-amb-lempresa-redactora-del-projecte-de-la-fassina\/\" class=\"more-link\">Read More<\/a><\/p>\n","protected":false},"author":4,"featured_media":20644,"comment_status":"closed","ping_status":"closed","sticky":false,"template":"","format":"standard","meta":[],"categories":[2057,8,15],"tags":[378,2462,5023,4302,725,393,3504,2961,5024,484,1517,2445,5022],"_links":{"self":[{"href":"https:\/\/bisbalpenedes.com\/web\/wp-json\/wp\/v2\/posts\/20643"}],"collection":[{"href":"https:\/\/bisbalpenedes.com\/web\/wp-json\/wp\/v2\/posts"}],"about":[{"href":"https:\/\/bisbalpenedes.com\/web\/wp-json\/wp\/v2\/types\/post"}],"author":[{"embeddable":true,"href":"https:\/\/bisbalpenedes.com\/web\/wp-json\/wp\/v2\/users\/4"}],"replies":[{"embeddable":true,"href":"https:\/\/bisbalpenedes.com\/web\/wp-json\/wp\/v2\/comments?post=20643"}],"version-history":[{"count":1,"href":"https:\/\/bisbalpenedes.com\/web\/wp-json\/wp\/v2\/posts\/20643\/revisions"}],"predecessor-version":[{"id":20645,"href":"https:\/\/bisbalpenedes.com\/web\/wp-json\/wp\/v2\/posts\/20643\/revisions\/20645"}],"wp:featuredmedia":[{"embeddable":true,"href":"https:\/\/bisbalpenedes.com\/web\/wp-json\/wp\/v2\/media\/20644"}],"wp:attachment":[{"href":"https:\/\/bisbalpenedes.com\/web\/wp-json\/wp\/v2\/media?parent=20643"}],"wp:term":[{"taxonomy":"category","embeddable":true,"href":"https:\/\/bisbalpenedes.com\/web\/wp-json\/wp\/v2\/categories?post=20643"},{"taxonomy":"post_tag","embeddable":true,"href":"https:\/\/bisbalpenedes.com\/web\/wp-json\/wp\/v2\/tags?post=20643"}],"curies":[{"name":"wp","href":"https:\/\/api.w.org\/{rel}","templated":true}]}}