{"id":20632,"date":"2022-01-17T16:00:00","date_gmt":"2022-01-17T14:00:00","guid":{"rendered":"https:\/\/bisbalpenedes.com\/web\/?p=20632"},"modified":"2022-01-17T14:45:05","modified_gmt":"2022-01-17T12:45:05","slug":"lajuntament-ha-sollicitat-una-subvencio-per-finalitzar-les-franges-forestals-de-proteccio-de-can-gordei-i-lesplai","status":"publish","type":"post","link":"https:\/\/bisbalpenedes.com\/web\/2022\/01\/17\/lajuntament-ha-sollicitat-una-subvencio-per-finalitzar-les-franges-forestals-de-proteccio-de-can-gordei-i-lesplai\/","title":{"rendered":"L&#8217;Ajuntament ha sol\u00b7licitat una subvenci\u00f3 per finalitzar les franges forestals de protecci\u00f3 de Can Gordei i l&#8217;Esplai"},"content":{"rendered":"\n<p>L&#8217;Ajuntament de La Bisbal del Pened\u00e8s ha sol\u00b7licitat una subvenci\u00f3 de 13.000\u20ac a la Generalitat de Catalunya per al tractament de la vegetaci\u00f3 en urbanitzacions i nuclis de poblaci\u00f3 afectats per la <em>Llei 5\/2003, de 22 d\u2019abril, de mesures de prevenci\u00f3 dels incendis forestals a les urbanitzacions sense continu\u00eftat immediata amb la trama urbana<\/em>, corresponents a 2022. Aquesta subvenci\u00f3 es vol emprar per finalitzar els seg\u00fcents treballs:<\/p>\n\n\n\n<ul><li>La part que queda per fer d&#8217;una franja a Can Gordei i l&#8217;Esplai, la darrera que queda d&#8217;aquesta part.<\/li><li>Franja est de Can Gordei: la zona que va paral\u00b7lela als carrers Segre i Ter, que va des de la C-51 fins als dip\u00f2sits d&#8217;aigua del primer pol\u00edgon.<\/li><li>Tota la franja del segon pol\u00edgon de Can Gordei.<\/li><li>Una petita zona que queda pendent al barranc del Quadrell (paral\u00b7lel al carrer Foix) i una franja d&#8217;entre 20 i 40 metres d&#8217;amplada que queda a l&#8217;Esplai, paral\u00b7lel al carrer Francisco de Goya i la carretera de Mas Arbon\u00e8s.<\/li><\/ul>\n\n\n\n<p>La totalitat d&#8217;aquests treballs tindr\u00e0 un cost de 34.224, 85\u20ac (IVA incl\u00f2s). Una part es pagar\u00e0 amb la subvenci\u00f3 que concedeixi la Generalitat de Catalunya i, la resta, amb la partida corresponent del pressupost l&#8217;Ajuntament de La Bisbal del Pened\u00e8s.<\/p>\n\n\n\n<hr class=\"wp-block-separator\"\/>\n\n\n\n<p><strong>CASTELLANO |<\/strong> El Ayuntamiento de La Bisbal del Pened\u00e8s ha solicitado una subvenci\u00f3n de 13.000\u20ac a la Generalitat de Catalunya para el tratamiento de la vegetaci\u00f3n en urbanizaciones y n\u00facleos de poblaci\u00f3n afectados por la Ley 5\/2003, de 22 de abril, de medidas de prevenci\u00f3n de los incendios forestales en las urbanizaciones sin continuidad inmediata con la trama urbana, correspondientes al 2022. Esta subvenci\u00f3n se quiere emplear para finalizar los siguientes trabajos:<\/p>\n\n\n\n<ul><li>La parte que queda por hacer de una franja en Can Gordei y l&#8217;Esplai, la \u00faltima que queda de esta parte.<\/li><li>Franja este de Can Gordei: la zona que va paralela a las calles Segre y Ter, que va desde la C-51 hasta los dep\u00f3sitos de agua del primer pol\u00edgono.<\/li><li>Toda la franja del segundo pol\u00edgono de Can Gordei.<\/li><li>Una peque\u00f1a zona que queda pendiente en el barranco del Quadrell (paralelo a la calle Foix) y una franja de entre 20 y 40 metros de ancho que queda en l&#8217;Esplai, paralela a la calle Francisco de Goya y la carretera de Mas Arbon\u00e8s.<\/li><\/ul>\n\n\n\n<p>La totalidad de estos trabajos tendr\u00e1 un coste de 34.224,85\u20ac (IVA incluido). Una parte se pagar\u00e1 con la subvenci\u00f3n que conceda la Generalitat de Catalunya y, el resto, con la partida correspondiente del presupuesto del Ayuntamiento de La Bisbal del Pened\u00e8s.<\/p>\n","protected":false},"excerpt":{"rendered":"<p>L&#8217;Ajuntament de La Bisbal del Pened\u00e8s ha sol\u00b7licitat una subvenci\u00f3 de 13.000\u20ac a la Generalitat de Catalunya per al tractament de la vegetaci\u00f3 en urbanitzacions i nuclis de poblaci\u00f3 afectats &hellip; <a href=\"https:\/\/bisbalpenedes.com\/web\/2022\/01\/17\/lajuntament-ha-sollicitat-una-subvencio-per-finalitzar-les-franges-forestals-de-proteccio-de-can-gordei-i-lesplai\/\" class=\"more-link\">Read More<\/a><\/p>\n","protected":false},"author":4,"featured_media":20634,"comment_status":"closed","ping_status":"closed","sticky":false,"template":"","format":"standard","meta":[],"categories":[2057,32,8,4659],"tags":[198,5020,393,99],"_links":{"self":[{"href":"https:\/\/bisbalpenedes.com\/web\/wp-json\/wp\/v2\/posts\/20632"}],"collection":[{"href":"https:\/\/bisbalpenedes.com\/web\/wp-json\/wp\/v2\/posts"}],"about":[{"href":"https:\/\/bisbalpenedes.com\/web\/wp-json\/wp\/v2\/types\/post"}],"author":[{"embeddable":true,"href":"https:\/\/bisbalpenedes.com\/web\/wp-json\/wp\/v2\/users\/4"}],"replies":[{"embeddable":true,"href":"https:\/\/bisbalpenedes.com\/web\/wp-json\/wp\/v2\/comments?post=20632"}],"version-history":[{"count":1,"href":"https:\/\/bisbalpenedes.com\/web\/wp-json\/wp\/v2\/posts\/20632\/revisions"}],"predecessor-version":[{"id":20633,"href":"https:\/\/bisbalpenedes.com\/web\/wp-json\/wp\/v2\/posts\/20632\/revisions\/20633"}],"wp:featuredmedia":[{"embeddable":true,"href":"https:\/\/bisbalpenedes.com\/web\/wp-json\/wp\/v2\/media\/20634"}],"wp:attachment":[{"href":"https:\/\/bisbalpenedes.com\/web\/wp-json\/wp\/v2\/media?parent=20632"}],"wp:term":[{"taxonomy":"category","embeddable":true,"href":"https:\/\/bisbalpenedes.com\/web\/wp-json\/wp\/v2\/categories?post=20632"},{"taxonomy":"post_tag","embeddable":true,"href":"https:\/\/bisbalpenedes.com\/web\/wp-json\/wp\/v2\/tags?post=20632"}],"curies":[{"name":"wp","href":"https:\/\/api.w.org\/{rel}","templated":true}]}}