{"id":20628,"date":"2022-01-17T13:51:27","date_gmt":"2022-01-17T11:51:27","guid":{"rendered":"https:\/\/bisbalpenedes.com\/web\/?p=20628"},"modified":"2022-10-10T13:58:36","modified_gmt":"2022-10-10T11:58:36","slug":"calendari-illuminacions-commemoratives-i-reivindicatives-de-la-facana-de-lajuntament-per-al-2022","status":"publish","type":"post","link":"https:\/\/bisbalpenedes.com\/web\/2022\/01\/17\/calendari-illuminacions-commemoratives-i-reivindicatives-de-la-facana-de-lajuntament-per-al-2022\/","title":{"rendered":"Calendari il\u00b7luminacions commemoratives i reivindicatives de la fa\u00e7ana de l\u2019Ajuntament per al 2022"},"content":{"rendered":"\n<p><strong>Calendari il\u00b7luminacions commemoratives i reivindicatives de la fa\u00e7ana de l\u2019Ajuntament per al 2022<\/strong><\/p>\n\n\n\n<p>Aquest \u00e9s el calendari de dades assenyalades en qu\u00e8 s\u2019il\u00b7luminar\u00e0 la fa\u00e7ana de l\u2019Ajuntament de La Bisbal del Pened\u00e8s, amb el color identificatiu per diversos motius i causes importants:<\/p>\n\n\n\n<p><strong>Dilluns 24 de gener: Dia&nbsp; internacional de l\u2019educaci\u00f3, color blanc<\/strong><\/p>\n\n\n\n<p>El desembre de l&#8217;any 2018, l\u2019Assemblea General de les Nacions Unides va proclamar el 24 de gener Dia Internacional de l&#8217;Educaci\u00f3 en commemoraci\u00f3 del paper que l&#8217;educaci\u00f3 exerceix en la pau i el desenvolupament, reafirmant el fet que l&#8217;educaci\u00f3 \u00e9s un dret hum\u00e0, un b\u00e9 p\u00fablic i una responsabilitat col\u00b7lectiva.<\/p>\n\n\n\n<p><strong>Divendres 4 de febrer: Dia Mundial contra el C\u00e0ncer, color rosa<\/strong><\/p>\n\n\n\n<p>Es commemora per augmentar la conscienciaci\u00f3 i per mobilitzar la societat per avan\u00e7ar en la prevenci\u00f3 i control de la malaltia.&nbsp;<\/p>\n\n\n\n<p><strong>Dilluns 28 de febrer: Dia Mundial de les malalties minorit\u00e0ries, color verd<\/strong><\/p>\n\n\n\n<p>Promogut des de l&#8217;Organitzaci\u00f3 Europea de Malalties Minorit\u00e0ries (EURORDIS), el Dia Mundial de les Malalties Minorit\u00e0ries vol donar a con\u00e8ixer les malalties <em>rares<\/em>&nbsp;i posicionar-les com una prioritat social i sanit\u00e0ria.<\/p>\n\n\n\n<p>Les malalties minorit\u00e0ries s\u00f3n greus, poc freq\u00fcents i afecten 5 de cada 10.000 persones. N&#8217;hi ha m\u00e9s de 7.000, un 80% de les quals s\u00f3n d&#8217;origen gen\u00e8tic. Generalment, impliquen diversos \u00f2rgans i afecten les capacitats f\u00edsiques, les habilitats mentals i les qualitats sensorials i de comportament de les persones afectades. Poden apar\u00e8ixer des del naixement o la infantesa, per\u00f2 n&#8217;hi ha que no es manifesten fins a l&#8217;edat adulta.<\/p>\n\n\n\n<p><strong>Dimarts 8 de mar\u00e7: Dia internacional de la Dona, color lila<\/strong><\/p>\n\n\n\n<p>Es commemora la lluita de les dones per la seva participaci\u00f3, juntament amb els homes, en l\u2019\u00e0mbit laboral, aix\u00ed com la independ\u00e8ncia econ\u00f2mica de la dona.<\/p>\n\n\n\n<p>El 1972 l\u2019Assemblea General de les Nacions Unides va declarar el 1975 Any Internacional de la Dona, i el 1977 va convidar tots els estats a declarar, conforme a les seves tradicions hist\u00f2riques i costums nacionals, un dia com a Dia Internacional pels Drets de la dona i la Pau internacional.<\/p>\n\n\n\n<p><strong>Dilluns 21 de mar\u00e7: Dia Mundial de la S\u00edndrome de Down, color blau<\/strong><\/p>\n\n\n\n<p>Aquesta \u00e9s la data designada per l&#8217;Organitzaci\u00f3 de les Nacions Unides (ONU), el desembre de 2011, perqu\u00e8 el dia 21 del m\u00e9s n\u00famero 3 simbolitza la trisomia del cromosoma 21, origin\u00e0ria de la s\u00edndrome de Down.<\/p>\n\n\n\n<p><strong>Dimarts 22 de mar\u00e7: Dia Mundial de l\u2019aigua, color blau<\/strong><\/p>\n\n\n\n<p>Va ser declarat per resoluci\u00f3 de l\u2019Assemblea General de les Nacions Unides el 22 de mar\u00e7 de l\u2019any 1993, a proposta de l\u2019Agenda 21 de la Confer\u00e8ncia de les Nacions Unides pel medi ambient i el desenvolupament de Rio de Janeiro.<\/p>\n\n\n\n<p>T\u00e9 per objecte conscienciar sobre la crisi mundial de l\u2019aigua i la necessitat de buscar mesures per preservar aquest recurs natural i fer-lo arribar a tota la poblaci\u00f3 mundial.<\/p>\n\n\n\n<p><strong>Dissabte 2 d\u2019abril: Dia mundial de conscienciaci\u00f3 de l\u2019autisme, color blau<\/strong><\/p>\n\n\n\n<p>Va ser declarat per resoluci\u00f3 de l\u2019Assemblea General de les Nacions Unides el 2007 per la conscienciaci\u00f3 social cap a les persones autistes.<\/p>\n\n\n\n<p><strong>Dijous 12 de maig: Dia mundial de la fibromi\u00e0lgia i la s\u00edndrome de fatiga cr\u00f2nica, color blau fosc<\/strong><\/p>\n\n\n\n<p>Declarat el 1992 per l\u2019Organitzaci\u00f3 Mundial de la Salut, coincidint amb el dia del naixement de la infermera Florence Nightingale, que es va passar 50 anys al llit per aquesta malaltia.<\/p>\n\n\n\n<p><strong>Diumenge 5 de juny: Dia Mundial del Medi ambient, color verd<\/strong><\/p>\n\n\n\n<p>Establert per l\u2019Assemblea General de les Nacions Unides el desembre de 1972, t\u00e9 per objecte estimular la sensibilitzaci\u00f3 mundial sobre el medi ambient.<\/p>\n\n\n\n<p><strong>Dimarts 14 de juny: Dia Mundial del donant de sang, color vermell<\/strong><\/p>\n\n\n\n<p>Declarat per l\u2019Organitzaci\u00f3 Mundial de la Salut, per sensibilitzar sobre la necessitat de donar de forma regular i d\u2019aconseguir l\u2019autosufici\u00e8ncia de cada pa\u00eds per atendre els malalts que requereixen ter\u00e0pies que nom\u00e9s poden aconseguir-se amb les donacions de sang.<\/p>\n\n\n\n<p><strong>Dimarts 28 de juny: Dia internacional de l\u2019Orgull LGTBI+, color groc<\/strong><\/p>\n\n\n\n<p>Per la toler\u00e0ncia i la igualtat de les persones lesbianes, gais, bisexuals, transsexuals, intersexuals, queer i altres orientacions sexuals o identitats de g\u00e8nere socialment marginades i oprimides.<\/p>\n\n\n\n<p>Es commemoren els aldarulls d\u2019Stonewall que van tenir lloc el 1969 a Nova York. Es considera que marquen l\u2019inici de l\u2019alliberament homosexual.<\/p>\n\n\n\n<p><strong>Dissabte 10 de setembre: Dia Mundial de la prevenci\u00f3 del su\u00efcidi, color carabassa<\/strong><\/p>\n\n\n\n<p>Promogut des de l\u2019any 2003, per l\u2019Associaci\u00f3 Internacional per la prevenci\u00f3 del su\u00efcidi, en col\u00b7laboraci\u00f3 amb l&#8217;Organitzaci\u00f3 Mundial de la Salut. L\u2019objectiu \u00e9s conscienciar mundialment que el su\u00efcidi es pot prevenir.<\/p>\n\n\n\n<p><strong>Dimecres 21 de setembre: Dia internacional de la Pau, color blanc<\/strong><\/p>\n\n\n\n<p>Declarat per l\u2019Assemblea General de les Nacions Unides el 1981. Es dedica a la pau mundial, i espec\u00edficament a l\u2019abs\u00e8ncia de guerra i viol\u00e8ncia.<\/p>\n\n\n\n<p><strong>Dilluns 10 d\u2019octubre: Dia Mundial de la Salut Mental, color taronja o verd<\/strong><\/p>\n\n\n\n<p>Impulsat per la Federaci\u00f3 Mundial per la Salut Mental, amb el suport de la Organitzaci\u00f3 Mundial de la Salut.<\/p>\n\n\n\n<p>L\u2019objectiu \u00e9s visibilitzar el trastorn mental que pateixen moltes persones i que deixi de ser un motiu de discriminaci\u00f3 social i laboral.<\/p>\n\n\n\n<p><strong>Dissabte 15 d\u2019octubre: Dia Mundial del dol perinatal i gestacional, color blanc<\/strong><\/p>\n\n\n\n<p>Dia de record i suport a les parelles que han sofert la mort del seu infant durant el per\u00edode de gestaci\u00f3 o durant els primers dies de vida de l\u2019infant.<\/p>\n\n\n\n<p><strong>Dimecres 19 d\u2019octubre: Dia internacional del C\u00e0ncer de mama, color rosa<\/strong><\/p>\n\n\n\n<p>Per conscienciar a la societat de la import\u00e0ncia de la investigaci\u00f3 i el diagn\u00f2stic preco\u00e7, perqu\u00e8 \u00e9s el tipus de tumor m\u00e9s freq\u00fcent entre les dones.<\/p>\n\n\n\n<p><strong>Dijous 20 d\u2019octubre: Dia internacional de la s\u00edndrome de Phelan-McDermid, color verd<\/strong><\/p>\n\n\n\n<p>Per donar visibilitat a aquesta malaltia minorit\u00e0ria, amb m\u00e9s de 200 casos detectats a tota Espanya.<\/p>\n\n\n\n<p>Aquesta S\u00edndrome la causa, en la majoria dels casos, la p\u00e8rdua de material gen\u00e8tic de l\u2019extrem terminal del cromosoma 22. La caracter\u00edstica comuna entre els afectats \u00e9s l\u2019abs\u00e8ncia o mutaci\u00f3 del gen SHANK3 i, l\u2019abs\u00e8ncia d\u2019aquest gen, suposa que els afectats pateixen un retard en el desenvolupament de nombroses \u00e0rees, especialment en la capacitat de la parla. Aquesta mutaci\u00f3, generalment, \u00e9s espont\u00e0nia, \u00e9s a dir, no \u00e9s heretada.<\/p>\n\n\n\n<p><strong>Diumenge 20 de novembre: Dia mundial de la inf\u00e0ncia, color blau<\/strong><\/p>\n\n\n\n<p>Dia dedicat a tots els nens i nenes del m\u00f3n.<\/p>\n\n\n\n<p>Dia de celebraci\u00f3 per a tots els aven\u00e7os aconseguits i tamb\u00e9 un dia de reivindicaci\u00f3 sobre la situaci\u00f3 dels infants m\u00e9s desfavorits.<\/p>\n\n\n\n<p><strong>Divendres 25 de novembre: Dia internacional per a l\u2019eliminaci\u00f3 de la viol\u00e8ncia contra la dona, color lila<\/strong><\/p>\n\n\n\n<p>Declarat el 1999 per l\u2019Assemblea General de les Nacions Unides.<\/p>\n\n\n\n<p>Es commemora per denunciar la viol\u00e8ncia contra les dones a tot el m\u00f3n i reclamar pol\u00edtiques a tots els pa\u00efsos per la seva erradicaci\u00f3. S\u2019inici\u00e0 el 1981 pel moviment feminista llatinoameric\u00e0, per commemorar la data en qu\u00e8 foren assassinades tres germanes a la Rep\u00fablica Dominicana.<\/p>\n\n\n\n<hr class=\"wp-block-separator has-css-opacity\"\/>\n\n\n\n<p><strong>CASTELLANO<\/strong> |&nbsp;Este es el calendario de las fechas se\u00f1aladas en las que se iluminar\u00e1 la fachada del Ayuntamiento de La Bisbal del Pened\u00e8s, con el color identificativo por varios motivos y causas importantes:<\/p>\n\n\n\n<p><strong>Lunes 24 de enero: D\u00eda internacional de la educaci\u00f3n, color blanco<\/strong><\/p>\n\n\n\n<p>En diciembre del a\u00f1o 2018, la Asamblea General de las Naciones Unidas proclam\u00f3 el 24 de enero D\u00eda Internacional de la Educaci\u00f3n en conmemoraci\u00f3n del papel que la educaci\u00f3n ejerce en la paz y el desarrollo, reafirmando el hecho que la educaci\u00f3n es un derecho humano, un bien p\u00fablico y una responsabilidad colectiva.<\/p>\n\n\n\n<p><strong>Viernes 4 de febrero: D\u00eda Mundial contra el C\u00e1ncer, color rosa<\/strong><\/p>\n\n\n\n<p>Se conmemora para aumentar la concienciaci\u00f3n y para movilizar a la sociedad para avanzar en la prevenci\u00f3n y control de la enfermedad.<\/p>\n\n\n\n<p><strong>Lunes 28 de febrero: D\u00eda mundial de las enfermedades minoritarias, color verde<\/strong><\/p>\n\n\n\n<p>Promovido por la Organizaci\u00f3n Europea de Enfermedades Minoritarias (EURORDIS), el D\u00eda Mundial de las Enfermedades Minoritarias quiere dar a conocer las enfermedades raras y posicionarlas como una prioridad social y sanitaria.<\/p>\n\n\n\n<p>Las enfermedades minoritarias son graves, poco frecuentes y afectan a 5 de cada 10.000 personas. Hay m\u00e1s de 7.000, un 80% de las cuales son de origen gen\u00e9tico. Generalmente, implican a varios \u00f3rganos y afectan las capacidades f\u00edsicas, las habilidades mentales y las cualidades sensoriales y de comportamiento de las personas afectadas. Pueden aparecer desde el nacimiento o la infancia, pero hay algunas que no se manifiestan hasta la edad adulta.<\/p>\n\n\n\n<p><strong>Martes 8 de marzo: D\u00eda internacional de la Mujer, color lila<\/strong><\/p>\n\n\n\n<p>Se conmemora la lucha de las mujeres para su participaci\u00f3n, junto con los hombres, en el \u00e1mbito laboral, as\u00ed como la independencia econ\u00f3mica de la mujer.<\/p>\n\n\n\n<p>En el 1972 la Asamblea General de las Naciones Unidas declar\u00f3 el 1975 A\u00f1o Internacional de la Mujer, y en el 1977 invit\u00f3 a todos los estados a declarar, de conformidad a sus tradiciones hist\u00f3ricas y costumbres nacionales, un d\u00eda como D\u00eda por los derechos de la mujer y la Paz internacional.<\/p>\n\n\n\n<p><strong>Lunes 21 de marzo: D\u00eda Mundial del S\u00edndrome de Down, color azul<\/strong><\/p>\n\n\n\n<p>Esta es la fecha designada por la Organizaci\u00f3n de las Naciones Unidas (ONU), en diciembre del 2011, porque el d\u00eda 21 del mes n\u00famero 3 simboliza la trisomia del cromosoma 21, originaria del s\u00edndrome de Down.<\/p>\n\n\n\n<p><strong>Martes 22 de marzo: D\u00eda Mundial del agua, color azul<\/strong><\/p>\n\n\n\n<p>Fue declarado por resoluci\u00f3n de la Asamblea General de las Naciones Unidas el 22 de marzo del a\u00f1o 1993, a propuesta de la Agenda 21 de la Conferencia de las Naciones Unidas por el medio ambiente y el desarrollo de R\u00edo de Janeiro.<\/p>\n\n\n\n<p>Tiene por objeto concienciar sobra la crisis mundial del agua y la necesidad de buscar medidas para preservar este recurso natural y hac\u00e9rselo llegar a toda la poblaci\u00f3n.<\/p>\n\n\n\n<p><strong>S\u00e1bado 2 de abril: D\u00eda mundial de la concienciaci\u00f3n del autismo, color azul<\/strong><\/p>\n\n\n\n<p>Fue declarado por resoluci\u00f3n de la Asamblea General de las Naciones Unidas en el 2007 para la concienciaci\u00f3n social hacia las personas autistas.<\/p>\n\n\n\n<p><strong>Jueves 12 de mayo: D\u00eda mundial de la fibromialgia y el s\u00edndrome de fatiga cr\u00f3nica, color azul oscuro<\/strong><\/p>\n\n\n\n<p>Declarado en el 1992 por la Organizaci\u00f3n Mundial de la Salud, coincidiendo con el d\u00eda del nacimiento de la enfermera Florence Nightingale, que se pas\u00f3 50 a\u00f1os en la cama por esta enfermedad.<\/p>\n\n\n\n<p><strong>Domingo 5 de junio: D\u00eda Mundial del Medio Ambiente, color verde<\/strong><\/p>\n\n\n\n<p>Establecido por la Asamblea General de las Naciones Unidas en diciembre del 1972, tiene por objeto estimular la sensibilizaci\u00f3n mundial sobre el medio ambiente.<\/p>\n\n\n\n<p><strong>Martes 14 de junio: D\u00eda mundial del donante de sangre, color rojo<\/strong><\/p>\n\n\n\n<p>Declarado por la Organizaci\u00f3n Mundial de la Salud, para sensibilizar sobre la necesidad de donar de forma regular y conseguir la autosuficiencia de cada pa\u00eds para atender a los enfermos que requieran terapias que solamente se puedan conseguir con las donaciones de sangre.<\/p>\n\n\n\n<p><strong>Martes 28 de junio: D\u00eda internacional del Orgullo LGTBI+, color amarillo<\/strong><\/p>\n\n\n\n<p>Por la tolerancia y la igualdad de las personas lesbianas, gais, bisexuales, transexuales, intersexuales, queer y otras orientaciones o identidades de g\u00e9nero socialmente marginadas u oprimidas.<\/p>\n\n\n\n<p>Se conmemoran los altercados de Stonewall, acontecidos en 1969 en Nueva York. Se considera que marcan el inicio de la liberaci\u00f3n homosexual.<\/p>\n\n\n\n<p><strong>S\u00e1bado 10 de septiembre: D\u00eda Mundial de la prevenci\u00f3n del suicidio, color naranja<\/strong><\/p>\n\n\n\n<p>Promovido desde el a\u00f1o 2003, por la Asociaci\u00f3n Internacional de la prevenci\u00f3n del suicidio, en colaboraci\u00f3n con la Organizaci\u00f3n Mundial de la Salud. El objetivo es concienciar a nivel mundial de que el suicidio se puede prevenir.<\/p>\n\n\n\n<p><strong>Mi\u00e9rcoles 21 de septiembre: D\u00eda internacional de la Paz, color blanco<\/strong><\/p>\n\n\n\n<p>Declarado por la Asamblea General de las Naciones Unidas en el 1981. Se dedica a la paz mundial y, espec\u00edficamente, a la ausencia de guerra y violencia.<\/p>\n\n\n\n<p><strong>Lunes 10 de octubre: D\u00eda Mundial de la Salud Mental, color naranja o verde<\/strong><\/p>\n\n\n\n<p>Impulsado por la Federaci\u00f3n Mundial por la Salud Mental, con el apoyo de la Organizaci\u00f3n Mundial de la Salud.<\/p>\n\n\n\n<p>El objetivo es visibilizar el trastorno o la enfermedad mental que sufren muchas personas y que deje de ser motivo de discriminaci\u00f3n social y laboral.<\/p>\n\n\n\n<p><strong>S\u00e1bado 15 de octubre: D\u00eda Mundial del duelo perinatal y gestacional, color blanco<\/strong><\/p>\n\n\n\n<p>D\u00eda de recuerdo y apoyo a aquellas parejas que han sufrido la muerte de su beb\u00e9 durante el periodo de gestaci\u00f3n o durante los primeros d\u00edas de vida del beb\u00e9.<\/p>\n\n\n\n<p><strong>Mi\u00e9rcoles 19 de octubre: D\u00eda internacional del C\u00e1ncer de mama, color rosa<\/strong><\/p>\n\n\n\n<p>Para concienciar a la sociedad de la importancia de la investigaci\u00f3n y el diagn\u00f3stico precoz, porque es el tipo de tumor m\u00e1s frecuente entre las mujeres.<\/p>\n\n\n\n<p><strong>Jueves 20 de octubre: D\u00eda internacional del s\u00edndrome de Phelan-McDermid, color verde<\/strong><\/p>\n\n\n\n<p>Para dar visibilidad a esta enfermedad minoritaria, con m\u00e1s de 200 casos detectados en toda Espa\u00f1a.<\/p>\n\n\n\n<p>Este S\u00edndrome la causa, en la mayor\u00eda de los casos, la p\u00e9rdida de material gen\u00e9tico del extremo terminal del cromosoma 22. La caracter\u00edstica com\u00fan entre los afectados es la ausencia o mutaci\u00f3n del gen SHANK3 y, la ausencia de este gen, supone que los afectados sufran un retraso en el desarrollo de numerosas \u00e1reas, especialmente en la capacidad de hablar. Esta mutaci\u00f3n, generalmente, es espont\u00e1nea, es decir, no es heredada.<\/p>\n\n\n\n<p><strong>Domingo 20 de noviembre: D\u00eda mundial de la infancia, color azul<\/strong><\/p>\n\n\n\n<p>D\u00eda dedicado a todos los ni\u00f1os y ni\u00f1as del mundo.<\/p>\n\n\n\n<p>D\u00eda de celebraci\u00f3n por todos los adelantos conseguidos y tambi\u00e9n un d\u00eda de reivindicaci\u00f3n sobre la situaci\u00f3n de los ni\u00f1os m\u00e1s desfavorecidos.<\/p>\n\n\n\n<p><strong>Viernes 25 de noviembre: D\u00eda internacional para la eliminaci\u00f3n de la violencia contra la mujer, color lila<\/strong><\/p>\n\n\n\n<p>Declarado el 1999 por la Asamblea General de las Naciones Unidas.<\/p>\n\n\n\n<p>Se conmemora para denunciar la violencia contra las mujeres en todo el mundo y reclamar pol\u00edticas en todos los pa\u00edses para su erradicaci\u00f3n. Se inici\u00f3 en el 1981 por el movimiento feminista latinoamericano, para conmemorar la fecha en la que fueron asesinadas tres hermanas en la Rep\u00fablica Dominicana.<\/p>\n","protected":false},"excerpt":{"rendered":"<p>Calendari il\u00b7luminacions commemoratives i reivindicatives de la fa\u00e7ana de l\u2019Ajuntament per al 2022 Aquest \u00e9s el calendari de dades assenyalades en qu\u00e8 s\u2019il\u00b7luminar\u00e0 la fa\u00e7ana de l\u2019Ajuntament de La Bisbal &hellip; <a href=\"https:\/\/bisbalpenedes.com\/web\/2022\/01\/17\/calendari-illuminacions-commemoratives-i-reivindicatives-de-la-facana-de-lajuntament-per-al-2022\/\" class=\"more-link\">Read More<\/a><\/p>\n","protected":false},"author":4,"featured_media":17206,"comment_status":"closed","ping_status":"closed","sticky":false,"template":"","format":"standard","meta":[],"categories":[2402],"tags":[216,459,5019,4782,4928],"_links":{"self":[{"href":"https:\/\/bisbalpenedes.com\/web\/wp-json\/wp\/v2\/posts\/20628"}],"collection":[{"href":"https:\/\/bisbalpenedes.com\/web\/wp-json\/wp\/v2\/posts"}],"about":[{"href":"https:\/\/bisbalpenedes.com\/web\/wp-json\/wp\/v2\/types\/post"}],"author":[{"embeddable":true,"href":"https:\/\/bisbalpenedes.com\/web\/wp-json\/wp\/v2\/users\/4"}],"replies":[{"embeddable":true,"href":"https:\/\/bisbalpenedes.com\/web\/wp-json\/wp\/v2\/comments?post=20628"}],"version-history":[{"count":2,"href":"https:\/\/bisbalpenedes.com\/web\/wp-json\/wp\/v2\/posts\/20628\/revisions"}],"predecessor-version":[{"id":23533,"href":"https:\/\/bisbalpenedes.com\/web\/wp-json\/wp\/v2\/posts\/20628\/revisions\/23533"}],"wp:featuredmedia":[{"embeddable":true,"href":"https:\/\/bisbalpenedes.com\/web\/wp-json\/wp\/v2\/media\/17206"}],"wp:attachment":[{"href":"https:\/\/bisbalpenedes.com\/web\/wp-json\/wp\/v2\/media?parent=20628"}],"wp:term":[{"taxonomy":"category","embeddable":true,"href":"https:\/\/bisbalpenedes.com\/web\/wp-json\/wp\/v2\/categories?post=20628"},{"taxonomy":"post_tag","embeddable":true,"href":"https:\/\/bisbalpenedes.com\/web\/wp-json\/wp\/v2\/tags?post=20628"}],"curies":[{"name":"wp","href":"https:\/\/api.w.org\/{rel}","templated":true}]}}