{"id":20622,"date":"2022-01-17T10:47:37","date_gmt":"2022-01-17T08:47:37","guid":{"rendered":"https:\/\/bisbalpenedes.com\/web\/?p=20622"},"modified":"2022-01-17T10:47:37","modified_gmt":"2022-01-17T08:47:37","slug":"30-persones-aconsegueixen-un-contracte-laboral-gracies-a-les-accions-del-som-bisbal-i-la-cooperativa-actua-durant-el-2021","status":"publish","type":"post","link":"https:\/\/bisbalpenedes.com\/web\/2022\/01\/17\/30-persones-aconsegueixen-un-contracte-laboral-gracies-a-les-accions-del-som-bisbal-i-la-cooperativa-actua-durant-el-2021\/","title":{"rendered":"30 persones aconsegueixen un contracte laboral gr\u00e0cies a les accions del SOM Bisbal i la Cooperativa Actua durant el 2021"},"content":{"rendered":"\n<p>El Servei d&#8217;Ocupaci\u00f3 Municipal (SOM Bisbal) de l&#8217;Ajuntament de la Bisbal del Pened\u00e8s i la Cooperativa ACTUA han at\u00e8s i han fet el seguiment de 57 persones en atur o situaci\u00f3 de vulnerabilitat a l&#8217;hora de buscar feina durant l&#8217;any 2021. D&#8217;aquestes, 35 s&#8217;han format en compet\u00e8ncies digitals, 18 en &#8220;Coaching laboral i log\u00edstica&#8221; i 3 en &#8220;Elaboraci\u00f3 de producte fresc&#8221; gr\u00e0cies a les subvencions del programa Incorpora de La Caixa. A m\u00e9s, de les persones que han rebut la formaci\u00f3, 30 han aconseguit un contracte laboral.<\/p>\n\n\n\n<p>El SOM Bisbal i la Cooperativa Actua han treballat de forma conjunta entre els mesos de maig i desembre del 2021 amb l&#8217;objectiu de formar persones amb les compet\u00e8ncies necess\u00e0ries per ocupar diversos llocs de treball. Concretament, s&#8217;han format en els seg\u00fcents \u00e0mbits:<\/p>\n\n\n\n<ul><li><strong>Compet\u00e8ncies digitals:<\/strong> 35 usuaris s&#8217;han format en Compet\u00e8ncies digitals a trav\u00e9s del taller &#8220;Trabajando en digital&#8221; que, entre altres, els ha servit per perdre la por a fer formacions en l\u00ednia. A m\u00e9s, totes les persones que han participat en aquests tallers han tingut l&#8217;oportunitat de continuar en un itinerari d&#8217;orientaci\u00f3 laboral a trav\u00e9s del programa Incorpora, al qual s&#8217;han adherit 33 usuaris.<\/li><\/ul>\n\n\n\n<ul><li><strong>Elaboraci\u00f3 de producte fresc:<\/strong> 3 usuaris han dut a terme una formaci\u00f3 de 250 hores amb pr\u00e0ctiques a l&#8217;empresa, una formaci\u00f3 que inclo\u00efa el m\u00f2dul &#8220;Trabajando en digital&#8221;. Aquestes 3 persones continuen vinculades al programa Incorpora per donar suport a la seva inserci\u00f3 laboral.<\/li><\/ul>\n\n\n\n<ul><li><strong>Coaching laboral i log\u00edstica:<\/strong> 18 usuaris han dut a terme aquesta formaci\u00f3 de 250 hores que tamb\u00e9 ha comptat amb pr\u00e0ctiques a l&#8217;empresa i que, com la formaci\u00f3 anterior, inclo\u00efa el m\u00f2dul &#8220;Trabajando en digital&#8221;. Les 18 persones que han fet aquesta formaci\u00f3 continuen vinculades al programa Incorpora per al suport de la seva inserci\u00f3 laboral.<\/li><\/ul>\n\n\n\n<p>En l&#8217;actualitat, trenta dels usuaris que han rebut alguna d&#8217;aquestes formacions compten amb un contracte laboral.<\/p>\n\n\n\n<p>L&#8217;alcaldessa de la Bisbal del Pened\u00e8s i responsable de l&#8217;\u00e0rea d&#8217;Ocupaci\u00f3, Agn\u00e8s Ferr\u00e9, ha explicat que &#8220;\u00e9s una molt bona not\u00edcia que, gr\u00e0cies a aquesta feina conjunta h\u00e0gim aconseguit que trenta persones estiguin treballant en l&#8217;actualitat. Pensem que la millor manera d&#8217;ajudar a les persones en situaci\u00f3 d&#8217;atur o de vulnerabilitat a l&#8217;hora de trobar feina \u00e9s formar-les i ajudar-les a obtenir les compet\u00e8ncies concretes que es requereixen en llocs de treballs que s&#8217;estan demandant en l&#8217;actualitat. Alhora, \u00e9s molt important motivar aquestes persones i encoratjar-les perqu\u00e8 guanyin autoestima i, a poc a poc, vagin aconseguint ser autosuficients i millorar la seva situaci\u00f3 personal i familiar&#8221;. Ferr\u00e9 ha afegit que &#8220;la nostra intenci\u00f3 \u00e9s seguir treballant per formar m\u00e9s persones amb compet\u00e8ncies que s&#8217;estiguin demandant per aconseguir un \u00edndex, el m\u00e9s alt possible, d&#8217;insercions laborals&#8221;.<\/p>\n\n\n\n<p>Les formacions s&#8217;han organitzat des del SOM Bisbal i la Cooperativa Actua i han comptat amb l&#8217;ajuda econ\u00f2mica del programa Incorpora (Fundaci\u00f3 La Caixa) per subvencionar les formacions, que s&#8217;han ofert de forma gratu\u00efta als usuaris.<\/p>\n\n\n\n<hr class=\"wp-block-separator\"\/>\n\n\n\n<p><strong>CASTELLANO |<\/strong> El Servicio de Ocupaci\u00f3n Municipal (SOM Bisbal) del Ayuntamiento de la Bisbal del Pened\u00e8s y la Cooperativa ACTUA han atendido y han hecho el seguimiento de 57 personas en paro o situaci\u00f3n de vulnerabilidad a la hora de buscar trabajo durante el a\u00f1o 2021. De estas, 35 se han formado en competencias digitales, 18 en &#8220;Coaching laboral y log\u00edstica&#8221; y 3 en &#8220;Elaboraci\u00f3n de producto fresco&#8221; gracias a las subvenciones del programa Incorpora de La Caixa. Adem\u00e1s, de las personas que han recibido la formaci\u00f3n, 30 han conseguido un contrato laboral.<\/p>\n\n\n\n<p>El SOM Bisbal y la Cooperativa Act\u00faa han trabajado de manera conjunta entre los meses de mayo y diciembre de 2021 con el objetivo de formar personas con las competencias necesarias para ocupar varios puestos de trabajo. Concretamente, se han formado en los siguientes \u00e1mbitos:<\/p>\n\n\n\n<ul><li><strong>Competencias digitales:<\/strong> 35 usuarios se han formado en Competencias digitales a trav\u00e9s del taller &#8220;Trabajando en digital&#8221; que, entre otras cosas, les ha servido para perder el miedo a hacer formaciones en l\u00ednea. Adem\u00e1s, todas las personas que han participado en estos talleres han tenido la oportunidad de continuar en un itinerario de orientaci\u00f3n laboral a trav\u00e9s del programa Incorpora, al cual se han adherido 33 usuarios.<\/li><\/ul>\n\n\n\n<ul><li><strong>Elaboraci\u00f3n de producto fresco:<\/strong> 3 usuarios han llevado a cabo una formaci\u00f3n de 250 horas con pr\u00e1cticas en la empresa, una formaci\u00f3n que inclu\u00eda el m\u00f3dulo &#8220;Trabajando en digital&#8221;. Estas 3 personas siguen vinculadas al programa Incorpora para dar apoyo a su inserci\u00f3n laboral.<\/li><\/ul>\n\n\n\n<ul><li><strong>Coaching laboral y log\u00edstica:<\/strong> 18 usuarios han llevado a cabo esta formaci\u00f3n de 250 horas que tambi\u00e9n ha contado con pr\u00e1cticas a la empresa y que, como la formaci\u00f3n anterior, inclu\u00eda el m\u00f3dulo &#8220;Trabajando en digital&#8221;. Las 18 personas que han hecho esta formaci\u00f3n contin\u00faan vinculadas al programa Incorpora para el apoyo de su inserci\u00f3n laboral.<\/li><\/ul>\n\n\n\n<p>En la actualidad, treinta de los usuarios que han recibido alguna de estas formaciones cuentan con un contrato laboral.<\/p>\n\n\n\n<p>La alcaldesa de la Bisbal del Pened\u00e8s y responsable del \u00e1rea de Ocupaci\u00f3n, Agn\u00e8s Ferr\u00e9, ha explicado que &#8220;es una muy buena noticia que, gracias a este trabajo conjunto hayamos conseguido que treinta personas est\u00e9n trabajando en la actualidad. Pensamos que la mejor manera de ayudar a las personas en situaci\u00f3n de paro o de vulnerabilidad a la hora de encontrar trabajo es formarlas y ayudarlas a obtener las competencias concretes que se requieren en lugares de trabajo que se est\u00e1n demandando en la actualidad. A la vez, es muy importante motivar a estas personas y alentarlos para que ganen autoestima y, poco a poco, vayan consiguiendo ser autosuficientes y mejorar su situaci\u00f3n personal y familiar&#8221;. Ferr\u00e9 ha a\u00f1adido que &#8220;nuestra intenci\u00f3n es seguir trabajando para formar a m\u00e1s personas con competencias que se est\u00e9n demandando para conseguir un \u00edndice, lo m\u00e1s alto posible, de inserciones laborales&#8221;.<\/p>\n\n\n\n<p>Las formaciones se han organizado des del SOM Bisbal y la Cooperativa Actua y han contado con la ayuda econ\u00f3mica del programa Incorpora (Fundaci\u00f3n La Caixa) para subvencionar las formaciones, que se han ofrecido de forma gratuita a los usuarios.<\/p>\n","protected":false},"excerpt":{"rendered":"<p>El Servei d&#8217;Ocupaci\u00f3 Municipal (SOM Bisbal) de l&#8217;Ajuntament de la Bisbal del Pened\u00e8s i la Cooperativa ACTUA han at\u00e8s i han fet el seguiment de 57 persones en atur o &hellip; <a href=\"https:\/\/bisbalpenedes.com\/web\/2022\/01\/17\/30-persones-aconsegueixen-un-contracte-laboral-gracies-a-les-accions-del-som-bisbal-i-la-cooperativa-actua-durant-el-2021\/\" class=\"more-link\">Read More<\/a><\/p>\n","protected":false},"author":4,"featured_media":19909,"comment_status":"closed","ping_status":"closed","sticky":false,"template":"","format":"standard","meta":[],"categories":[8,9],"tags":[459,5017,5015,5013,5016,5014,393,1374,271],"_links":{"self":[{"href":"https:\/\/bisbalpenedes.com\/web\/wp-json\/wp\/v2\/posts\/20622"}],"collection":[{"href":"https:\/\/bisbalpenedes.com\/web\/wp-json\/wp\/v2\/posts"}],"about":[{"href":"https:\/\/bisbalpenedes.com\/web\/wp-json\/wp\/v2\/types\/post"}],"author":[{"embeddable":true,"href":"https:\/\/bisbalpenedes.com\/web\/wp-json\/wp\/v2\/users\/4"}],"replies":[{"embeddable":true,"href":"https:\/\/bisbalpenedes.com\/web\/wp-json\/wp\/v2\/comments?post=20622"}],"version-history":[{"count":1,"href":"https:\/\/bisbalpenedes.com\/web\/wp-json\/wp\/v2\/posts\/20622\/revisions"}],"predecessor-version":[{"id":20623,"href":"https:\/\/bisbalpenedes.com\/web\/wp-json\/wp\/v2\/posts\/20622\/revisions\/20623"}],"wp:featuredmedia":[{"embeddable":true,"href":"https:\/\/bisbalpenedes.com\/web\/wp-json\/wp\/v2\/media\/19909"}],"wp:attachment":[{"href":"https:\/\/bisbalpenedes.com\/web\/wp-json\/wp\/v2\/media?parent=20622"}],"wp:term":[{"taxonomy":"category","embeddable":true,"href":"https:\/\/bisbalpenedes.com\/web\/wp-json\/wp\/v2\/categories?post=20622"},{"taxonomy":"post_tag","embeddable":true,"href":"https:\/\/bisbalpenedes.com\/web\/wp-json\/wp\/v2\/tags?post=20622"}],"curies":[{"name":"wp","href":"https:\/\/api.w.org\/{rel}","templated":true}]}}