{"id":20618,"date":"2022-01-17T08:18:47","date_gmt":"2022-01-17T06:18:47","guid":{"rendered":"https:\/\/bisbalpenedes.com\/web\/?p=20618"},"modified":"2022-01-17T08:20:31","modified_gmt":"2022-01-17T06:20:31","slug":"la-junta-de-govern-davui-dilluns-17-de-gener-inclou-una-quarta-proposta-amb-competencies-delegades-del-ple","status":"publish","type":"post","link":"https:\/\/bisbalpenedes.com\/web\/2022\/01\/17\/la-junta-de-govern-davui-dilluns-17-de-gener-inclou-una-quarta-proposta-amb-competencies-delegades-del-ple\/","title":{"rendered":"La Junta de Govern d&#8217;avui dilluns 17 de gener inclou una quarta proposta amb compet\u00e8ncies delegades del Ple"},"content":{"rendered":"\n<p>La Junta de Govern d&#8217;avui dilluns 17 de gener inclou una nova proposta amb compet\u00e8ncies delegades del Ple. Aquesta proposta s&#8217;afegeix a <a href=\"https:\/\/bisbalpenedes.com\/web\/2022\/01\/14\/la-junta-de-govern-del-proper-dilluns-17-de-gener-inclou-2-propostes-amb-competencies-delegades-del-ple\/\">les dues que vam publicar el divendres<\/a> i <a href=\"https:\/\/bisbalpenedes.com\/web\/2022\/01\/15\/la-junta-de-govern-del-proper-dilluns-17-de-gener-inclou-una-altra-proposta-amb-competencies-delegades-del-ple\/\">a una tercera que vam publicar dissabte<\/a>. Es tracta de la seg\u00fcent:<\/p>\n\n\n\n<ul><li>Pr\u00f2rroga del contracte del servei de comunicaci\u00f3 i dinamitzaci\u00f3 de les xarxes socials<\/li><\/ul>\n\n\n\n<p>Les sessions de la Junta de Govern Local no s\u00f3n p\u00fabliques, per\u00f2 quan actua amb compet\u00e8ncies delegades del Ple, la sessi\u00f3 se sotmet als mateixos requisits de publicitat que les sessions del ple, que s\u00f3n p\u00fabliques. Aix\u00ed ho va declarar la STS 161\/2013, de 26 de setembre.<\/p>\n\n\n\n<p>Tenint en compte les mesures vigents fins al 20 de gener per prevenir contagis per la Covid, la Junta del dilluns 17 de gener es far\u00e0 a porta tancada amb l\u2019assist\u00e8ncia de l\u2019equip de govern. Els regidors de l\u2019oposici\u00f3 han rebut la informaci\u00f3 sobre aquesta proposta a la seva b\u00fastia de correu electr\u00f2nic i estan convidats a assistir-hi. Tamb\u00e9 es gravaran aquests punts i es publicar\u00e0 el v\u00eddeo a Youtube per garantir la seva publicitat.<\/p>\n\n\n\n<hr class=\"wp-block-separator\"\/>\n\n\n\n<p><strong>CASTELLANO |<\/strong>\u00a0La Junta de Gobierno de hoy lunes 17 de enero incluye una nueva propuesta con competencias delegadas del Pleno. Esta propuesta se a\u00f1ade <a href=\"https:\/\/bisbalpenedes.com\/web\/2022\/01\/14\/la-junta-de-govern-del-proper-dilluns-17-de-gener-inclou-2-propostes-amb-competencies-delegades-del-ple\/\" target=\"_blank\" rel=\"noreferrer noopener\">a las dos que publicamos el viernes<\/a> y a <a href=\"https:\/\/bisbalpenedes.com\/web\/2022\/01\/15\/la-junta-de-govern-del-proper-dilluns-17-de-gener-inclou-una-altra-proposta-amb-competencies-delegades-del-ple\/\" target=\"_blank\" rel=\"noreferrer noopener\">una tercera que publicamos el s\u00e1bado<\/a>. Se trata de la siguiente:<\/p>\n\n\n\n<ul><li>Pr\u00f3rroga del contrato del servicio de comunicaci\u00f3n y dinamizaci\u00f3n de las redes sociales.<\/li><\/ul>\n\n\n\n<p>Las sesiones de la Junta de Gobierno no son p\u00fablicas, pero cuando act\u00faa con competencias delegadas del Pleno, la sesi\u00f3n se somete a los mismos requisitos de publicidad que las sesiones del pleno, que son p\u00fablicas. As\u00ed lo declar\u00f3 la STS 161\/2013, del 26 de septiembre.<\/p>\n\n\n\n<p>Teniendo en cuenta las medidas vigentes hasta el 20 de enero para prevenir contagios por la Covid, la Junta del lunes 17 de enero se har\u00e1 a puerta cerrada con la asistencia del equipo de gobierno. Los concejales de la oposici\u00f3n han recibido la informaci\u00f3n sobre estas propuestas en su buz\u00f3n de correo electr\u00f3nico y est\u00e1n invitados a asistir a la misma. Tambi\u00e9n se grabar\u00e1n estos puntos y se publicar\u00e1 el v\u00eddeo en Youtube para garantizar su publicidad.<\/p>\n","protected":false},"excerpt":{"rendered":"<p>La Junta de Govern d&#8217;avui dilluns 17 de gener inclou una nova proposta amb compet\u00e8ncies delegades del Ple. Aquesta proposta s&#8217;afegeix a les dues que vam publicar el divendres i &hellip; <a href=\"https:\/\/bisbalpenedes.com\/web\/2022\/01\/17\/la-junta-de-govern-davui-dilluns-17-de-gener-inclou-una-quarta-proposta-amb-competencies-delegades-del-ple\/\" class=\"more-link\">Read More<\/a><\/p>\n","protected":false},"author":4,"featured_media":20605,"comment_status":"closed","ping_status":"closed","sticky":false,"template":"","format":"standard","meta":[],"categories":[3085,8,2250],"tags":[686,139,828],"_links":{"self":[{"href":"https:\/\/bisbalpenedes.com\/web\/wp-json\/wp\/v2\/posts\/20618"}],"collection":[{"href":"https:\/\/bisbalpenedes.com\/web\/wp-json\/wp\/v2\/posts"}],"about":[{"href":"https:\/\/bisbalpenedes.com\/web\/wp-json\/wp\/v2\/types\/post"}],"author":[{"embeddable":true,"href":"https:\/\/bisbalpenedes.com\/web\/wp-json\/wp\/v2\/users\/4"}],"replies":[{"embeddable":true,"href":"https:\/\/bisbalpenedes.com\/web\/wp-json\/wp\/v2\/comments?post=20618"}],"version-history":[{"count":2,"href":"https:\/\/bisbalpenedes.com\/web\/wp-json\/wp\/v2\/posts\/20618\/revisions"}],"predecessor-version":[{"id":20620,"href":"https:\/\/bisbalpenedes.com\/web\/wp-json\/wp\/v2\/posts\/20618\/revisions\/20620"}],"wp:featuredmedia":[{"embeddable":true,"href":"https:\/\/bisbalpenedes.com\/web\/wp-json\/wp\/v2\/media\/20605"}],"wp:attachment":[{"href":"https:\/\/bisbalpenedes.com\/web\/wp-json\/wp\/v2\/media?parent=20618"}],"wp:term":[{"taxonomy":"category","embeddable":true,"href":"https:\/\/bisbalpenedes.com\/web\/wp-json\/wp\/v2\/categories?post=20618"},{"taxonomy":"post_tag","embeddable":true,"href":"https:\/\/bisbalpenedes.com\/web\/wp-json\/wp\/v2\/tags?post=20618"}],"curies":[{"name":"wp","href":"https:\/\/api.w.org\/{rel}","templated":true}]}}