{"id":20616,"date":"2022-01-15T12:28:04","date_gmt":"2022-01-15T10:28:04","guid":{"rendered":"https:\/\/bisbalpenedes.com\/web\/?p=20616"},"modified":"2022-01-15T12:28:04","modified_gmt":"2022-01-15T10:28:04","slug":"la-junta-de-govern-del-proper-dilluns-17-de-gener-inclou-una-altra-proposta-amb-competencies-delegades-del-ple","status":"publish","type":"post","link":"https:\/\/bisbalpenedes.com\/web\/2022\/01\/15\/la-junta-de-govern-del-proper-dilluns-17-de-gener-inclou-una-altra-proposta-amb-competencies-delegades-del-ple\/","title":{"rendered":"La Junta de Govern del proper dilluns 17 de gener inclou una altra proposta amb compet\u00e8ncies delegades del Ple"},"content":{"rendered":"\n<p>La Junta de Govern del proper dilluns 17 de gener inclou una altra proposta amb compet\u00e8ncies delegades del Ple. Aquesta proposta s\u2019afegeix a <a href=\"https:\/\/bisbalpenedes.com\/web\/2022\/01\/14\/la-junta-de-govern-del-proper-dilluns-17-de-gener-inclou-2-propostes-amb-competencies-delegades-del-ple\/\">les dues que vam publicar ahir divendres<\/a>. Es tracta de la seg\u00fcent:<\/p>\n\n\n\n<ul><li>Aprovaci\u00f3 inicial del projecte de millora d\u2019infraestructures del barri de la Riba del nucli de La Bisbal<\/li><\/ul>\n\n\n\n<p>Les sessions de la Junta de Govern Local no s\u00f3n p\u00fabliques, per\u00f2 quan actua amb compet\u00e8ncies delegades del Ple, la sessi\u00f3 se sotmet als mateixos requisits de publicitat que les sessions del ple, que s\u00f3n p\u00fabliques. Aix\u00ed ho va declarar la STS 161\/2013, de 26 de setembre.<\/p>\n\n\n\n<p>Tenint en compte les mesures vigents fins al 20 de gener per prevenir contagis per la Covid, la Junta del dilluns 17 de gener es far\u00e0 a porta tancada amb l\u2019assist\u00e8ncia de l\u2019equip de govern. Els regidors de l\u2019oposici\u00f3 han rebut la informaci\u00f3 sobre aquesta proposta a la seva b\u00fastia de correu electr\u00f2nic i estan convidats a assistir-hi. Tamb\u00e9 es gravaran aquests punts i es publicar\u00e0 el v\u00eddeo a Youtube per garantir la seva publicitat.<\/p>\n\n\n\n<hr class=\"wp-block-separator\"\/>\n\n\n\n<p><strong>CASTELLANO |<\/strong>\u00a0La Junta de Gobierno del pr\u00f3ximo lunes 17 de enero incluye otra propuesta con competencias delegadas del Pleno. Esta propuesta se a\u00f1ade <a href=\"https:\/\/bisbalpenedes.com\/web\/2022\/01\/14\/la-junta-de-govern-del-proper-dilluns-17-de-gener-inclou-2-propostes-amb-competencies-delegades-del-ple\/\">a las dos que publicamos ayer viernes<\/a>. Se trata de la siguiente:<\/p>\n\n\n\n<ul><li>Aprobaci\u00f3n inicial del proyecto de mejora de infraestructuras del barrio de la Riba del n\u00facleo de La Bisbal<\/li><\/ul>\n\n\n\n<p>Las sesiones de la Junta de Gobierno no son p\u00fablicas, pero cuando act\u00faa con competencias delegadas del Pleno, la sesi\u00f3n se somete a los mismos requisitos de publicidad que las sesiones del pleno, que son p\u00fablicas. As\u00ed lo declar\u00f3 la STS 161\/2013, del 26 de septiembre.<\/p>\n\n\n\n<p>Teniendo en cuenta las medidas vigentes hasta el 20 de enero para prevenir contagios por la Covid, la Junta del lunes 17 de enero se har\u00e1 a puerta cerrada con la asistencia del equipo de gobierno. Los concejales de la oposici\u00f3n han recibido la informaci\u00f3n sobre estas propuestas en su buz\u00f3n de correo electr\u00f3nico y est\u00e1n invitados a asistir a la misma. Tambi\u00e9n se grabar\u00e1n estos puntos y se publicar\u00e1 el v\u00eddeo en Youtube para garantizar su publicidad.<\/p>\n","protected":false},"excerpt":{"rendered":"<p>La Junta de Govern del proper dilluns 17 de gener inclou una altra proposta amb compet\u00e8ncies delegades del Ple. Aquesta proposta s\u2019afegeix a les dues que vam publicar ahir divendres. &hellip; <a href=\"https:\/\/bisbalpenedes.com\/web\/2022\/01\/15\/la-junta-de-govern-del-proper-dilluns-17-de-gener-inclou-una-altra-proposta-amb-competencies-delegades-del-ple\/\" class=\"more-link\">Read More<\/a><\/p>\n","protected":false},"author":4,"featured_media":20276,"comment_status":"closed","ping_status":"closed","sticky":false,"template":"","format":"standard","meta":[],"categories":[3085,8,2250],"tags":[3115,3985,4175,4427,686,393,1337],"_links":{"self":[{"href":"https:\/\/bisbalpenedes.com\/web\/wp-json\/wp\/v2\/posts\/20616"}],"collection":[{"href":"https:\/\/bisbalpenedes.com\/web\/wp-json\/wp\/v2\/posts"}],"about":[{"href":"https:\/\/bisbalpenedes.com\/web\/wp-json\/wp\/v2\/types\/post"}],"author":[{"embeddable":true,"href":"https:\/\/bisbalpenedes.com\/web\/wp-json\/wp\/v2\/users\/4"}],"replies":[{"embeddable":true,"href":"https:\/\/bisbalpenedes.com\/web\/wp-json\/wp\/v2\/comments?post=20616"}],"version-history":[{"count":1,"href":"https:\/\/bisbalpenedes.com\/web\/wp-json\/wp\/v2\/posts\/20616\/revisions"}],"predecessor-version":[{"id":20617,"href":"https:\/\/bisbalpenedes.com\/web\/wp-json\/wp\/v2\/posts\/20616\/revisions\/20617"}],"wp:featuredmedia":[{"embeddable":true,"href":"https:\/\/bisbalpenedes.com\/web\/wp-json\/wp\/v2\/media\/20276"}],"wp:attachment":[{"href":"https:\/\/bisbalpenedes.com\/web\/wp-json\/wp\/v2\/media?parent=20616"}],"wp:term":[{"taxonomy":"category","embeddable":true,"href":"https:\/\/bisbalpenedes.com\/web\/wp-json\/wp\/v2\/categories?post=20616"},{"taxonomy":"post_tag","embeddable":true,"href":"https:\/\/bisbalpenedes.com\/web\/wp-json\/wp\/v2\/tags?post=20616"}],"curies":[{"name":"wp","href":"https:\/\/api.w.org\/{rel}","templated":true}]}}