{"id":2061,"date":"2017-03-13T04:07:19","date_gmt":"2017-03-12T22:07:19","guid":{"rendered":"http:\/\/bisbalpenedes.com\/web\/?p=2061"},"modified":"2017-03-13T04:07:19","modified_gmt":"2017-03-12T22:07:19","slug":"27-cavalls-i-36-carros-han-participat-aquest-diumenge-als-tres-tombs-de-la-bisbal","status":"publish","type":"post","link":"https:\/\/bisbalpenedes.com\/web\/2017\/03\/13\/27-cavalls-i-36-carros-han-participat-aquest-diumenge-als-tres-tombs-de-la-bisbal\/","title":{"rendered":"27 cavalls i 36 carros han participat aquest diumenge als Tres Tombs de La Bisbal"},"content":{"rendered":"<p><a href=\"http:\/\/bisbalpenedes.com\/web\/wp-content\/uploads\/2017\/03\/Foto-12-3-17-22-31-29.jpg\"><img loading=\"lazy\" class=\"alignnone size-medium wp-image-2062 aligncenter\" title=\"Foto 12-3-17 22 31 29\" src=\"http:\/\/bisbalpenedes.com\/web\/wp-content\/uploads\/2017\/03\/Foto-12-3-17-22-31-29-300x198.jpg\" alt=\"\" width=\"300\" height=\"198\" srcset=\"https:\/\/bisbalpenedes.com\/web\/wp-content\/uploads\/2017\/03\/Foto-12-3-17-22-31-29-300x198.jpg 300w, https:\/\/bisbalpenedes.com\/web\/wp-content\/uploads\/2017\/03\/Foto-12-3-17-22-31-29-600x397.jpg 600w, https:\/\/bisbalpenedes.com\/web\/wp-content\/uploads\/2017\/03\/Foto-12-3-17-22-31-29-1024x678.jpg 1024w\" sizes=\"(max-width: 300px) 100vw, 300px\" \/><\/a><\/p>\n<p>L\u2019Ajuntament de La Bisbal del Pened\u00e8s ha recuperat la festa d\u2019homenatge als pagesos, al treball de la terra i al transport d\u2019una altra \u00e8poca i ho ha fet amb un cap de setmana ple d\u2019activitat. Dissabte comen\u00e7aven els actes amb la inauguraci\u00f3 d\u2019una exposici\u00f3 de fotografies en qu\u00e8 hi havia fotos de La Bisbal del Pened\u00e8s i el seu entorn, un recull d\u2019instant\u00e0nies fetes per l\u2019aficionada a la fotografia Montserrat Bermejo, i tamb\u00e9 una selecci\u00f3 d\u2019imatges dels Tres Tombs dels anys que s\u2019havien celebrat a la vila. La inauguraci\u00f3 de la mostra va comptar amb la pres\u00e8ncia de vint-i-cinc persones. Tot\u00a0 seguit es va celebrar una missa en record dels difunts de l\u2019antiga Associaci\u00f3 dels Tres Tombs de La Bisbal.<\/p>\n<p><a href=\"http:\/\/bisbalpenedes.com\/web\/wp-content\/uploads\/2017\/03\/Agnes-Ferre-Montserrat-Bermejo-i-Judith-Vidal.jpg\"><img loading=\"lazy\" class=\"alignnone size-medium wp-image-2064 aligncenter\" title=\"Agnes Ferre Montserrat Bermejo i Judith Vidal\" src=\"http:\/\/bisbalpenedes.com\/web\/wp-content\/uploads\/2017\/03\/Agnes-Ferre-Montserrat-Bermejo-i-Judith-Vidal-300x225.jpg\" alt=\"\" width=\"300\" height=\"225\" srcset=\"https:\/\/bisbalpenedes.com\/web\/wp-content\/uploads\/2017\/03\/Agnes-Ferre-Montserrat-Bermejo-i-Judith-Vidal-300x225.jpg 300w, https:\/\/bisbalpenedes.com\/web\/wp-content\/uploads\/2017\/03\/Agnes-Ferre-Montserrat-Bermejo-i-Judith-Vidal-600x450.jpg 600w, https:\/\/bisbalpenedes.com\/web\/wp-content\/uploads\/2017\/03\/Agnes-Ferre-Montserrat-Bermejo-i-Judith-Vidal-1024x768.jpg 1024w, https:\/\/bisbalpenedes.com\/web\/wp-content\/uploads\/2017\/03\/Agnes-Ferre-Montserrat-Bermejo-i-Judith-Vidal.jpg 1600w\" sizes=\"(max-width: 300px) 100vw, 300px\" \/><\/a><\/p>\n<p>Diumenge era el dia en qu\u00e8 es feien els Tres Tombs. La celebraci\u00f3 va ser tot un \u00e8xit de participaci\u00f3 i de p\u00fablic. Aix\u00ed es van servir dos-cents vint esmorzars i posteriorment, a la cercavila, es va comptar amb la participaci\u00f3 de 27 cavalls i 36 carros. El grup encarregat d\u2019obrir el pas va ser el format pels Grallers i Tabalers de La Societat de la Bisbal, l\u2019abanderada va ser la bisbalenca Gl\u00f2ria Ruiz Navarro i, entre els genets i els carros hi havia bisbalencs i bisbalenques per\u00f2 tamb\u00e9 hi va participar gent de La Gornal, Banyeres del Pened\u00e8s, Lloren\u00e7 del Pened\u00e8s, Valls, Vilanova i la Geltr\u00fa, Vilaverd o Constant\u00ed, entre altres.<\/p>\n<p><a href=\"http:\/\/bisbalpenedes.com\/web\/wp-content\/uploads\/2017\/03\/gralles-societat.jpg\"><img loading=\"lazy\" class=\"size-medium wp-image-2066 aligncenter\" title=\"gralles societat\" src=\"http:\/\/bisbalpenedes.com\/web\/wp-content\/uploads\/2017\/03\/gralles-societat-300x198.jpg\" alt=\"\" width=\"300\" height=\"198\" srcset=\"https:\/\/bisbalpenedes.com\/web\/wp-content\/uploads\/2017\/03\/gralles-societat-300x198.jpg 300w, https:\/\/bisbalpenedes.com\/web\/wp-content\/uploads\/2017\/03\/gralles-societat-600x397.jpg 600w, https:\/\/bisbalpenedes.com\/web\/wp-content\/uploads\/2017\/03\/gralles-societat-1024x678.jpg 1024w\" sizes=\"(max-width: 300px) 100vw, 300px\" \/><\/a><\/p>\n<p>La benedicci\u00f3 dels cavalls va anar a c\u00e0rrec de Mn. Vladimir i el Ball de Gitanes de La Bisbal del Pened\u00e8s va dedicar-se a la venda de tortells de Sant Antoni, fets pel Forn de les Escales i el Forn de la pla\u00e7a Aresmar. Es van esgotar.<\/p>\n<p><img loading=\"lazy\" class=\"alignnone size-medium wp-image-2065 aligncenter\" title=\"ball de gitanes\" src=\"http:\/\/bisbalpenedes.com\/web\/wp-content\/uploads\/2017\/03\/ball-de-gitanes-300x168.jpg\" alt=\"\" width=\"300\" height=\"168\" srcset=\"https:\/\/bisbalpenedes.com\/web\/wp-content\/uploads\/2017\/03\/ball-de-gitanes-300x168.jpg 300w, https:\/\/bisbalpenedes.com\/web\/wp-content\/uploads\/2017\/03\/ball-de-gitanes-600x338.jpg 600w, https:\/\/bisbalpenedes.com\/web\/wp-content\/uploads\/2017\/03\/ball-de-gitanes-1024x576.jpg 1024w\" sizes=\"(max-width: 300px) 100vw, 300px\" \/><\/p>\n<div>\n<div>\n<p>La festa tradicional de diumenge va comptar amb la pres\u00e8ncia del Director dels Serveis Territorials del Departament de Cultura de Tarragona, Jordi Agr\u00e0s, la presidenta del Consell Comarcal del Baix Pened\u00e8s, Eva M. Serrami\u00e0 i el Secretari de Presid\u00e8ncia de la Generalitat de Catalunya i alcalde d\u2019Albinyana, Quim Nin que, juntament amb els membres de l\u2019equip de govern del municipi, van entregar els records que l\u2019artesana local \u00c0ngela Saumoy havia fet per a l\u2019ocasi\u00f3.<\/p>\n<p><a href=\"http:\/\/bisbalpenedes.com\/web\/wp-content\/uploads\/2017\/03\/carruatges-la-bisbal.jpg\"><img loading=\"lazy\" class=\"size-medium wp-image-2067 aligncenter\" title=\"carruatges la bisbal\" src=\"http:\/\/bisbalpenedes.com\/web\/wp-content\/uploads\/2017\/03\/carruatges-la-bisbal-300x198.jpg\" alt=\"\" width=\"300\" height=\"198\" srcset=\"https:\/\/bisbalpenedes.com\/web\/wp-content\/uploads\/2017\/03\/carruatges-la-bisbal-300x198.jpg 300w, https:\/\/bisbalpenedes.com\/web\/wp-content\/uploads\/2017\/03\/carruatges-la-bisbal-600x397.jpg 600w, https:\/\/bisbalpenedes.com\/web\/wp-content\/uploads\/2017\/03\/carruatges-la-bisbal-1024x678.jpg 1024w\" sizes=\"(max-width: 300px) 100vw, 300px\" \/><\/a><\/p>\n<p>L\u2019exposici\u00f3 que cont\u00e9 les fotografies de Montserrat Bermejo i el recull d\u2019imatges dels Tres Tombs d\u2019altres anys es podr\u00e0 veure al Centre Municipal de Cultura (CMC) fins al divendres 17 de mar\u00e7. Es podr\u00e0 visitar entre les 16.30h i les 20.30h.<\/p>\n<\/div>\n<\/div>\n","protected":false},"excerpt":{"rendered":"<p>L\u2019Ajuntament de La Bisbal del Pened\u00e8s ha recuperat la festa d\u2019homenatge als pagesos, al treball de la terra i al transport d\u2019una altra \u00e8poca i ho ha fet amb un &hellip; <a href=\"https:\/\/bisbalpenedes.com\/web\/2017\/03\/13\/27-cavalls-i-36-carros-han-participat-aquest-diumenge-als-tres-tombs-de-la-bisbal\/\" class=\"more-link\">Read More<\/a><\/p>\n","protected":false},"author":4,"featured_media":2062,"comment_status":"closed","ping_status":"closed","sticky":false,"template":"","format":"standard","meta":[],"categories":[13],"tags":[236,225,237,238,235,228],"_links":{"self":[{"href":"https:\/\/bisbalpenedes.com\/web\/wp-json\/wp\/v2\/posts\/2061"}],"collection":[{"href":"https:\/\/bisbalpenedes.com\/web\/wp-json\/wp\/v2\/posts"}],"about":[{"href":"https:\/\/bisbalpenedes.com\/web\/wp-json\/wp\/v2\/types\/post"}],"author":[{"embeddable":true,"href":"https:\/\/bisbalpenedes.com\/web\/wp-json\/wp\/v2\/users\/4"}],"replies":[{"embeddable":true,"href":"https:\/\/bisbalpenedes.com\/web\/wp-json\/wp\/v2\/comments?post=2061"}],"version-history":[{"count":2,"href":"https:\/\/bisbalpenedes.com\/web\/wp-json\/wp\/v2\/posts\/2061\/revisions"}],"predecessor-version":[{"id":2069,"href":"https:\/\/bisbalpenedes.com\/web\/wp-json\/wp\/v2\/posts\/2061\/revisions\/2069"}],"wp:featuredmedia":[{"embeddable":true,"href":"https:\/\/bisbalpenedes.com\/web\/wp-json\/wp\/v2\/media\/2062"}],"wp:attachment":[{"href":"https:\/\/bisbalpenedes.com\/web\/wp-json\/wp\/v2\/media?parent=2061"}],"wp:term":[{"taxonomy":"category","embeddable":true,"href":"https:\/\/bisbalpenedes.com\/web\/wp-json\/wp\/v2\/categories?post=2061"},{"taxonomy":"post_tag","embeddable":true,"href":"https:\/\/bisbalpenedes.com\/web\/wp-json\/wp\/v2\/tags?post=2061"}],"curies":[{"name":"wp","href":"https:\/\/api.w.org\/{rel}","templated":true}]}}